{"id":136526,"date":"2026-01-14T01:34:31","date_gmt":"2026-01-14T01:34:31","guid":{"rendered":"https:\/\/www.europesays.com\/no\/136526\/"},"modified":"2026-01-14T01:34:31","modified_gmt":"2026-01-14T01:34:31","slug":"matapour-inngar-forlik-med-120-fornaermede","status":"publish","type":"post","link":"https:\/\/www.europesays.com\/no\/136526\/","title":{"rendered":"Matapour inng\u00e5r forlik med 120 forn\u00e6rmede"},"content":{"rendered":"\n<p class=\"_lead_o9xde_2 _lead_xtcu6_50 layout-component text-serif-m layout-normal text-serif-l layout-component layout-wide layout-padded _wide_17hqh_1 layout-padded\">De forn\u00e6rmede vil alle f\u00e5 350.000 kroner hver.<\/p>\n<p><img alt=\" Foto: Tore Kristiansen \/ VG\" class=\"_image_qp4xg_65 layout-component layout-wide\" data-fullscreen- data-track-element-type=\"Article image fullscreen\" data-track-name=\"ImageFullscreen\" fetchpriority=\"high\" decoding=\"sync\" loading=\"eager\" height=\"4000\" itemprop=\"image\"  src=\"https:\/\/www.europesays.com\/no\/wp-content\/uploads\/2026\/01\/caebd90d-6738-4c9a-9ebc-f9d28918a99f.png\"  style=\"object-position:0% 0%\" width=\"6000\"\/> Foto: Tore Kristiansen \/ VG<\/p>\n<ul aria-hidden=\"true\" class=\"_images_ntbth_112\">\n<li><a class=\"_link_ntbth_117\" href=\"https:\/\/www.vg.no\/forfatter\/bendik-hansen\" style=\"z-index:2\" title=\"Bendik Hansen\" rel=\"nofollow noopener\" target=\"_blank\"><img alt=\"Bilde av Bendik Hansen\" class=\"_image_ntbth_93\" fetchpriority=\"low\" loading=\"lazy\" decoding=\"async\" itemprop=\"image\"  src=\"https:\/\/www.europesays.com\/no\/wp-content\/uploads\/2026\/01\/1768354468_350_236bc5a3-2236-4046-b957-81f29d024aa6.jpeg\"  width=\"480\"\/><\/a><\/li>\n<li><a class=\"_link_ntbth_117\" href=\"https:\/\/www.vg.no\/forfatter\/ntb\" style=\"z-index:1\" title=\"NTB\" rel=\"nofollow noopener\" target=\"_blank\"><img alt=\"Bilde av NTB\" class=\"_image_ntbth_93\" fetchpriority=\"low\" loading=\"lazy\" decoding=\"async\" itemprop=\"image\"  src=\"https:\/\/www.europesays.com\/no\/wp-content\/uploads\/2026\/01\/1768354468_70_c33980b0-5d07-4027-84a1-813f90a7c8d6.png\"  width=\"480\"\/><\/a><\/li>\n<\/ul>\n<p> Oppdatert tirsdag 13. januar kl. 11:36     <\/p>\n<p class=\"_paragraph_o9xde_4 _paragraph_xtcu6_10 layout-component text-serif-m layout-normal text-serif-m layout-padded\">To personer ble drept og flere skadet da Matapour avfyrte skudd under Pride-uken i Oslo sentrum 25. juni 2022. Sommeren 2024 ble han d\u00f8mt til 30 \u00e5rs forvaringd\u00f8mt til 30 \u00e5rs forvaringhttps:\/\/www.vg.no\/nyheter\/i\/zA7yKw\/opplysninger-til-vg-zaniar-matapour-doemmes-til-30-aars-forvaring-for-pride-terroren-2022.<\/p>\n<p class=\"_paragraph_o9xde_4 _paragraph_xtcu6_10 layout-component text-serif-m layout-normal text-serif-m layout-padded\"><strong class=\"_strong_o9xde_25\">Det er de 120 forn\u00e6rmede som ikke fikk erstatningskravene sine behandlet i rettssaken mot Matapour som n\u00e5 har inng\u00e5tt forlik.<\/strong><\/p>\n<p class=\"_paragraph_o9xde_4 _paragraph_xtcu6_10 layout-component text-serif-m layout-normal text-serif-m layout-padded\">Det skriver NRK, som f\u00e5r dette bekreftet fra koordinerende bistandsadvokat Christian Lundin.<\/p>\n<p class=\"_paragraph_o9xde_4 _paragraph_xtcu6_10 layout-component text-serif-m layout-normal text-serif-m layout-padded\">Tirsdag m\u00f8ttes partene i et meglingsm\u00f8te i <a href=\"https:\/\/www.vg.no\/tag\/oslo-tingrett?utm_source=vg-article&amp;utm_medium=auto-tagger&amp;utm_campaign=ExpRlK\" class=\"_link_o9xde_39\" rel=\"nofollow noopener\" target=\"_blank\">Oslo tingrett<\/a>. De forn\u00e6rmede f\u00e5r samme bel\u00f8p i oppreisningserstatning som de andre i samme gruppe fikk tilkjent i dommen mot Matapour.<\/p>\n<p class=\"_paragraph_o9xde_4 _paragraph_xtcu6_10 layout-component text-serif-m layout-normal text-serif-m layout-padded\">I dommen fikk 290 personer 350.000 i oppreisning. <\/p>\n<p class=\"_paragraph_o9xde_4 _paragraph_xtcu6_10 layout-component text-serif-m layout-normal text-serif-m layout-padded\"><strong class=\"_strong_o9xde_25\">\u2013 Det er en veldig fornuftig l\u00f8sning. Det er det eneste riktige, sier Lundin til NRK.<\/strong><\/p>\n<p class=\"_paragraph_o9xde_4 _paragraph_xtcu6_10 layout-component text-serif-m layout-normal text-serif-m layout-padded\">Alternativet, sier han, er \u00e5 gjennomf\u00f8re en rettsak hvor alle disse 120 forklarer seg og legger frem dokumentasjon, og s\u00e5 videre.  <\/p>\n<p><img decoding=\"async\" alt=\"Bilde av Christian Lundin\" class=\"_image_ygndg_42\" height=\"27\" itemprop=\"image\" loading=\"lazy\"  src=\"https:\/\/www.europesays.com\/no\/wp-content\/uploads\/2026\/01\/40723f9f-fdd5-42fa-b396-8999a897ba7a.jpeg\"  width=\"40\"\/><strong class=\"_name_ygndg_51 title-serif-xs\">Christian Lundin<\/strong><\/p>\n<p class=\"_paragraph_o9xde_4 text-sans-m _description_ygndg_56\">Bistandsadvokat<\/p>\n<p class=\"_paragraph_o9xde_4 _paragraph_xtcu6_10 layout-component text-serif-m layout-normal text-serif-m layout-padded\">\u2013 N\u00e5 sk\u00e5nes de for den belastningen, og rettsapparatet sk\u00e5nes for \u00e5 legge beslag p\u00e5 ytterligere ressurser, sier advokaten.<\/p>\n<p class=\"_paragraph_o9xde_4 _paragraph_xtcu6_10 layout-component text-serif-m layout-normal text-serif-m layout-padded\">Han sier at dette er en stor lettelse for de det gjelder. <\/p>\n<p class=\"_paragraph_o9xde_4 _paragraph_xtcu6_10 layout-component text-serif-m layout-normal layout-padded\"><strong class=\"_strong_o9xde_25\">Les ogs\u00e5:<\/strong> <a href=\"https:\/\/www.vg.no\/i\/nypMyx\" data-track-element-type=\"Link\" data-track-id=\"link:nypMyx\" class=\"_link_o9xde_39\" rel=\"nofollow noopener\" target=\"_blank\">Matapour nekter \u00e5 svare p\u00e5 om Arfan Bhatti hjalp ham med angrepet<\/a><\/p>\n<p>    <img decoding=\"async\" alt=\"Tips oss illustrasjon\" src=\"https:\/\/www.europesays.com\/no\/wp-content\/uploads\/2025\/10\/pssst-small.webp.webp\"\/>    <\/p>\n<p class=\"title-serif-s\">Har du tips?<\/p>\n<p class=\"text-sans-m\">Send oss informasjon, bilder eller video.<\/p>\n<p>  <a href=\"https:\/\/www.vg.no\/tips-oss\" rel=\"nofollow noopener\" target=\"_blank\"> Tips oss <\/a>      <\/p>\n","protected":false},"excerpt":{"rendered":"De forn\u00e6rmede vil alle f\u00e5 350.000 kroner hver. Foto: Tore Kristiansen \/ VG Oppdatert tirsdag 13. januar kl.&hellip;\n","protected":false},"author":2,"featured_media":136527,"comment_status":"","ping_status":"","sticky":false,"template":"","format":"standard","meta":{"footnotes":""},"categories":[5],"tags":[20,21,24,25,15,19,22,23,17,18,13,30,28,29,14,944,16,3984,26,27],"class_list":{"0":"post-136526","1":"post","2":"type-post","3":"status-publish","4":"format-standard","5":"has-post-thumbnail","7":"category-overskrifter","8":"tag-breaking-news","9":"tag-breakingnews","10":"tag-featured-news","11":"tag-featurednews","12":"tag-headlines","13":"tag-hovedoppslag","14":"tag-latest-news","15":"tag-latestnews","16":"tag-main-news","17":"tag-mainnews","18":"tag-news","19":"tag-no","20":"tag-norge","21":"tag-norway","22":"tag-nyheter","23":"tag-oslo-tingrett","24":"tag-overskrifter","25":"tag-terrorangrepet-under-pride-festivalen","26":"tag-top-stories","27":"tag-topstories"},"share_on_mastodon":{"url":"https:\/\/pubeurope.com\/@no\/115890884691504401","error":""},"_links":{"self":[{"href":"https:\/\/www.europesays.com\/no\/wp-json\/wp\/v2\/posts\/136526","targetHints":{"allow":["GET"]}}],"collection":[{"href":"https:\/\/www.europesays.com\/no\/wp-json\/wp\/v2\/posts"}],"about":[{"href":"https:\/\/www.europesays.com\/no\/wp-json\/wp\/v2\/types\/post"}],"author":[{"embeddable":true,"href":"https:\/\/www.europesays.com\/no\/wp-json\/wp\/v2\/users\/2"}],"replies":[{"embeddable":true,"href":"https:\/\/www.europesays.com\/no\/wp-json\/wp\/v2\/comments?post=136526"}],"version-history":[{"count":0,"href":"https:\/\/www.europesays.com\/no\/wp-json\/wp\/v2\/posts\/136526\/revisions"}],"wp:featuredmedia":[{"embeddable":true,"href":"https:\/\/www.europesays.com\/no\/wp-json\/wp\/v2\/media\/136527"}],"wp:attachment":[{"href":"https:\/\/www.europesays.com\/no\/wp-json\/wp\/v2\/media?parent=136526"}],"wp:term":[{"taxonomy":"category","embeddable":true,"href":"https:\/\/www.europesays.com\/no\/wp-json\/wp\/v2\/categories?post=136526"},{"taxonomy":"post_tag","embeddable":true,"href":"https:\/\/www.europesays.com\/no\/wp-json\/wp\/v2\/tags?post=136526"}],"curies":[{"name":"wp","href":"https:\/\/api.w.org\/{rel}","templated":true}]}}