{"id":136528,"date":"2026-01-14T01:39:33","date_gmt":"2026-01-14T01:39:33","guid":{"rendered":"https:\/\/www.europesays.com\/no\/136528\/"},"modified":"2026-01-14T01:39:33","modified_gmt":"2026-01-14T01:39:33","slug":"innforer-strenge-magekrav-finansavisen","status":"publish","type":"post","link":"https:\/\/www.europesays.com\/no\/136528\/","title":{"rendered":"Innf\u00f8rer strenge magekrav | Finansavisen"},"content":{"rendered":"<p>I slutten av september tok Trump-administrasjonen <a href=\"https:\/\/www.finansavisen.no\/samfunn\/2025\/09\/30\/8296579\/uakseptabelt-med-feite-generaler\" target=\"_blank\" rel=\"nofollow noopener\">et oppgj\u00f8r<\/a> med USAs forsvarsdepartement, som de mente var blitt til \u00abwoke-departementet\u00bb, og omd\u00f8pte det til \u00abKrigsdepartementet\u00bb.\u00a0<\/p>\n<p>Dermed beviste Trump at Nena tok feil i sin anti-krigshymne \u00ab99 Luftballons\u00bb, hvor hun sang \u00abKriegsminister gibt&#8217;s nicht mehr\u00bb, for Pete Hegseth fikk den nye stillingen som \u00abUSAs krigsminister\u00bb.<\/p>\n<p>I en tale foran alle USAs generaler innf\u00f8rte den nye krigsministeren det han kalte \u00abmannlige standarder\u00bb og nye fysiske krav i det amerikanske forsvaret. I tillegg sa han at det var \u00abhelt uakseptabelt\u00bb med \u00abfeite generaler\u00bb.<\/p>\n<p class=\"\"><b>N\u00e5 har krigsdepartementet kommet med de faktiske kravene, og best\u00e5r man ikke\u00a0testene blir det konsekvenser.<\/b><\/p>\n<p><img decoding=\"async\" class=\"lazyload \" src=\"https:\/\/www.europesays.com\/no\/wp-content\/uploads\/2026\/01\/1768354773_497_pipe.jpeg\"  data- alt=\"\"\/><\/p>\n<p>M\u00c5LER MAGEN: P\u00e5 ordre fra Donald Trump og krigsminister Pete Hegseth skal omkretsen av magen til alle i USAs milit\u00e6re m\u00e5les to ganger i \u00e5ret. <strong>Foto: NTB<\/strong><\/p>\n<p class=\"subhead\" data-element-type=\"subhead\" data-element-label=\"Mellomtittel\">Midje delt p\u00e5 h\u00f8yde<\/p>\n<p class=\"\">I et <a href=\"https:\/\/media.defense.gov\/2026\/Jan\/12\/2003855613\/-1\/-1\/1\/ADDITIONAL-GUIDANCE-ON-MILITARY-FITNESS-STANDARDS.PDF\" target=\"_blank\" rel=\"nofollow noopener\">dokument<\/a> signert av visekrigsminister Anthony Tata legges det frem hvordan man n\u00e5 skal m\u00e5le om generalene har blitt for \u00abfeite\u00bb.\u00a0<\/p>\n<p class=\"\">Det gj\u00f8res ved \u00e5\u00a0m\u00e5le omkretsen av midjen til soldaten og dele det p\u00e5 h\u00f8yden (forholdstallet forkortes til WHtR). Dersom WHtR overstiger 0,55 skal soldatens fettprosent regnes ut.<\/p>\n<p class=\"\"><b>Soldatene skal m\u00e5les to ganger i \u00e5ret, if\u00f8lge dokumentet.<\/b><\/p>\n<p>Er fettprosenten h\u00f8yere enn 26 prosent for menn, eller 36 prosent for kvinner, skal personen innrulleres i milit\u00e6rtjenestens etablerte utbedringsprogram.\u00a0<\/p>\n<p><b>Dersom milit\u00e6re ikke klarer \u00e5 holde seg innenfor kravene kan det f\u00f8re til at de blir forbig\u00e5tt n\u00e5r det kommer til forfremmelser.<\/b><\/p>\n<p>Dersom de videre fortsatt ikke oppfyller standardene, eller det ikke vises \u00abtilstrekkelig fremgang\u00bb, kan man bli underlagt \u00abadministrative tiltak\u00bb, som blant annet inkluderer oppsigelse fra tjenesten, skriver departementet.\u00a0<\/p>\n<p>Samtidig kan personer som presterer godt p\u00e5 fysiske tester f\u00e5 unntak fra kravene, men \u00abkun innenfor definerte grenser som er fastsatt av den enkelte v\u00e5pengren\u00bb.<\/p>\n<p>Kravene vil tre i kraft innen 30. juni 2026.<\/p>\n","protected":false},"excerpt":{"rendered":"I slutten av september tok Trump-administrasjonen et oppgj\u00f8r med USAs forsvarsdepartement, som de mente var blitt til \u00abwoke-departementet\u00bb,&hellip;\n","protected":false},"author":2,"featured_media":136529,"comment_status":"","ping_status":"","sticky":false,"template":"","format":"standard","meta":{"footnotes":""},"categories":[12],"tags":[20,21,24,25,15,22,23,13,30,28,29,14,16,26,27,42,43,44,45],"class_list":{"0":"post-136528","1":"post","2":"type-post","3":"status-publish","4":"format-standard","5":"has-post-thumbnail","7":"category-verden","8":"tag-breaking-news","9":"tag-breakingnews","10":"tag-featured-news","11":"tag-featurednews","12":"tag-headlines","13":"tag-latest-news","14":"tag-latestnews","15":"tag-news","16":"tag-no","17":"tag-norge","18":"tag-norway","19":"tag-nyheter","20":"tag-overskrifter","21":"tag-top-stories","22":"tag-topstories","23":"tag-verden","24":"tag-world","25":"tag-world-news","26":"tag-worldnews"},"share_on_mastodon":{"url":"https:\/\/pubeurope.com\/@no\/115890904354451558","error":""},"_links":{"self":[{"href":"https:\/\/www.europesays.com\/no\/wp-json\/wp\/v2\/posts\/136528","targetHints":{"allow":["GET"]}}],"collection":[{"href":"https:\/\/www.europesays.com\/no\/wp-json\/wp\/v2\/posts"}],"about":[{"href":"https:\/\/www.europesays.com\/no\/wp-json\/wp\/v2\/types\/post"}],"author":[{"embeddable":true,"href":"https:\/\/www.europesays.com\/no\/wp-json\/wp\/v2\/users\/2"}],"replies":[{"embeddable":true,"href":"https:\/\/www.europesays.com\/no\/wp-json\/wp\/v2\/comments?post=136528"}],"version-history":[{"count":0,"href":"https:\/\/www.europesays.com\/no\/wp-json\/wp\/v2\/posts\/136528\/revisions"}],"wp:featuredmedia":[{"embeddable":true,"href":"https:\/\/www.europesays.com\/no\/wp-json\/wp\/v2\/media\/136529"}],"wp:attachment":[{"href":"https:\/\/www.europesays.com\/no\/wp-json\/wp\/v2\/media?parent=136528"}],"wp:term":[{"taxonomy":"category","embeddable":true,"href":"https:\/\/www.europesays.com\/no\/wp-json\/wp\/v2\/categories?post=136528"},{"taxonomy":"post_tag","embeddable":true,"href":"https:\/\/www.europesays.com\/no\/wp-json\/wp\/v2\/tags?post=136528"}],"curies":[{"name":"wp","href":"https:\/\/api.w.org\/{rel}","templated":true}]}}