{"id":136560,"date":"2026-01-14T02:08:31","date_gmt":"2026-01-14T02:08:31","guid":{"rendered":"https:\/\/www.europesays.com\/no\/136560\/"},"modified":"2026-01-14T02:08:31","modified_gmt":"2026-01-14T02:08:31","slug":"ingeborg-og-per-amund-kutter-studiegjelden","status":"publish","type":"post","link":"https:\/\/www.europesays.com\/no\/136560\/","title":{"rendered":"Ingeborg og Per Amund kutter studiegjelden"},"content":{"rendered":"<p><strong>Regelen gjelder for 188 kommuner, og hele 34.000 har allerede s\u00f8kt.<\/strong><\/p>\n<p>P\u00e5 R\u00f8ros har samboerparet Ingeborg Hollum Skog\u00e5s og Per Amund Feragen begge tre \u00e5rs utdanning fra NTNU i Gj\u00f8vik, og studiel\u00e5n.<\/p>\n<p>\u2013 Det g\u00e5r ut noen tusenlapper i m\u00e5neden, og vi kommer til \u00e5 bli ferdig mye tidligere p\u00e5 nedbetalingen, sier Feragen.<\/p>\n<p><img decoding=\"async\"   src=\"data:image\/gif;base64,R0lGODlhAQABAIAAAAAAAP\/\/\/yH5BAEAAAAALAAAAAABAAEAAAIBRAA7\" loading=\"eager\" alt=\"Familie rundt bordet\" title=\"Foto: Lars Os \/ NRK\"\/><\/p>\n<p class=\"\">Ingeborg Hollum Skog\u00e5s utdannet seg som operasjonssjukepleier p\u00e5 NTNI i Gj\u00f8vik og har f\u00e5tt etterutdanning betalt av St. Olavs. Arbeidsplassen hennes p\u00e5 R\u00f8ros er 200 meter fra hjemmet deres.<\/p>\n<p>Foto: Lars Os \/ NRK<\/p>\n<p>Begge to sier de ikke har noe s\u00e6rlig h\u00f8y gjeld, fordi de bare gikk tre \u00e5rs utdannelse, men ser allikevel positivt p\u00e5 at de slipper \u00e5 betale p\u00e5 gjelda om noen \u00e5r.<\/p>\n<p>\u2013 Egentlig s\u00e5 sitter vi godt i det, og det er andre ting som er viktigere for oss. Men spesielt de som har mye studiel\u00e5n og har studert lenge, s\u00e5 vil det nok gi et st\u00f8rre utslag p\u00e5 sikt, sier Skog\u00e5s.<\/p>\n<p>Ble br\u00e5k<\/p>\n<p>Mandag 5. januar ble det mulig for 55.600 personer med studiegjeld i Norge \u00e5 s\u00f8ke om \u00e5 f\u00e5 slette 25.000 kroner i \u00e5ret. Dette fordi de bor i s\u00e5kalte usentrale kommuner i Norge.<\/p>\n<p>L\u00f8sningen kom p\u00e5 plass over statsbudsjettet, men etter sterk kritikk da Arbeiderpartiet i fjor h\u00f8st ville <a href=\"https:\/\/www.nrk.no\/vestland\/gjeldslette-for-studentar-i-distrikta_-regjeringa-reduserer-ordninga-1.17612874\" ec-id=\"pp:article:1.17612874\" ec-name=\"kutte i ordningen\" rel=\"nofollow noopener\" target=\"_blank\">kutte i ordningen<\/a>.<\/p>\n<p>Det ble br\u00e5k, og Arbeiderpartiet snudde til slutt i saken.<\/p>\n<p>Hos L\u00e5nekassen har det v\u00e6rt stor p\u00e5gang. I l\u00f8pet av ei uke har om lag 34.000 s\u00f8knader kommet inn til L\u00e5nekassen.<\/p>\n<p><strong>\u2013 Vi henter inn opplysninger om s\u00f8kerens bosted og yrkesaktivitet fra offentlige registre. Men hvis vi trenger flere opplysninger, s\u00e5 m\u00e5 det sendes inn manuelt i s\u00f8knaden, skriver senior kommunikasjonsr\u00e5dgiver Gunnar Omsted til NRK.<\/strong><\/p>\n<p><img decoding=\"async\"   src=\"data:image\/gif;base64,R0lGODlhAQABAIAAAAAAAP\/\/\/yH5BAEAAAAALAAAAAABAAEAAAIBRAA7\" loading=\"eager\" alt=\"Gunnar Omsted, senior kommunikasjonsr\u00e5dgiver hos L\u00e5nekassen. Han har kort kr\u00f8llete h\u00e5r. Han har p\u00e5 seg en gr\u00e5 skjorte. Han ser mot kamera og smiler. \" title=\"Foto: L\u00e5nekassen\"\/><\/p>\n<p class=\"\">Senior kommunikasjonsr\u00e5dgiver i L\u00e5nekassen, Gunnar Omsted sier det er travelt, men at de f\u00e5r gjenno0m s\u00f8kandene p\u00e5 l\u00f8pende b\u00e5nd.<\/p>\n<p>Foto: L\u00e5nekassen<\/p>\n<p>Han sier at de fleste s\u00f8knader blir behandla maskinelt, men n\u00e5 i starten vil vi ha en del manuell saksbehandling, derfor vil det ta litt tid.<\/p>\n<p>Uansett om det tar tid \u00e5 f\u00e5 godkjent s\u00f8knaden, sier L\u00e5nekassen at slettingen gjelder fra den datoen s\u00f8keren har satt. Opptjeningsperioden er p\u00e5 365 dager, og f\u00f8lger dato og ikke kalender\u00e5r.<\/p>\n<p>Det vil si at hvis man ikke har registrert bosted i en av kommunene det gjelder sia 15. mars 2025, kan man s\u00f8ke om studiegjeldsletting fra 15. mars 2026.<\/p>\n<p>\u2013 Man m\u00e5 ogs\u00e5 s\u00f8ke hvert \u00e5r, for \u00e5 f\u00e5 sletta gjelden sin, skriver Omsted.<\/p>\n<p>Fin gest, men&#8230;<\/p>\n<p>For Feragen er tydelig p\u00e5 at studiegjeldslettinga p\u00e5 25.000 hver, ikke kommer til \u00e5 gj\u00f8re noe med deres daglige utgifter. De vil bare bli ferdig med den raskere.<\/p>\n<p><img decoding=\"async\"   src=\"data:image\/gif;base64,R0lGODlhAQABAIAAAAAAAP\/\/\/yH5BAEAAAAALAAAAAABAAEAAAIBRAA7\" loading=\"eager\" alt=\"Familie rundt bordet\" title=\"Foto: Lars Os \/ NRK\"\/><\/p>\n<p class=\"\">Per Amund Feragen vil helst se vekst i kommunen fra n\u00e6ringslivet og mener flere incentiver fra politikerne er viktig for at flere flytter hjem.<\/p>\n<p>Foto: Lars Os \/ NRK<\/p>\n<p><strong>\u2013 Og det er jo en positiv ting, for da f\u00e5r vi bruke penger p\u00e5 andre ting. Men for oss er det viktigere at vi har norgespris tilgjengelig, og at barnehageplassen til datteren v\u00e5r ble billigere.<\/strong><\/p>\n<p>De som har tegnet norgespris innenfor NO1 har if\u00f8lge str\u00f8mpriser.no spart 1380 kroner i de tre siste m\u00e5nedene i 2025.<\/p>\n<p>Feragen sier at p\u00e5 de kaldeste vinterdagene n\u00e5 etter nytt\u00e5r p\u00e5 R\u00f8ros, har de halvert spotprisen p\u00e5 str\u00f8m.<\/p>\n<p>\u2013 Og det gj\u00f8r jo noe med regninga v\u00e5r, poengterer han.<\/p>\n<p>I tillegg mener han og samboeren at makspris p\u00e5 barnehageplass betyr mer for dem, etter at datteren Mathilde p\u00e5 snart to \u00e5r ble en del av familien.<\/p>\n<p><img decoding=\"async\"   src=\"data:image\/gif;base64,R0lGODlhAQABAIAAAAAAAP\/\/\/yH5BAEAAAAALAAAAAABAAEAAAIBRAA7\" loading=\"eager\" alt=\"Familie rundt bordet\" title=\"Foto: Lars Os \/ NRK\"\/><\/p>\n<p class=\"\">Ingeborg og Mathilde (snart 2 \u00e5r) er glade for at de flytta tilbake til R\u00f8ros, men mest fordi mange andre venner ogs\u00e5 gjorde det.<\/p>\n<p>Foto: Lars Os \/ NRK<\/p>\n<p>\u2013 \u00c5 g\u00e5 fra 3000 til 1500 kroner har mye \u00e5 si for lommeboka, sier Feragen.<\/p>\n<p>Han mener pengene som brukes p\u00e5 nedbetaling av studiegjeld, kunne blitt brukt p\u00e5 andre ting.<\/p>\n<p>\u2013 \u00c5 ha attraktive arbeidsplasser er nok det viktigste for alle unge som vil tilbake til lokalsamfunnet, sier han.<\/p>\n<p>Publisert<\/p>\n<p>13.01.2026, kl. 09.41<\/p>\n","protected":false},"excerpt":{"rendered":"Regelen gjelder for 188 kommuner, og hele 34.000 har allerede s\u00f8kt. P\u00e5 R\u00f8ros har samboerparet Ingeborg Hollum Skog\u00e5s&hellip;\n","protected":false},"author":2,"featured_media":136561,"comment_status":"","ping_status":"","sticky":false,"template":"","format":"standard","meta":{"footnotes":""},"categories":[10],"tags":[20,21,24,25,15,22,23,13,30,28,29,14,16,26,27],"class_list":{"0":"post-136560","1":"post","2":"type-post","3":"status-publish","4":"format-standard","5":"has-post-thumbnail","7":"category-norge","8":"tag-breaking-news","9":"tag-breakingnews","10":"tag-featured-news","11":"tag-featurednews","12":"tag-headlines","13":"tag-latest-news","14":"tag-latestnews","15":"tag-news","16":"tag-no","17":"tag-norge","18":"tag-norway","19":"tag-nyheter","20":"tag-overskrifter","21":"tag-top-stories","22":"tag-topstories"},"share_on_mastodon":{"url":"https:\/\/pubeurope.com\/@no\/115891018368939499","error":""},"_links":{"self":[{"href":"https:\/\/www.europesays.com\/no\/wp-json\/wp\/v2\/posts\/136560","targetHints":{"allow":["GET"]}}],"collection":[{"href":"https:\/\/www.europesays.com\/no\/wp-json\/wp\/v2\/posts"}],"about":[{"href":"https:\/\/www.europesays.com\/no\/wp-json\/wp\/v2\/types\/post"}],"author":[{"embeddable":true,"href":"https:\/\/www.europesays.com\/no\/wp-json\/wp\/v2\/users\/2"}],"replies":[{"embeddable":true,"href":"https:\/\/www.europesays.com\/no\/wp-json\/wp\/v2\/comments?post=136560"}],"version-history":[{"count":0,"href":"https:\/\/www.europesays.com\/no\/wp-json\/wp\/v2\/posts\/136560\/revisions"}],"wp:featuredmedia":[{"embeddable":true,"href":"https:\/\/www.europesays.com\/no\/wp-json\/wp\/v2\/media\/136561"}],"wp:attachment":[{"href":"https:\/\/www.europesays.com\/no\/wp-json\/wp\/v2\/media?parent=136560"}],"wp:term":[{"taxonomy":"category","embeddable":true,"href":"https:\/\/www.europesays.com\/no\/wp-json\/wp\/v2\/categories?post=136560"},{"taxonomy":"post_tag","embeddable":true,"href":"https:\/\/www.europesays.com\/no\/wp-json\/wp\/v2\/tags?post=136560"}],"curies":[{"name":"wp","href":"https:\/\/api.w.org\/{rel}","templated":true}]}}