{"id":136570,"date":"2026-01-14T02:17:20","date_gmt":"2026-01-14T02:17:20","guid":{"rendered":"https:\/\/www.europesays.com\/no\/136570\/"},"modified":"2026-01-14T02:17:20","modified_gmt":"2026-01-14T02:17:20","slug":"kan-tape-53-milliarder-kroner-nrk-rogaland-lokale-nyheter-tv-og-radio","status":"publish","type":"post","link":"https:\/\/www.europesays.com\/no\/136570\/","title":{"rendered":"Kan tape 53 milliarder kroner \u2013 NRK Rogaland \u2013 Lokale nyheter, TV og radio"},"content":{"rendered":"<p>Onsdag 14. januar skal Equinor m\u00f8te i retten i USA. Det store havvindprosjektet Empire Wind st\u00e5r p\u00e5 spill.<\/p>\n<p>Det varsler Equinor hvis byggingen ikke er i gang innen 16. januar. Tapet kan bli p\u00e5 over 53 milliarder kroner.<\/p>\n<p>    Derfor er Equinor i retten<\/p>\n<ul aria-labelledby=\"1\" role=\"list\">\n<li>Hva skjer?\n<p>Equinor har bedt en domstol om en n\u00f8dbrems mot Trump-regjeringens ordre om \u00e5 stanse byggingen av vindparken Empire Wind.<\/p>\n<\/li>\n<li>Hvorfor?\n<p>Trump-regjeringen stoppet prosjektet rett f\u00f8r jul av sikkerhetshensyn. Equinor mener stoppen er ulovlig og vil f\u00f8re til at de taper 53 milliarder kroner hvis de ikke f\u00e5r starte opp igjen med en gang.<\/p>\n<\/li>\n<li>Haster det?\n<p>Ja. Equinor har leid inn gigantiske skip som m\u00e5 dra videre til andre jobber p\u00e5 fredag. F\u00e5r de ikke lov til \u00e5 starte f\u00f8r det, kan hele prosjektet kollapse.<\/p>\n<\/li>\n<li>Hva styrker Equinor sin sak?\n<p>Konkurrenten \u00d8rsted vant frem i samme rett mandag. Det betyr at domstolen allerede har sagt nei til Trump-regjeringen i en identisk sak, noe som kan gir Equinor bedre sjanser p\u00e5 onsdag.<\/p>\n<\/li>\n<\/ul>\n<p>22. desember ble Empire Wind-prosjektet og fire andre havvindprosjekter lagt p\u00e5 is i USA. Begrunnelsen var knyttet til nasjonal sikkerhet, if\u00f8lge amerikanske medier.<\/p>\n<p>\u2013 Dagens tiltak tar for seg risikoer, inkludert s\u00e5rbarhetene som skapes av storskala havvindprosjekter i n\u00e6rheten av befolkningstette omr\u00e5der langs \u00f8stkysten v\u00e5r. Trump-administrasjonen vil alltid prioritere sikkerheten til det amerikanske folk, skrev departementet.<\/p>\n<p><strong>Danske \u00d8rsted sitt prosjekt Revolution Wind ble ogs\u00e5 stanset. Mandag ga en f\u00f8deral domstol i USA gr\u00f8nt lys for at utbyggingen likevel kan fortsette.<\/strong><\/p>\n<p>Beslutningen er en s\u00e5kalt midlertidig forf\u00f8yning som betyr at \u00d8rsted kan fortsette utbyggingen frem til en endelig rettsavgj\u00f8relse.<\/p>\n<p><img decoding=\"async\"   src=\"data:image\/gif;base64,R0lGODlhAQABAIAAAAAAAP\/\/\/yH5BAEAAAAALAAAAAABAAEAAAIBRAA7\" loading=\"eager\" alt=\"en by med en vannmasse\" title=\"Foto: Equinor \/ Reuters \/ NTB\"\/><\/p>\n<p class=\"\">Slik s\u00e5 byggeplassen ut for terminalen til Empire Wind-prosjektet i New York i mai 2025. Prosjektet er n\u00e5 over 30 prosent ferdigstilt, og det er forventet at 54 vindturbiner vil st\u00e5 klare i 2027. <\/p>\n<p>Foto: Equinor \/ Reuters \/ NTB<\/p>\n<p>Tror sannsynligheten er st\u00f8rre<\/p>\n<p>Teodor Sveen-Nilsen i Sb1 Markets tror det n\u00e5 er st\u00f8rre sjanse for at ogs\u00e5 Equinor f\u00e5r gr\u00f8nt lys for en fortsettelse av utbyggingen.<\/p>\n<p><strong>\u2013 Det er positivt for Equinor at \u00d8rsted sin stoppordre har blitt l\u00f8ftet. En skulle tro det \u00f8ker sannsynligheten for at det samme vil skje med Empire Wind-prosjektet, sier han.<\/strong><\/p>\n<ul class=\"dhpg__gallery__list\">\n<li class=\"dhpg__gallery__listItem\"><img alt=\"en mann i dress og slips\"  width=\"2400\" height=\"2400\" loading=\"lazy\"\/>Teodor Sveen-Nilsen\n<ul>\n<li>Analytiker\u00a0i SB1 Markets<\/li>\n<\/ul>\n<\/li>\n<\/ul>\n<p>Analytikeren p\u00e5peker at det bare er en logisk tankerekke.<\/p>\n<p>\u2013 Men n\u00e5r en rettsinstans i USA mener \u00d8rsted skal g\u00e5 videre, s\u00e5 ville det v\u00e6rt rart om ikke noe av det samme gjaldt Empire Wind, sier han.<\/p>\n<p>Dersom det ikke skulle bli tilfelle, sier han det vil v\u00e6re veldig negativt for Equinor.<\/p>\n<p>Equinor vil ikke spekulere om det har betydning<\/p>\n<p>Konsernsjef Anders Opedal i Equinor sier de f\u00f8lger to spor:<\/p>\n<ol>\n<li>Dialog med det amerikanske havenergibyr\u00e5et der de pr\u00f8ver \u00e5 forst\u00e5 hvilke bekymringer de har.<\/li>\n<li>De mener stoppordren til Trump-administrasjonen er rettsstridig.<\/li>\n<\/ol>\n<p><strong>\u2013 N\u00e5 skal dette vurderes av en dommer, s\u00e5 det f\u00e5r v\u00e6re opp til vedkommende. Vi legger fram v\u00e5re argumenter for hvorfor vi mener dette er rettsstridig, sier Opedal til NRK. <\/strong><\/p>\n<p>\u2013 For oss er det viktig \u00e5 v\u00e6re tydelig p\u00e5 at dette ikke er rett m\u00e5te \u00e5 gj\u00f8re det p\u00e5, fortsetter han.<\/p>\n<p><img decoding=\"async\"   src=\"data:image\/gif;base64,R0lGODlhAQABAIAAAAAAAP\/\/\/yH5BAEAAAAALAAAAAABAAEAAAIBRAA7\" loading=\"eager\" alt=\"Anders Opedal, konsernsjef Equinor\" title=\"Foto: Erik Waage \/ NRK\"\/><\/p>\n<p class=\"\">Konsernsjef Anders Opedal i Equinor sier de f\u00f8lger to spor i m\u00f8tet med Trump-administrasjonen. <\/p>\n<p>Foto: Erik Waage \/ NRK<\/p>\n<p>Magnus Frantzen Eidsvold er pressetalsperson for fornybar, markedsf\u00f8ring og midtstr\u00f8m i Equinor. Han vil ikke si noe om \u00d8rsted-avgj\u00f8relsen kan ha en betydning for deres sak.<\/p>\n<p><strong>\u2013 Jeg vil ikke spekulere verken i det ene eller andre. Men v\u00e5rt h\u00e5p er jo \u00e5 f\u00e5 lov til \u00e5 ta opp aktiviteten p\u00e5 feltet, sier Eidsvold om rettsm\u00f8tet onsdag 14. januar.<\/strong><\/p>\n<p>Pressetalspersonen sier fristen p\u00e5 16. januar ikke er ensbetydende med at de skrinlegger hele prosjektet, men at det heller understreker alvoret med at de er avhengige av \u00e5 komme raskt i gang igjen.<\/p>\n<p>\u2013 N\u00e5 er det rettsm\u00f8te i morgen ogs\u00e5 f\u00e5r vi ta neste steg etter det, sier han.<\/p>\n<p><img decoding=\"async\"   src=\"data:image\/gif;base64,R0lGODlhAQABAIAAAAAAAP\/\/\/yH5BAEAAAAALAAAAAABAAEAAAIBRAA7\" loading=\"eager\" alt=\"Magnus Frantzen Eidsvold st\u00e5r smilende mot kamera med briller p\u00e5.\" title=\"Foto: Equinor\"\/><\/p>\n<p class=\"\">Magnus Frantzen Eidsvold i Equinor sier de registrerer utfallet til \u00d8rsted i g\u00e5r. <\/p>\n<p>Foto: Equinor<\/p>\n<p>Skal etter planen st\u00e5 klart neste \u00e5r<\/p>\n<p>Empire Wind-prosjektet fikk lisens i 2017. Byggingen startet etter godkjenning fra amerikanske myndigheter i 2024. Prosjektet er n\u00e5 over 60 prosent ferdigstilt.<\/p>\n<p>Prosjektet skal gi str\u00f8m til 500.000 husstander i New York gjennom offshore havvindm\u00f8ller, if\u00f8lge Equinor.<\/p>\n<p>Prosjektet er forventet ferdig i l\u00f8pet av 2027.<\/p>\n<p>Publisert<\/p>\n<p>13.01.2026, kl. 12.05<\/p>\n<p>Oppdatert<\/p>\n<p>13.01.2026, kl. 13.38<\/p>\n","protected":false},"excerpt":{"rendered":"Onsdag 14. januar skal Equinor m\u00f8te i retten i USA. Det store havvindprosjektet Empire Wind st\u00e5r p\u00e5 spill.&hellip;\n","protected":false},"author":2,"featured_media":136571,"comment_status":"","ping_status":"","sticky":false,"template":"","format":"standard","meta":{"footnotes":""},"categories":[5],"tags":[20,21,24,25,15,19,22,23,17,18,13,30,28,29,14,16,26,27],"class_list":{"0":"post-136570","1":"post","2":"type-post","3":"status-publish","4":"format-standard","5":"has-post-thumbnail","7":"category-overskrifter","8":"tag-breaking-news","9":"tag-breakingnews","10":"tag-featured-news","11":"tag-featurednews","12":"tag-headlines","13":"tag-hovedoppslag","14":"tag-latest-news","15":"tag-latestnews","16":"tag-main-news","17":"tag-mainnews","18":"tag-news","19":"tag-no","20":"tag-norge","21":"tag-norway","22":"tag-nyheter","23":"tag-overskrifter","24":"tag-top-stories","25":"tag-topstories"},"share_on_mastodon":{"url":"https:\/\/pubeurope.com\/@no\/115891053665168091","error":""},"_links":{"self":[{"href":"https:\/\/www.europesays.com\/no\/wp-json\/wp\/v2\/posts\/136570","targetHints":{"allow":["GET"]}}],"collection":[{"href":"https:\/\/www.europesays.com\/no\/wp-json\/wp\/v2\/posts"}],"about":[{"href":"https:\/\/www.europesays.com\/no\/wp-json\/wp\/v2\/types\/post"}],"author":[{"embeddable":true,"href":"https:\/\/www.europesays.com\/no\/wp-json\/wp\/v2\/users\/2"}],"replies":[{"embeddable":true,"href":"https:\/\/www.europesays.com\/no\/wp-json\/wp\/v2\/comments?post=136570"}],"version-history":[{"count":0,"href":"https:\/\/www.europesays.com\/no\/wp-json\/wp\/v2\/posts\/136570\/revisions"}],"wp:featuredmedia":[{"embeddable":true,"href":"https:\/\/www.europesays.com\/no\/wp-json\/wp\/v2\/media\/136571"}],"wp:attachment":[{"href":"https:\/\/www.europesays.com\/no\/wp-json\/wp\/v2\/media?parent=136570"}],"wp:term":[{"taxonomy":"category","embeddable":true,"href":"https:\/\/www.europesays.com\/no\/wp-json\/wp\/v2\/categories?post=136570"},{"taxonomy":"post_tag","embeddable":true,"href":"https:\/\/www.europesays.com\/no\/wp-json\/wp\/v2\/tags?post=136570"}],"curies":[{"name":"wp","href":"https:\/\/api.w.org\/{rel}","templated":true}]}}