{"id":136576,"date":"2026-01-14T02:24:25","date_gmt":"2026-01-14T02:24:25","guid":{"rendered":"https:\/\/www.europesays.com\/no\/136576\/"},"modified":"2026-01-14T02:24:25","modified_gmt":"2026-01-14T02:24:25","slug":"mann-dode-etter-fallulykke-pa-julemarkedet-i-oslo","status":"publish","type":"post","link":"https:\/\/www.europesays.com\/no\/136576\/","title":{"rendered":"Mann d\u00f8de etter fallulykke p\u00e5 julemarkedet i Oslo"},"content":{"rendered":"\n<p class=\"_lead_o9xde_2 _lead_xtcu6_50 layout-component text-serif-m layout-normal text-serif-l layout-component layout-wide layout-padded _wide_17hqh_1 layout-padded\">Forrige uke rykket n\u00f8detatene ut til en fallulykke i Oslo sentrum. N\u00e5 er mannen bekreftet omkommet. <\/p>\n<p><img alt=\"Tirsdag forrige uke meldte politiet at en person falt ned fra en h\u00f8yde under avvikling av &quot;Jul i Vinterland&quot; i Spikersuppa i Oslo.  Foto: Stian Lysberg Solum \/ NTB\" class=\"_image_qp4xg_65 layout-component layout-wide\" data-fullscreen- data-track-element-type=\"Article image fullscreen\" data-track-name=\"ImageFullscreen\" fetchpriority=\"high\" decoding=\"sync\" loading=\"eager\" height=\"5760\" itemprop=\"image\"  src=\"https:\/\/www.europesays.com\/no\/wp-content\/uploads\/2026\/01\/780f7057-dacf-476e-96bf-61e6a368a02e.png\"  style=\"object-position:0% 0%\" width=\"8640\"\/>Tirsdag forrige uke meldte politiet at en person falt ned fra en h\u00f8yde under avvikling av &laquo;Jul i Vinterland&raquo; i Spikersuppa i Oslo.  Foto: Stian Lysberg Solum \/ NTB<\/p>\n<ul aria-hidden=\"true\" class=\"_images_ntbth_112\">\n<li><a class=\"_link_ntbth_117\" href=\"https:\/\/www.vg.no\/forfatter\/ingrid-storeboe\" style=\"z-index:2\" title=\"Ingrid Storeb\u00f8\" rel=\"nofollow noopener\" target=\"_blank\"><img alt=\"Bilde av Ingrid Storeb\u00f8\" class=\"_image_ntbth_93\" fetchpriority=\"low\" loading=\"lazy\" decoding=\"async\" itemprop=\"image\"  src=\"https:\/\/www.europesays.com\/no\/wp-content\/uploads\/2026\/01\/1768357464_633_b3fc896d-536d-4041-8257-79b6b2cd3323.jpeg\"  width=\"480\"\/><\/a><\/li>\n<li><a class=\"_link_ntbth_117\" href=\"https:\/\/www.vg.no\/forfatter\/joern-e-kaalstad\" style=\"z-index:1\" title=\"J\u00f8rn E. Kaalstad\" rel=\"nofollow noopener\" target=\"_blank\"><img alt=\"Bilde av J\u00f8rn E. Kaalstad\" class=\"_image_ntbth_93\" fetchpriority=\"low\" loading=\"lazy\" decoding=\"async\" itemprop=\"image\"  src=\"https:\/\/www.europesays.com\/no\/wp-content\/uploads\/2026\/01\/1768357464_610_669373df-e8fd-4864-880f-5035f6f30b0b.jpeg\"  width=\"480\"\/><\/a><\/li>\n<\/ul>\n<p> Oppdatert mandag 12. januar kl. 18:16    <\/p>\n<ul class=\"_list_o9xde_3 _list_64s2r_85 _unordered_o9xde_106 text-sans-m\">\n<li class=\"_item_o9xde_30\">En mann i 50-\u00e5rene har omkommet etter en arbeidsulykke p\u00e5 julemarkedet i Spikersuppa, forrige uke.<\/li>\n<li class=\"_item_o9xde_30\">Politiet kartlegger hendelsesforl\u00f8pet og bekrefter at p\u00e5r\u00f8rende er varslet.<\/li>\n<li class=\"_item_o9xde_30\">Arbeidstilsynet er informert om saken.<\/li>\n<\/ul>\n<p>Vis mer <\/p>\n<p class=\"_paragraph_o9xde_4 _paragraph_xtcu6_10 layout-component text-serif-m layout-normal text-serif-m layout-padded\">En mann i 50-\u00e5rene med filippinsk statsborgerskap ble kritisk skadet i en arbeidsulykke p\u00e5 julemarkedet i Spikersuppa forrige uke.<\/p>\n<p class=\"_paragraph_o9xde_4 _paragraph_xtcu6_10 layout-component text-serif-m layout-normal text-serif-m layout-padded\">Til VG bekrefter politiadvokat Camilla Linnes at mannen er omkommet som f\u00f8lge av ulykken.<\/p>\n<p><img alt=\"Politiet etterforsker omstendighetene.  Foto: Stian Lysberg Solum \/ NTB\" class=\"_image_qp4xg_65 layout-component layout-normal\" data-fullscreen- data-track-element-type=\"Article image fullscreen\" data-track-name=\"ImageFullscreen\" decoding=\"async\" loading=\"lazy\" height=\"5603\" itemprop=\"image\"  src=\"https:\/\/www.europesays.com\/no\/wp-content\/uploads\/2026\/01\/ba21f1b8-f369-45b4-85a0-84ec6a3750cb.png\"  style=\"object-position:0% 0%\" width=\"8406\"\/>Politiet etterforsker omstendighetene.  Foto: Stian Lysberg Solum \/ NTB<\/p>\n<p class=\"_paragraph_o9xde_4 _paragraph_xtcu6_10 layout-component text-serif-m layout-normal text-serif-m layout-padded\"><strong class=\"_strong_o9xde_25\">\u2013 Politiet jobber med \u00e5 innhente informasjon for \u00e5 kartlegge hendelsesforl\u00f8pet, skriver Linnes i en e-post til VG mandag.<\/strong><\/p>\n<p class=\"_paragraph_o9xde_4 _paragraph_xtcu6_10 layout-component text-serif-m layout-normal text-serif-m layout-padded\">Forrige uke ble det tidlig meldt at pasienten var alvorlig skadet, og at det p\u00e5gikk livreddende tiltak p\u00e5 stedet. <\/p>\n<p class=\"_paragraph_o9xde_4 _paragraph_xtcu6_10 layout-component text-serif-m layout-normal text-serif-m layout-padded\">Flere personer var vitner til hendelsen, og ble avh\u00f8rt og ivaretatt p\u00e5 stedet.<\/p>\n<p class=\"_paragraph_o9xde_4 _paragraph_xtcu6_10 layout-component text-serif-m layout-normal text-serif-m layout-padded\">Mandag bekrefter politiet til VG at de p\u00e5r\u00f8rende er varslet.<\/p>\n<p><img alt=\"Innsatsleder helse Hans Kristian J\u00f8rgensen (t.v.) og politiets innsatsleder Kristian Digranes m\u00f8tte pressen etter at mannen falt ned fra en h\u00f8yde under avvikling av \u00abJul i Vinterland\u00bb.  Foto: Stian Lysberg Solum \/ NTB\" class=\"_image_qp4xg_65 layout-component layout-normal\" data-fullscreen- data-track-element-type=\"Article image fullscreen\" data-track-name=\"ImageFullscreen\" decoding=\"async\" loading=\"lazy\" height=\"5760\" itemprop=\"image\"  src=\"https:\/\/www.europesays.com\/no\/wp-content\/uploads\/2026\/01\/8ee0035d-0c9a-482f-a7ba-720914e31a8a.png\"  style=\"object-position:0% 0%\" width=\"8640\"\/>Innsatsleder helse Hans Kristian J\u00f8rgensen (t.v.) og politiets innsatsleder Kristian Digranes m\u00f8tte pressen etter at mannen falt ned fra en h\u00f8yde under avvikling av \u00abJul i Vinterland\u00bb.  Foto: Stian Lysberg Solum \/ NTB<\/p>\n<p class=\"_paragraph_o9xde_4 _paragraph_xtcu6_10 layout-component text-serif-m layout-normal text-serif-m layout-padded\">Politiet opplyste forrige uke at det dreide seg om en fallulykke, og beskrev hendelsen som en arbeidsulykke i forbindelse med nedriggingen av julemarkedet.<\/p>\n<p class=\"_paragraph_o9xde_4 _paragraph_xtcu6_10 layout-component text-serif-m layout-normal text-serif-m layout-padded\">Arbeidstilsynet er varslet om saken. <\/p>\n","protected":false},"excerpt":{"rendered":"Forrige uke rykket n\u00f8detatene ut til en fallulykke i Oslo sentrum. N\u00e5 er mannen bekreftet omkommet. Tirsdag forrige&hellip;\n","protected":false},"author":2,"featured_media":136577,"comment_status":"","ping_status":"","sticky":false,"template":"","format":"standard","meta":{"footnotes":""},"categories":[5],"tags":[31,20,21,24,25,15,19,5593,22,23,17,18,13,30,28,29,14,636,16,468,26,27],"class_list":{"0":"post-136576","1":"post","2":"type-post","3":"status-publish","4":"format-standard","5":"has-post-thumbnail","7":"category-overskrifter","8":"tag-breaking","9":"tag-breaking-news","10":"tag-breakingnews","11":"tag-featured-news","12":"tag-featurednews","13":"tag-headlines","14":"tag-hovedoppslag","15":"tag-jul","16":"tag-latest-news","17":"tag-latestnews","18":"tag-main-news","19":"tag-mainnews","20":"tag-news","21":"tag-no","22":"tag-norge","23":"tag-norway","24":"tag-nyheter","25":"tag-oslo","26":"tag-overskrifter","27":"tag-politiet","28":"tag-top-stories","29":"tag-topstories"},"share_on_mastodon":{"url":"https:\/\/pubeurope.com\/@no\/115891081238740209","error":""},"_links":{"self":[{"href":"https:\/\/www.europesays.com\/no\/wp-json\/wp\/v2\/posts\/136576","targetHints":{"allow":["GET"]}}],"collection":[{"href":"https:\/\/www.europesays.com\/no\/wp-json\/wp\/v2\/posts"}],"about":[{"href":"https:\/\/www.europesays.com\/no\/wp-json\/wp\/v2\/types\/post"}],"author":[{"embeddable":true,"href":"https:\/\/www.europesays.com\/no\/wp-json\/wp\/v2\/users\/2"}],"replies":[{"embeddable":true,"href":"https:\/\/www.europesays.com\/no\/wp-json\/wp\/v2\/comments?post=136576"}],"version-history":[{"count":0,"href":"https:\/\/www.europesays.com\/no\/wp-json\/wp\/v2\/posts\/136576\/revisions"}],"wp:featuredmedia":[{"embeddable":true,"href":"https:\/\/www.europesays.com\/no\/wp-json\/wp\/v2\/media\/136577"}],"wp:attachment":[{"href":"https:\/\/www.europesays.com\/no\/wp-json\/wp\/v2\/media?parent=136576"}],"wp:term":[{"taxonomy":"category","embeddable":true,"href":"https:\/\/www.europesays.com\/no\/wp-json\/wp\/v2\/categories?post=136576"},{"taxonomy":"post_tag","embeddable":true,"href":"https:\/\/www.europesays.com\/no\/wp-json\/wp\/v2\/tags?post=136576"}],"curies":[{"name":"wp","href":"https:\/\/api.w.org\/{rel}","templated":true}]}}