{"id":136578,"date":"2026-01-14T02:30:36","date_gmt":"2026-01-14T02:30:36","guid":{"rendered":"https:\/\/www.europesays.com\/no\/136578\/"},"modified":"2026-01-14T02:30:36","modified_gmt":"2026-01-14T02:30:36","slug":"tre-menn-nektar-straffskuld-i-sunnmore-tingrett-sikta-for-grov-korrupsjon-nrk-more-og-romsdal-lokale-nyheter-tv-og-radio","status":"publish","type":"post","link":"https:\/\/www.europesays.com\/no\/136578\/","title":{"rendered":"Tre menn nektar straffskuld i Sunnm\u00f8re tingrett \u2013 sikta for grov korrupsjon \u2013 NRK M\u00f8re og Romsdal \u2013 Lokale nyheter, TV og radio"},"content":{"rendered":"<p>Mennene er tiltalt for grov korrupsjon. Saka g\u00e5r for Sunnm\u00f8re tingrett fram til torsdag.<\/p>\n<p>Den tidlegare offentleg tilsette har forklart seg i retten i tre dagar, og avslutta si forklaring m\u00e5ndag.<\/p>\n<p>Han stiller seg uforst\u00e5ande til korrupsjonstiltalen.<\/p>\n<p>\u2013 Det har vore kjempetungt. Heilt ekkelt. Nesten s\u00e5 eg ikkje orkar \u00e5 g\u00e5 ut i det heile tatt, sa han.<\/p>\n<p><img decoding=\"async\"   src=\"data:image\/gif;base64,R0lGODlhAQABAIAAAAAAAP\/\/\/yH5BAEAAAAALAAAAAABAAEAAAIBRAA7\" loading=\"eager\" alt=\"Bildet viser en person kledd i formelt antrekk, som sitter i en rettsal. Det er flere uskarpe elementer i forgrunnen, som sannsynligvis er deler av m\u00f8bler eller dokumenter. Omgivelsene er n\u00f8kterne og har en profesjonell atmosf\u00e6re, typisk for et rettslokale. Personen ser ut til \u00e5 v\u00e6re fokusert p\u00e5 en p\u00e5g\u00e5ende prosess.\" title=\"Foto: Remi Sagen \/ NRK\"\/><\/p>\n<p class=\"\">Frode Sulland forsvarar den tidlegare offentleg tilsette.<\/p>\n<p>Foto: Remi Sagen \/ NRK<\/p>\n<p>Blei oppdaga av rekneskapsf\u00f8rar<\/p>\n<p>Dei to andre tiltalte er leiarar i fiskeribedrifter.<\/p>\n<p>P\u00e5talemakta meiner dei har gitt den tidlegare offentleg tilsette \u00f8konomiske fordelar i bytte mot hjelp til \u00e5 f\u00e5 godkjent offentlege l\u00e5n til fiskeb\u00e5tar og fiskekvotar.<\/p>\n<p>Alle tre nektar straffskuld i saka. Dei meiner desse private avtalane ikkje p\u00e5verka l\u00e5nes\u00f8knadene i det heile tatt.<\/p>\n<p>Det heile starta med ein revisor som jobba i bedrifta til ein av dei tiltalte. Han reagerte p\u00e5 sal av ei leilegheit.<\/p>\n<p><img decoding=\"async\"   src=\"data:image\/gif;base64,R0lGODlhAQABAIAAAAAAAP\/\/\/yH5BAEAAAAALAAAAAABAAEAAAIBRAA7\" loading=\"eager\" alt=\"Bildet viser en person som sitter i en rettssal foran en dommerstol. Bakgrunnen viser en vegg med dekorative elementer og et kamera plassert over bordet. Det er en rolig setting som indikerer en p\u00e5g\u00e5ende juridisk prosess. Det er flere glassbeholdere synlige p\u00e5 bordet foran personen.\" title=\"Foto: Remi Sagen \/ NRK\"\/><\/p>\n<p class=\"\">Ruth-Louise Osborg er dommar i saka mot dei tre korrupsjonstiltalte.<\/p>\n<p>Foto: Remi Sagen \/ NRK<\/p>\n<p>Den offentleg tilsette hadde kj\u00f8pt ei leilegheit av bedrifta til ein av dei andre, til nesten 1,4 millionar under marknadspris.<\/p>\n<p><strong>\u00d8kokrim blei varsla og politiet starta etterforsking.<\/strong><\/p>\n<p>D\u00e5 kom det ogs\u00e5 fram at mannen hadde selt ei leilegheit for over 1,1 millionar kroner over marknadsverdi til den andre bedriftsleiaren.<\/p>\n<p>Han forklarte i retten at det ogs\u00e5 var med mykje eksklusive m\u00f8blar i prisen. I tillegg meinte han taksten som var sett i utgangspunktet var for l\u00e5g.<\/p>\n<p>Den tidlegare offentleg tilsette meiner prisen var rett for begge leilegheitene, og at dette ikkje handlar om korrupsjon.<\/p>\n<p><img decoding=\"async\"   src=\"data:image\/gif;base64,R0lGODlhAQABAIAAAAAAAP\/\/\/yH5BAEAAAAALAAAAAABAAEAAAIBRAA7\" loading=\"eager\" alt=\"Bildet viser en rettssal med flere personer til stede. En mann sitter ved et bord, kledd i dress og skjorte, med fokus rettet mot en dommer som delvis er synlig i forgrunnen. I bakgrunnen henger flere ytterjakker p\u00e5 en vegg. Det er en enkel og n\u00f8ytral innredning i rommet.\" title=\"Foto: Remi Sagen \/ NRK\"\/><\/p>\n<p class=\"\">Arild Kristian Dyngeland er forsvarar for den eine tiltalte bedriftseigaren. Kenneth Mikkelsen (til h\u00f8gre) for den andre.<\/p>\n<p>Foto: Remi Sagen \/ NRK<\/p>\n<p>Ville skifte jobb<\/p>\n<p>Korrupsjonstiltalen inneheld ogs\u00e5 avtalar om aksjekj\u00f8p.<\/p>\n<p>D\u00e5 politiet begynte \u00e5 etterforske saka, forklarte mannen at han hadde skriftlege intensjonsavtalar om kj\u00f8p av aksjar til gunstige prisar i selskapa til dei to andre tiltalte.<\/p>\n<p>Kj\u00f8pa vart aldri gjennomf\u00f8rt.<\/p>\n<p>Mannen forklarte i retten at han p\u00e5 den tida \u00f8nska \u00e5 skifte jobb, og at aksjeavtalane kunne legge til rette for det.<\/p>\n<p>Den tiltalte forklarte at desse avtalane ikkje p\u00e5verka jobben han gjorde i det offentlege selskapet der bedriftsleiarane var kundar.<\/p>\n<p>Planen var ogs\u00e5 heile tida \u00e5 slutte f\u00f8r han eventuelt kj\u00f8pte aksjane.<\/p>\n<p>Tiltalen mot den offentleg tilsette <\/p>\n<p>P\u00e5talemakta meiner han har gjort seg skuldig i grov korrupsjon fordi fordelane har stor verdi, det manglar openheit og at r\u00e5dgjevaren har brote den s\u00e6rlege tilliten som f\u00f8lgde med stillinga.<\/p>\n<p>Vanskelege \u00e5 oppdage og etterforske<\/p>\n<p>Aktor Magne Nyborg meiner det ikkje har kome fram noko overraskande i forklaringane til den tidlegare offentleg tilsette.<\/p>\n<p>\u2013 S\u00e5 eg er n\u00f8gd med korleis saka g\u00e5r.<\/p>\n<p><img decoding=\"async\"   src=\"data:image\/gif;base64,R0lGODlhAQABAIAAAAAAAP\/\/\/yH5BAEAAAAALAAAAAABAAEAAAIBRAA7\" loading=\"eager\" alt=\"En dommer if\u00f8rt sorte kapper st\u00e5r i en rettssal, med mikrofon og dommerbenk i bakgrunnen. Rommet har moderne interi\u00f8r med lys og m\u00f8rke farger. Det er dataskjermer og en glassvase p\u00e5 bordet. Oppsettet skaper en formell atmosf\u00e6re for rettsbehandlingen.\" title=\"Foto: Remi Sagen \/ NRK\"\/><\/p>\n<p class=\"\">Statsadvokat Magne Nyborg er aktor i saka i Sunnm\u00f8re tingrett.<\/p>\n<p>Foto: Remi Sagen \/ NRK<\/p>\n<p>Han seier korrupsjonssaker er vanskelege b\u00e5de \u00e5 oppdage og etterforske.<\/p>\n<p>\u2013 Det er s\u00e6rdeles grovt \u00e5 utnytte si eiga stilling til \u00e5 f\u00e5 private fordelar, seier han.<\/p>\n<p>Forsvararen til den offentleg tilsette, Frode Sulland, meiner hans klient har forklart seg godt om kvifor han er uskyldig. Han presiserer at i alle straffesaker har ein ogs\u00e5 som vilk\u00e5r at ein skal ha forst\u00e5tt at det har skjedd noko gale.<\/p>\n<p><img decoding=\"async\"   src=\"data:image\/gif;base64,R0lGODlhAQABAIAAAAAAAP\/\/\/yH5BAEAAAAALAAAAAABAAEAAAIBRAA7\" loading=\"eager\" alt=\"En dommer st\u00e5r i en rettssal if\u00f8rt en dommerrobe. Han b\u00f8yer seg over et skrivebord med dataskjerm og vannkarafler. Bakgrunnen viser en del av rettssalen med uklare konturer av andre tilstedev\u00e6rende. Det er naturlig lys i rommet med en minimalistisk, lysfarget interi\u00f8r.\" title=\"Foto: Remi Sagen \/ NRK\"\/><\/p>\n<p class=\"\">Frode Sulland i Sunnm\u00f8re tingrett.<\/p>\n<p>Foto: Remi Sagen \/ NRK<\/p>\n<p>\u2013 Min klient meiner at vilk\u00e5ra for korrupsjon ikkje er oppfylt for nokon av hendingane tiltalen gjeld. Det er fleire vilk\u00e5r som m\u00e5 vere oppfylt for ein slik tiltale og eventuell dom. Og han har grunngitt no over sv\u00e6rt lang tid at ingen av vilk\u00e5ra kan vere oppfylt i denne saka, seier Sulland.<\/p>\n<p>Publisert<\/p>\n<p>12.01.2026, kl. 19.06<\/p>\n","protected":false},"excerpt":{"rendered":"Mennene er tiltalt for grov korrupsjon. Saka g\u00e5r for Sunnm\u00f8re tingrett fram til torsdag. Den tidlegare offentleg tilsette&hellip;\n","protected":false},"author":2,"featured_media":136579,"comment_status":"","ping_status":"","sticky":false,"template":"","format":"standard","meta":{"footnotes":""},"categories":[10],"tags":[20,21,24,25,15,22,23,13,30,28,29,14,16,26,27],"class_list":{"0":"post-136578","1":"post","2":"type-post","3":"status-publish","4":"format-standard","5":"has-post-thumbnail","7":"category-norge","8":"tag-breaking-news","9":"tag-breakingnews","10":"tag-featured-news","11":"tag-featurednews","12":"tag-headlines","13":"tag-latest-news","14":"tag-latestnews","15":"tag-news","16":"tag-no","17":"tag-norge","18":"tag-norway","19":"tag-nyheter","20":"tag-overskrifter","21":"tag-top-stories","22":"tag-topstories"},"share_on_mastodon":{"url":"https:\/\/pubeurope.com\/@no\/115891104948400813","error":""},"_links":{"self":[{"href":"https:\/\/www.europesays.com\/no\/wp-json\/wp\/v2\/posts\/136578","targetHints":{"allow":["GET"]}}],"collection":[{"href":"https:\/\/www.europesays.com\/no\/wp-json\/wp\/v2\/posts"}],"about":[{"href":"https:\/\/www.europesays.com\/no\/wp-json\/wp\/v2\/types\/post"}],"author":[{"embeddable":true,"href":"https:\/\/www.europesays.com\/no\/wp-json\/wp\/v2\/users\/2"}],"replies":[{"embeddable":true,"href":"https:\/\/www.europesays.com\/no\/wp-json\/wp\/v2\/comments?post=136578"}],"version-history":[{"count":0,"href":"https:\/\/www.europesays.com\/no\/wp-json\/wp\/v2\/posts\/136578\/revisions"}],"wp:featuredmedia":[{"embeddable":true,"href":"https:\/\/www.europesays.com\/no\/wp-json\/wp\/v2\/media\/136579"}],"wp:attachment":[{"href":"https:\/\/www.europesays.com\/no\/wp-json\/wp\/v2\/media?parent=136578"}],"wp:term":[{"taxonomy":"category","embeddable":true,"href":"https:\/\/www.europesays.com\/no\/wp-json\/wp\/v2\/categories?post=136578"},{"taxonomy":"post_tag","embeddable":true,"href":"https:\/\/www.europesays.com\/no\/wp-json\/wp\/v2\/tags?post=136578"}],"curies":[{"name":"wp","href":"https:\/\/api.w.org\/{rel}","templated":true}]}}