{"id":136614,"date":"2026-01-14T03:47:20","date_gmt":"2026-01-14T03:47:20","guid":{"rendered":"https:\/\/www.europesays.com\/no\/136614\/"},"modified":"2026-01-14T03:47:20","modified_gmt":"2026-01-14T03:47:20","slug":"iran-nyhetsvarsel-ud-til-irans-ambassador-stans-volden","status":"publish","type":"post","link":"https:\/\/www.europesays.com\/no\/136614\/","title":{"rendered":"Iran, Nyhetsvarsel | UD til Irans ambassad\u00f8r: \u2013 Stans volden"},"content":{"rendered":"\n<p>M\u00f8tet fant sted hos Utenriksdepartementet. Alireza Jahangiri er Irans n\u00e5v\u00e6rende ambassad\u00f8r til Norge.<\/p>\n<p>\u2013 I et m\u00f8te med den iranske ambassad\u00f8ren i dag understreket jeg det dype alvoret i situasjonen, og jeg ford\u00f8mte den grove og uforholdsmessige volden mot demonstrantene p\u00e5 det sterkeste, sier Kravik i uttalelser sendt p\u00e5 epost til NTB.<\/p>\n<p>\u2013 Jeg understreket at iranske myndigheter har et klart ansvar for \u00e5 beskytte egen befolkning og gjentok kravet om at iranske myndigheter umiddelbart stanser volden, respekterer menneskerettighetene og sikrer fri og uhindret tilgang til informasjon, sier han videre.<\/p>\n<p><b>Les ogs\u00e5: <a class=\"simple-relation related-teaser article--c-eRUmMG article--c-eRUmMG-fZoQSp-design-nettavisen article--c-eRUmMG-gwthdJ-cv\" href=\"https:\/\/www.nettavisen.no\/trump-med-ny-iran-melding-hjelp-er-pa-vei\/s\/5-95-2823120\" rel=\"nofollow noopener\" target=\"_blank\">Trump med ny Iran-melding: \u2013\u2060 Hjelp er p\u00e5 vei<\/a><\/b><\/p>\n<p>Han understreker at UD har medf\u00f8lelse med alle som har mistet noen og er bekymret for sine kj\u00e6re.<\/p>\n<p>\u2013 Det som skjer n\u00e5 i Iran er ikke bare farlig for Iran og iranerne, men ogs\u00e5 for hele regionen, sier Kravik.<\/p>\n<p>Protestene i Iran har p\u00e5g\u00e5tt i over to uker. Mange er d\u00f8de, men eksakt hvor mange er h\u00f8yst usikkert.<\/p>\n<p>Flere EU-land kaller inn ambassad\u00f8rer<\/p>\n<p>Norge er ikke alene om \u00e5 reagere. Tirsdag ble iranske ambassad\u00f8rer kalt inn p\u00e5 teppet i minst syv andre europeiske hovedsteder, blant annet i Helsingfors og K\u00f8benhavn.<\/p>\n<p>Utenriksdepartementene i Madrid og Helsingfors var tidlig ute, f\u00f8r Amsterdam og K\u00f8benhavn fulgte etter.<\/p>\n<p>   <img decoding=\"async\" width=\"6000\" height=\"4000\" fetchpriority=\"low\"  loading=\"lazy\"  src=\"https:\/\/www.europesays.com\/no\/wp-content\/uploads\/2026\/01\/cueres_scp-dniayycd_4d2nIAYyCD8.jpg\" alt=\"FILE - In this frame grab from footage circulating on social media shows protesters dancing and cheering around a bonfire as they take to the streets despite an intensifying crackdown as the Islamic Republic remains cut off from the rest of the world, in Tehran, Iran, Jan. 9, 2026.(UGC via AP, File)\" class=\"brick-c-cFOWSL\" style=\"--brick-image-ratio: 6000 \/ 4000;\"\/><\/p>\n<p>      DEMONSTRASJONER: Et klipp fra en video som sirkulerer i sosiale medier og som viser demonstranter som danser rundt et b\u00e5l i Teheran 9. januar.<br \/>\n      Foto: AP\n    <\/p>\n<p>Tirsdag ettermiddag ble ogs\u00e5 den iranske ambassad\u00f8ren i Frankrike kalt inn.<\/p>\n<p>Frankrikes utenriksminister Jean-Noel Barrot omtaler Irans respons som \u00abut\u00e5lelig og inhuman\u00bb, og sier han har formidlet sin ford\u00f8mmelse til sin iranske motpart, og at budskapet skulle gjentas direkte til ambassad\u00f8ren i Paris.<\/p>\n<p>Ogs\u00e5 Storbritannia og Tyskland har kalt inn iranske amassad\u00f8rer.<\/p>\n<p><b>Les ogs\u00e5: <a class=\"simple-relation related-teaser article--c-eRUmMG article--c-eRUmMG-fZoQSp-design-nettavisen article--c-eRUmMG-gwthdJ-cv\" href=\"https:\/\/www.nettavisen.no\/trump-innforer-straffetoll-for-alle-som-handler-med-iran\/s\/5-95-2821570\" rel=\"nofollow noopener\" target=\"_blank\">Trump innf\u00f8rer straffetoll for alle som handler med Iran<\/a><\/b><\/p>\n<p>Kritikk av nettstenging<\/p>\n<p>Finlands utenriksminister Elina Valtonen anklager regimet i Iran for \u00e5 \u00abdrepe og undertrykke i stillhet\u00bb, og viser til at nettforbindelsen i landet er kuttet.<\/p>\n<p>Hun skriver at dette ikke vil bli tolerert, og at Finland sammen med EU unders\u00f8ker hvordan det er mulig \u00e5 bidra til at iranere f\u00e5r tilbake fri tilgang til informasjon.<\/p>\n<p>I Spania har utenriksminister Jos\u00e9 Manuel Albares bedt om at iranske menn og kvinners rett til fredelige protester og ytringsfrihet respekteres, og at arrestasjoner uten lov og dom m\u00e5 stanse.<\/p>\n<p><b>Les ogs\u00e5: <a class=\"simple-relation related-teaser article--c-eRUmMG article--c-eRUmMG-fZoQSp-design-nettavisen article--c-eRUmMG-gwthdJ-cv\" href=\"https:\/\/www.nettavisen.no\/eksperter-irans-jamming-av-starlink-er-uten-sidestykke\/s\/5-95-2821549\" rel=\"nofollow noopener\" target=\"_blank\">Eksperter: Irans jamming av Starlink er uten sidestykke<\/a><\/b><\/p>\n<p>Nederlands utenriksminister David van Weel ford\u00f8mmer ogs\u00e5 volden og krever at Iran gjenoppretter nettforbindelsen med umiddelbar virkning.<\/p>\n<p>I Danmark var den iranske ambassad\u00f8ren bortreist, og en annen iransk diplomat m\u00f8tte i stedet.<\/p>\n<p>\u2013 Det iranske regimet har en lang og brutal historikk med \u00e5 sl\u00e5 hardt ned p\u00e5 folkets protester. Det har vi igjen v\u00e6rt vitne til de siste ukene, og det er ganske enkelt uakseptabelt, sier utenriksminister Lars L\u00f8kke Rasmussen.<\/p>\n<p>Ogs\u00e5 FNs h\u00f8ykommiss\u00e6r for menneskerettigheter Volker T\u00fcrk ford\u00f8mte tirsdag volden.<\/p>\n<p>Iran International, en britisk-basert organisasjon, meldte tirsdag at minst 12.000 mennesker er drept under protestene. Tallet er ikke bekreftet og langt h\u00f8yere enn hva andre organisasjoner har meldt.<\/p>\n<p>Oslo-baserte Iran Human Rights opplyste mandag at minst 648 mennesker er blitt drept i protestb\u00f8lgen siden romjulen, men at tallet trolig er mye h\u00f8yere. Tallet omfatter kun drepte som organisasjonen har verifisert direkte, eller gjennom to uavhengige kilder.<\/p>\n","protected":false},"excerpt":{"rendered":"M\u00f8tet fant sted hos Utenriksdepartementet. Alireza Jahangiri er Irans n\u00e5v\u00e6rende ambassad\u00f8r til Norge. \u2013 I et m\u00f8te med&hellip;\n","protected":false},"author":2,"featured_media":136615,"comment_status":"","ping_status":"","sticky":false,"template":"","format":"standard","meta":{"footnotes":""},"categories":[10],"tags":[20,21,24,25,15,22,23,13,30,28,29,14,16,26,27],"class_list":{"0":"post-136614","1":"post","2":"type-post","3":"status-publish","4":"format-standard","5":"has-post-thumbnail","7":"category-norge","8":"tag-breaking-news","9":"tag-breakingnews","10":"tag-featured-news","11":"tag-featurednews","12":"tag-headlines","13":"tag-latest-news","14":"tag-latestnews","15":"tag-news","16":"tag-no","17":"tag-norge","18":"tag-norway","19":"tag-nyheter","20":"tag-overskrifter","21":"tag-top-stories","22":"tag-topstories"},"share_on_mastodon":{"url":"https:\/\/pubeurope.com\/@no\/115891407576212494","error":""},"_links":{"self":[{"href":"https:\/\/www.europesays.com\/no\/wp-json\/wp\/v2\/posts\/136614","targetHints":{"allow":["GET"]}}],"collection":[{"href":"https:\/\/www.europesays.com\/no\/wp-json\/wp\/v2\/posts"}],"about":[{"href":"https:\/\/www.europesays.com\/no\/wp-json\/wp\/v2\/types\/post"}],"author":[{"embeddable":true,"href":"https:\/\/www.europesays.com\/no\/wp-json\/wp\/v2\/users\/2"}],"replies":[{"embeddable":true,"href":"https:\/\/www.europesays.com\/no\/wp-json\/wp\/v2\/comments?post=136614"}],"version-history":[{"count":0,"href":"https:\/\/www.europesays.com\/no\/wp-json\/wp\/v2\/posts\/136614\/revisions"}],"wp:featuredmedia":[{"embeddable":true,"href":"https:\/\/www.europesays.com\/no\/wp-json\/wp\/v2\/media\/136615"}],"wp:attachment":[{"href":"https:\/\/www.europesays.com\/no\/wp-json\/wp\/v2\/media?parent=136614"}],"wp:term":[{"taxonomy":"category","embeddable":true,"href":"https:\/\/www.europesays.com\/no\/wp-json\/wp\/v2\/categories?post=136614"},{"taxonomy":"post_tag","embeddable":true,"href":"https:\/\/www.europesays.com\/no\/wp-json\/wp\/v2\/tags?post=136614"}],"curies":[{"name":"wp","href":"https:\/\/api.w.org\/{rel}","templated":true}]}}