{"id":136618,"date":"2026-01-14T03:54:22","date_gmt":"2026-01-14T03:54:22","guid":{"rendered":"https:\/\/www.europesays.com\/no\/136618\/"},"modified":"2026-01-14T03:54:22","modified_gmt":"2026-01-14T03:54:22","slug":"politiet-over-2-millioner-kroner-funnet-i-sandnes-stammer-ikke-fra-nokas-ranet","status":"publish","type":"post","link":"https:\/\/www.europesays.com\/no\/136618\/","title":{"rendered":"Politiet: Over 2 millioner kroner funnet i Sandnes \u2013 stammer ikke fra Nokas-ranet"},"content":{"rendered":"<p>\u2013 De kriminaltekniske unders\u00f8kelsene er n\u00e5 ferdig gjennomf\u00f8rt. Pengene er ferdig opptelt, og den totale summen er litt over 2 millioner kroner. Deler av sedlene er av nyere dato, noe som betyr at det ikke er snakk om penger fra Nokas-ranet, sier politiadvokat Isa Linn Ravndal i S\u00f8rvest politidistrikt i en pressemelding.<\/p>\n<p>Per n\u00e5 er det for tidlig \u00e5 si om det er funnet DNA eller fingeravtrykk i tilknytning til pengene.<\/p>\n<p>Det var rundt klokken 14 tirsdag i forrige uke at politiet fikk melding om funnet av en betydelig pengesum som var nedgravd i Oalsgata i Sandnes. Pengene ble funnet i forbindelse med gravearbeid ved utvidelse av veien.<\/p>\n<p>Det ble f\u00f8rst spekulert i om pengene kunne stamme fra Nokas-ranet, der deler av ransutbyttet fortsatt ikke er funnet.<\/p>\n<p>Tidligere funn<\/p>\n<p><a href=\"https:\/\/www.aftenbladet.no\/lokalt\/i\/OkQkPE\/oalsgata-politiet-fant-1-million-i-kontanter-i-2004-og-2013?\" rel=\"noopener nofollow\" target=\"_blank\">Stavanger Aftenblad<\/a> skrev mandag at det i 2004 og 2013 ble funnet kontanter under ransakinger i et hus i Oalsgata, til sammen rundt 1 million kroner. Pengene ble funnet hos en mann som bodde i f\u00f8rste etasje, som ikke eide huset.<\/p>\n<p>Mannen, som d\u00f8de i 2017, var tidligere straffed\u00f8mt. B\u00e5de i 2006 og 2015 ble han d\u00f8mt for \u00e5 ha oppbevart betydelige pengebel\u00f8p som retten fant bevist at stammet fra straffbare handlinger.<\/p>\n<p>If\u00f8lge avisa ble pengene som dukket opp i Sandnes i forrige uke, funnet p\u00e5 samme tomta i Oalsgata 74.<\/p>\n<p>Skal avklare finnerl\u00f8nn<\/p>\n<p>Politiet sier ikke i pressemeldingen tirsdag noe om hvorvidt det nye funnet kan knyttes til de tidligere funnene.<\/p>\n<p>De jobber n\u00e5 med \u00e5 avklare hvordan beslaget skal h\u00e5ndteres.<\/p>\n<p>\u2013 Her jobbes det blant annet med for \u00e5 avklare om det skal utbetales finnerl\u00f8nn, sier Ravndal.<\/p>\n","protected":false},"excerpt":{"rendered":"\u2013 De kriminaltekniske unders\u00f8kelsene er n\u00e5 ferdig gjennomf\u00f8rt. Pengene er ferdig opptelt, og den totale summen er litt&hellip;\n","protected":false},"author":2,"featured_media":136619,"comment_status":"","ping_status":"","sticky":false,"template":"","format":"standard","meta":{"footnotes":""},"categories":[10],"tags":[20,21,24,25,15,22,23,13,30,15294,28,29,14,16,468,1319,26,27],"class_list":{"0":"post-136618","1":"post","2":"type-post","3":"status-publish","4":"format-standard","5":"has-post-thumbnail","7":"category-norge","8":"tag-breaking-news","9":"tag-breakingnews","10":"tag-featured-news","11":"tag-featurednews","12":"tag-headlines","13":"tag-latest-news","14":"tag-latestnews","15":"tag-news","16":"tag-no","17":"tag-nokas","18":"tag-norge","19":"tag-norway","20":"tag-nyheter","21":"tag-overskrifter","22":"tag-politiet","23":"tag-sandnes","24":"tag-top-stories","25":"tag-topstories"},"share_on_mastodon":{"url":"https:\/\/pubeurope.com\/@no\/115891435124361447","error":""},"_links":{"self":[{"href":"https:\/\/www.europesays.com\/no\/wp-json\/wp\/v2\/posts\/136618","targetHints":{"allow":["GET"]}}],"collection":[{"href":"https:\/\/www.europesays.com\/no\/wp-json\/wp\/v2\/posts"}],"about":[{"href":"https:\/\/www.europesays.com\/no\/wp-json\/wp\/v2\/types\/post"}],"author":[{"embeddable":true,"href":"https:\/\/www.europesays.com\/no\/wp-json\/wp\/v2\/users\/2"}],"replies":[{"embeddable":true,"href":"https:\/\/www.europesays.com\/no\/wp-json\/wp\/v2\/comments?post=136618"}],"version-history":[{"count":0,"href":"https:\/\/www.europesays.com\/no\/wp-json\/wp\/v2\/posts\/136618\/revisions"}],"wp:featuredmedia":[{"embeddable":true,"href":"https:\/\/www.europesays.com\/no\/wp-json\/wp\/v2\/media\/136619"}],"wp:attachment":[{"href":"https:\/\/www.europesays.com\/no\/wp-json\/wp\/v2\/media?parent=136618"}],"wp:term":[{"taxonomy":"category","embeddable":true,"href":"https:\/\/www.europesays.com\/no\/wp-json\/wp\/v2\/categories?post=136618"},{"taxonomy":"post_tag","embeddable":true,"href":"https:\/\/www.europesays.com\/no\/wp-json\/wp\/v2\/tags?post=136618"}],"curies":[{"name":"wp","href":"https:\/\/api.w.org\/{rel}","templated":true}]}}