{"id":136620,"date":"2026-01-14T04:01:30","date_gmt":"2026-01-14T04:01:30","guid":{"rendered":"https:\/\/www.europesays.com\/no\/136620\/"},"modified":"2026-01-14T04:01:30","modified_gmt":"2026-01-14T04:01:30","slug":"brann-i-elbilbatteri-trondheim-apne-flammer-og-sort-royk-nrk-trondelag-lokale-nyheter-tv-og-radio","status":"publish","type":"post","link":"https:\/\/www.europesays.com\/no\/136620\/","title":{"rendered":"Brann i elbilbatteri Trondheim \u2013 \u00e5pne flammer og sort r\u00f8yk \u2013 NRK Tr\u00f8ndelag \u2013 Lokale nyheter, TV og radio"},"content":{"rendered":"<p><strong>\u2013 Brann er p\u00e5 stedet. Det skal v\u00e6re \u00e5pne flammer og sort r\u00f8yk, skriver operasjonsleder Carina Holl\u00e5s. <\/strong><\/p>\n<p>Det er et el-bilbatteri inni i vaskehallen hos bilforhandleren M\u00f8ller bil p\u00e5 Tunga i Trondheim det brenner.<\/p>\n<p>Klokka 10.05 melder politiet at brannvesenet har kontroll p\u00e5 brannen.<\/p>\n<p><strong>100 personer ble evakuert i forbindelse med brannen. <\/strong><\/p>\n<p>\u2013 Vi fikk raskt kontroll p\u00e5 stedet. Evakueringa var i gang f\u00f8r politiet kom til stedet, sier innsatsleder Kristin Jakobsen i politiet.<\/p>\n<p>Frykta storbrann<\/p>\n<p>Politiet frykta det kunne bli en storbrann da meldinga f\u00f8rst kom inn.<\/p>\n<p>\u2013 Det er stort skadepotensial her. Det lagres b\u00e5de gass og olje i bygget. I tillegg er vi n\u00e6rme E6, sier Jakobsen.<\/p>\n<p>Det bor ogs\u00e5 en del folk i omr\u00e5det.<\/p>\n<p><img decoding=\"async\"   src=\"data:image\/gif;base64,R0lGODlhAQABAIAAAAAAAP\/\/\/yH5BAEAAAAALAAAAAABAAEAAAIBRAA7\" loading=\"eager\" alt=\"En polititjenestemann i uniform st\u00e5r foran en politibil i sn\u00f8dekte omgivelser. Tjenestemannen b\u00e6rer to radiosendere p\u00e5 brystet og har p\u00e5 seg en lue med politiemblem. I bakgrunnen er det flere biler og tr\u00e6r, med et skyet himmel som gir en dempet atmosf\u00e6re. Dette bildet kan indikere en p\u00e5g\u00e5ende politioperasjon eller overv\u00e5king.\" title=\"Foto: Sunniva Skurtveit \/ NRK\"\/><\/p>\n<p class=\"\">Innsatsleder Kristin Jakobsen sier n\u00f8detatene fikk raskt kontroll p\u00e5 brannen. <\/p>\n<p>Foto: Sunniva Skurtveit \/ NRK<\/p>\n<p>Sto p\u00e5 palle<\/p>\n<p>De tre personene som fikk tilsyn av helsepersonellet er erkl\u00e6rt uskadde.<\/p>\n<p>\u2013 De tre personene oppholdt seg trolig i n\u00e6rheten av der det brant, sier Jakobsen.<\/p>\n<p>Frank Hansen ved 110-sentralen forteller at batteriet ikke var i bilen, men sto p\u00e5 en palle inne i bygget.<\/p>\n<p>Politiet er gang med \u00e5 sikre brannstedet.<\/p>\n<p><img decoding=\"async\"   src=\"data:image\/gif;base64,R0lGODlhAQABAIAAAAAAAP\/\/\/yH5BAEAAAAALAAAAAABAAEAAAIBRAA7\" loading=\"eager\" alt=\"En politibil og en brannbil er parkert ved en bygning, hvor det er sn\u00f8 p\u00e5 bakken. Flere personer i uniformer st\u00e5r ved brannbilen og ser mot bygget. Det er en rolig atmosf\u00e6re, med en klar himmel i bakgrunnen. Bygningens vinduer reflekterer omgivelsene.\" title=\"Foto: Sunniva Skurtveit \/ NRK\"\/><\/p>\n<p class=\"\">N\u00f8detatene har kontroll p\u00e5 brannen i elbilbatteriet.<\/p>\n<p>Foto: Sunniva Skurtveit \/ NRK<\/p>\n<p>Publisert<\/p>\n<p>13.01.2026, kl. 09.51<\/p>\n<p>Oppdatert<\/p>\n<p>13.01.2026, kl. 10.37<\/p>\n","protected":false},"excerpt":{"rendered":"\u2013 Brann er p\u00e5 stedet. Det skal v\u00e6re \u00e5pne flammer og sort r\u00f8yk, skriver operasjonsleder Carina Holl\u00e5s. Det&hellip;\n","protected":false},"author":2,"featured_media":136621,"comment_status":"","ping_status":"","sticky":false,"template":"","format":"standard","meta":{"footnotes":""},"categories":[10],"tags":[20,21,24,25,15,22,23,13,30,28,29,14,16,26,27],"class_list":{"0":"post-136620","1":"post","2":"type-post","3":"status-publish","4":"format-standard","5":"has-post-thumbnail","7":"category-norge","8":"tag-breaking-news","9":"tag-breakingnews","10":"tag-featured-news","11":"tag-featurednews","12":"tag-headlines","13":"tag-latest-news","14":"tag-latestnews","15":"tag-news","16":"tag-no","17":"tag-norge","18":"tag-norway","19":"tag-nyheter","20":"tag-overskrifter","21":"tag-top-stories","22":"tag-topstories"},"share_on_mastodon":{"url":"https:\/\/pubeurope.com\/@no\/115891462673804196","error":""},"_links":{"self":[{"href":"https:\/\/www.europesays.com\/no\/wp-json\/wp\/v2\/posts\/136620","targetHints":{"allow":["GET"]}}],"collection":[{"href":"https:\/\/www.europesays.com\/no\/wp-json\/wp\/v2\/posts"}],"about":[{"href":"https:\/\/www.europesays.com\/no\/wp-json\/wp\/v2\/types\/post"}],"author":[{"embeddable":true,"href":"https:\/\/www.europesays.com\/no\/wp-json\/wp\/v2\/users\/2"}],"replies":[{"embeddable":true,"href":"https:\/\/www.europesays.com\/no\/wp-json\/wp\/v2\/comments?post=136620"}],"version-history":[{"count":0,"href":"https:\/\/www.europesays.com\/no\/wp-json\/wp\/v2\/posts\/136620\/revisions"}],"wp:featuredmedia":[{"embeddable":true,"href":"https:\/\/www.europesays.com\/no\/wp-json\/wp\/v2\/media\/136621"}],"wp:attachment":[{"href":"https:\/\/www.europesays.com\/no\/wp-json\/wp\/v2\/media?parent=136620"}],"wp:term":[{"taxonomy":"category","embeddable":true,"href":"https:\/\/www.europesays.com\/no\/wp-json\/wp\/v2\/categories?post=136620"},{"taxonomy":"post_tag","embeddable":true,"href":"https:\/\/www.europesays.com\/no\/wp-json\/wp\/v2\/tags?post=136620"}],"curies":[{"name":"wp","href":"https:\/\/api.w.org\/{rel}","templated":true}]}}