{"id":136622,"date":"2026-01-14T04:09:41","date_gmt":"2026-01-14T04:09:41","guid":{"rendered":"https:\/\/www.europesays.com\/no\/136622\/"},"modified":"2026-01-14T04:09:41","modified_gmt":"2026-01-14T04:09:41","slug":"jerome-powell-justisdepartementet-truer-med-straffeforfolgelse","status":"publish","type":"post","link":"https:\/\/www.europesays.com\/no\/136622\/","title":{"rendered":"Jerome Powell: Justisdepartementet truer med straffeforf\u00f8lgelse"},"content":{"rendered":"\n<ul class=\"_list_o9xde_3 _list_64s2r_85 _unordered_o9xde_106 text-sans-m\">\n<li class=\"_item_o9xde_30\">President Trump anklager sentralbanksjef Powell for d\u00e5rlig h\u00e5ndtering og vil erstatte ham.<\/li>\n<li class=\"_item_o9xde_30\">Powell mener justisdepartementet truer ham til \u00e5 senke rentene.<\/li>\n<li class=\"_item_o9xde_30\">Kontroversen dreier seg om Federal Reserves renovering med budsjettoverskridelser p\u00e5 6 milliarder kroner.<\/li>\n<li class=\"_item_o9xde_30\">Trump-administrasjonen kritiserer renoveringen som prangende, men Powell tilbakeviser anklagene.<\/li>\n<\/ul>\n<p>Vis mer <\/p>\n<p class=\"_paragraph_o9xde_4 _paragraph_xtcu6_10 layout-component text-serif-m layout-normal text-serif-m layout-padded\">Det var president <a href=\"https:\/\/www.vg.no\/tag\/donald-trump-2?utm_source=vg-article&amp;utm_medium=auto-tagger&amp;utm_campaign=y5R5me\" class=\"_link_o9xde_39\" rel=\"nofollow noopener\" target=\"_blank\">Donald Trump<\/a> som selv nominerte Powell til rollen som sentralbank\u00adsjef i 2017. <\/p>\n<p class=\"_paragraph_o9xde_4 _paragraph_xtcu6_10 layout-component text-serif-m layout-normal text-serif-m layout-padded\">Forholdet har siden da surnet betydelig, og Trump har gjentatte ganger angrepet sentralbankensentralbankenI USA heter den Federal Reserve. for ikke \u00e5 kutte renten s\u00e5 kraftig som han \u00f8nsker. <\/p>\n<p class=\"_paragraph_o9xde_4 _paragraph_xtcu6_10 layout-component text-serif-m layout-normal text-serif-m layout-padded\">Senest 29. desember gjentok presidenten<a href=\"https:\/\/www.washingtonpost.com\/politics\/2025\/12\/29\/trump-powell-gross-incompetence-lawsuit\/\" class=\"_link_o9xde_39\" rel=\"nofollow noopener\" target=\"_blank\"> trusler om s\u00f8ksm\u00e5l <\/a>mot Powell for \u00e5 v\u00e6re \u00abinkompetent\u00bb. Han har ogs\u00e5 l\u00f8ftet tanken <a href=\"https:\/\/www.vg.no\/nyheter\/i\/yEAjnJ\/amerikanske-medier-trump-skal-vaere-naere-aa-sparke-powell\" data-track-element-type=\"Link\" data-track-id=\"link:yEAjnJ\" class=\"_link_o9xde_39\" rel=\"nofollow noopener\" target=\"_blank\">om \u00e5 f\u00e5 ham sparket<\/a>.<\/p>\n<p class=\"_paragraph_o9xde_4 _paragraph_xtcu6_10 layout-component text-serif-m layout-normal text-serif-m layout-padded\">S\u00f8ndag <a href=\"https:\/\/www.federalreserve.gov\/aboutthefed\/fedexplained\/monetary-policy.htm\" class=\"_link_o9xde_39\" rel=\"nofollow noopener\" target=\"_blank\">fortalte Powell<\/a> at justisdepartementet har truet ham med straffeforf\u00f8lgelsestraffeforf\u00f8lgelsetraffeforf\u00f8lgelse betyr at noen blir anklaget for \u00e5 ha gjort noe ulovlig, og at saken blir tatt til retten for \u00e5 avgj\u00f8re om personen er skyldig. i det han l\u00f8fter som et fors\u00f8k p\u00e5 \u00e5 presse ham til \u00e5 senke rentene.<\/p>\n<p class=\"_paragraph_o9xde_4 _paragraph_xtcu6_10 layout-component text-serif-m layout-normal text-serif-m layout-padded\">Mandag kveld svarer Trumps pressesekret\u00e6r Karoline Leavitt at presidenten ikke instruerte Justisdepartementet til \u00e5 etterforske sentralbanksjef Powell, og understreker at han st\u00f8tter sentralbankens uavhengighet.<\/p>\n<p><img decoding=\"async\" alt=\"Bilde av Jerome Powell\" class=\"_image_ygndg_42\" height=\"27\" itemprop=\"image\" loading=\"lazy\"  src=\"https:\/\/www.europesays.com\/no\/wp-content\/uploads\/2026\/01\/4eb579e3-8e16-43bd-920f-7f9750cdd2fe.png\"  width=\"40\"\/><strong class=\"_name_ygndg_51 title-serif-xs\">Jerome Powell<\/strong><\/p>\n<p class=\"_paragraph_o9xde_4 text-sans-m _description_ygndg_56\">Sentralbanksjef i USA<\/p>\n<p class=\"_paragraph_o9xde_4 _paragraph_xtcu6_10 layout-component text-serif-m layout-normal text-serif-m layout-padded\">\u2013 Dette er et p\u00e5skudd. Trusselen om straffeforf\u00f8lgelse er en konsekvens av at Federal ReserveFederal ReserveUSAs sentralbank. setter renter basert p\u00e5 v\u00e5r beste vurdering av hva som vil tjene folket, i stedet for \u00e5 f\u00f8lge presidentens preferanser, sa Powell.<\/p>\n<p class=\"_paragraph_o9xde_4 _paragraph_xtcu6_10 layout-component text-serif-m layout-normal text-serif-m layout-padded\">Federal Reserve er sentralbanken i USA, som har ansvar for landets pengepolitikk, inkludert \u00e5 sette renter.<\/p>\n<p>Hvordan henger det sammen?<\/p>\n<p class=\"_paragraph_o9xde_4 _paragraph_xtcu6_10 _paragraph_16v91_10 layout-component text-serif-m layout-normal text-sans-m layout-padded\">Det er sentralbanken som setter styringsrenten. <\/p>\n<p class=\"_paragraph_o9xde_4 _paragraph_xtcu6_10 _paragraph_16v91_10 layout-component text-serif-m layout-normal text-sans-m layout-padded\">I Norge er det en komit\u00e9 av fem medlemmer utnevnt av regjeringen som setter renten banker f\u00e5r p\u00e5 innskudd, eller \u00abprisen p\u00e5 penger\u00bb, som <a href=\"https:\/\/www.norges-bank.no\/kort-forklart\/styringsrenten\/\" class=\"_link_o9xde_39\" rel=\"nofollow noopener\" target=\"_blank\">de selv<\/a> kaller det. <\/p>\n<p class=\"_paragraph_o9xde_4 _paragraph_xtcu6_10 _paragraph_16v91_10 layout-component text-serif-m layout-normal text-sans-m layout-padded\">I USA heter sentralbanken The Federal Reserve og skal operere uavhengig av regjeringens politikk og best\u00e5r i likhet med Norge av en komit\u00e9. Medlemmene velges av presidenten og bekreftes av SenatetSenatetSenatet er en av de to kamrene i den amerikanske Kongressen, som er ansvarlig for \u00e5 lage lover..<\/p>\n<p class=\"_paragraph_o9xde_4 _paragraph_xtcu6_10 _paragraph_16v91_10 layout-component text-serif-m layout-normal text-sans-m layout-padded\">Endringer i styringsrenten p\u00e5virker hele \u00f8konomien.<\/p>\n<p>Vis mer<\/p>\n<p class=\"_paragraph_o9xde_4 _paragraph_xtcu6_10 layout-component text-serif-m layout-normal text-serif-m layout-padded\">\u2013 Jeg har dyp respekt for loven og for ansvarlighetansvarlighetAnsvarlighet er i juridisk sammenheng det \u00e5 ha rettslig ansvar for en handling eller liknende. (SNL) i v\u00e5rt demokrati. Ingen, i hvert fall ikke sentralbanksjefen, er hevet over loven. Men denne enest\u00e5ende handlingen b\u00f8r sees i den bredere konteksten av administrasjonens trusler og p\u00e5g\u00e5ende press.<\/p>\n<p class=\"_paragraph_o9xde_4 _paragraph_xtcu6_10 layout-component text-serif-m layout-normal layout-padded\"><strong class=\"_strong_o9xde_25\">Les ogs\u00e5:<\/strong> <a href=\"https:\/\/www.vg.no\/i\/yEAjnJ\" data-track-element-type=\"Link\" data-track-id=\"link:yEAjnJ\" class=\"_link_o9xde_39\" rel=\"nofollow noopener\" target=\"_blank\">Trump om Powell: \u2013 Gj\u00f8r en forferdelig jobb <\/a><\/p>\n<p class=\"_paragraph_o9xde_4 _paragraph_xtcu6_10 layout-component text-serif-m layout-normal text-serif-m layout-padded\">I videoen som ble delt s\u00f8ndag fortalte han at justisdepartementet har stevnet Federal Reserve og truet med straffeforf\u00f8lgelse knyttet til hans vitnem\u00e5l om sentralbankens renoveringsarbeid foran Senatet i juni i fjor.<\/p>\n<p class=\"_paragraph_o9xde_4 _paragraph_xtcu6_10 layout-component text-serif-m layout-normal text-serif-m layout-padded\">\u2013 Denne nye trusselen handler ikke om mitt vitnem\u00e5l i juni eller om renoveringsarbeidet av bygningene. Det handler ikke om Kongressens tilsynsrolle. Sentralbanken har gjort alle fors\u00f8k p\u00e5 \u00e5 holde Kongressen informert om arbeidet gjennom vitnem\u00e5l og andre uttalelser. <\/p>\n<p class=\"_paragraph_o9xde_4 _paragraph_xtcu6_10 layout-component text-serif-m layout-normal text-serif-m layout-padded\">Dollaren er noe svekket etter at saken ble kjent, samtidig som gull setter rekord. Les mer om markedets reaksjoner<a href=\"https:\/\/e24.no\/boers-og-finans\/i\/GxaxLq\/markedet-reagerer-paa-fed-braak-har-sett-dette-foer-og-liker-det-ikke\" class=\"_link_o9xde_39\" rel=\"nofollow noopener\" target=\"_blank\"> her hos E24<\/a>.<\/p>\n<p>Uklare uttalelser<\/p>\n<p class=\"_paragraph_o9xde_4 _paragraph_xtcu6_10 layout-component text-serif-m layout-normal text-serif-m layout-padded\">I et kort intervju med NBC News s\u00f8ndag insisterte Trump p\u00e5 at han ikke visste om etterforskningen av Powell.<\/p>\n<p class=\"_paragraph_o9xde_4 _paragraph_xtcu6_10 layout-component text-serif-m layout-normal text-serif-m layout-padded\">\u2013 Nei. Jeg ville ikke engang tenke p\u00e5 \u00e5 gj\u00f8re det p\u00e5 den m\u00e5ten, sa Trump da han ble spurt om etterforskningen var ment \u00e5 presse Powell p\u00e5 renter.<\/p>\n<p class=\"_paragraph_o9xde_4 _paragraph_xtcu6_10 layout-component text-serif-m layout-normal text-serif-m layout-padded\">Torsdag publiserte <a href=\"https:\/\/www.nytimes.com\/2026\/01\/08\/us\/politics\/trump-interview-fed-chair.html\" class=\"_link_o9xde_39\" rel=\"nofollow noopener\" target=\"_blank\">The New York Times<\/a> et intervju med president Trump der han sa han allerede hadde bestemt seg for hvem som skulle erstatte Powell.<\/p>\n<p><img alt=\"Foto: Ken Cedeno \/ Reuters \/ NTB\" class=\"_image_qp4xg_65 layout-component layout-normal\" data-fullscreen- data-track-element-type=\"Article image fullscreen\" data-track-name=\"ImageFullscreen\" decoding=\"async\" loading=\"lazy\" height=\"4000\" itemprop=\"image\"  src=\"https:\/\/www.europesays.com\/no\/wp-content\/uploads\/2026\/01\/8a88c0b4-0b64-441f-a223-c9e29f9a9cd0.jpeg\"  style=\"object-position:0% 0%\" width=\"6000\"\/>Foto: Ken Cedeno \/ Reuters \/ NTB<\/p>\n<p class=\"_paragraph_o9xde_4 _paragraph_xtcu6_10 layout-component text-serif-m layout-normal text-serif-m layout-padded\">\u2013 Jeg har et valg i hodet mitt. Jeg har ikke snakket med noen om det, sa Trump. Han beskrev vedkommende som \u00aben av folkene jeg liker\u00bb.<\/p>\n<p class=\"_paragraph_o9xde_4 _paragraph_xtcu6_10 layout-component text-serif-m layout-normal text-serif-m layout-padded\">Onsdag, noen dager f\u00f8r, virket det som om han hadde glemt at det var han selv som valgte Powell i 2017.<\/p>\n<p class=\"_paragraph_o9xde_4 _paragraph_xtcu6_10 layout-component text-serif-m layout-normal text-serif-m layout-padded\">\u2013 Jeg ble overrasket over at han fikk jobben, sa Trump if\u00f8lge <a href=\"https:\/\/edition.cnn.com\/2025\/07\/17\/politics\/powell-federal-reserve-renovation-trump-vought-explainer\" class=\"_link_o9xde_39\" rel=\"nofollow noopener\" target=\"_blank\">CNN<\/a>.<\/p>\n<p>Milliardoverskridelse skaper tr\u00f8bbel<\/p>\n<p class=\"_paragraph_o9xde_4 _paragraph_xtcu6_10 layout-component text-serif-m layout-normal text-serif-m layout-padded\">Powell sa i sin videoerkl\u00e6ring fredag at han vil fortsette \u00e5 gj\u00f8re jobben han er satt til. Perioden hans g\u00e5r ut i mai.<\/p>\n<p class=\"_paragraph_o9xde_4 _paragraph_xtcu6_10 layout-component text-serif-m layout-normal text-serif-m layout-padded\">Kontroversen dreier seg om Federal Reserves renovering av kontorbygg i Washington, D.C. med en prislapp p\u00e5 rundt 25 milliarder norske kroner. <\/p>\n<p class=\"_paragraph_o9xde_4 _paragraph_xtcu6_10 layout-component text-serif-m layout-normal text-serif-m layout-padded\">Prosjektet har g\u00e5tt omtrent 6 milliarder kroner over budsjett siden oppstart. Det opprinnelige estimatet i 2019 var p\u00e5 rundt 19 milliarder norske kroner.<\/p>\n<p class=\"_paragraph_o9xde_4 _paragraph_xtcu6_10 layout-component text-serif-m layout-normal layout-padded\"><strong class=\"_strong_o9xde_25\">Les ogs\u00e5:<\/strong> <a href=\"https:\/\/www.vg.no\/i\/Pp7nVz\" data-track-element-type=\"Link\" data-track-id=\"link:Pp7nVz\" class=\"_link_o9xde_39\" rel=\"nofollow noopener\" target=\"_blank\">Dommer stanser Trumps sparking av sentralbank-topp<\/a><\/p>\n<p class=\"_paragraph_o9xde_4 _paragraph_xtcu6_10 layout-component text-serif-m layout-normal text-serif-m layout-padded\">Trump-administrasjonen har anklaget Powell for \u00e5 enten lyve til Kongressen eller ha feilh\u00e5ndtert prosjektet. Som svar p\u00e5 budsjett\u00adsprekken har Powell pekt p\u00e5 pris\u00f8kninger p\u00e5 spesielt st\u00e5l og sement etter pandemien.<\/p>\n<p class=\"_paragraph_o9xde_4 _paragraph_xtcu6_10 layout-component text-serif-m layout-normal text-serif-m layout-padded\">\u2013 Ingen som sitter i slike roller \u00f8nsker \u00e5 gjennomf\u00f8re omfattende renovasjoner av historiske bygg mens de har jobben. Du foretrekker heller \u00e5 overlate det til dem som kommer etter, og dette er et flott eksempel p\u00e5 hvorfor. Men vi bestemte oss for \u00e5 gj\u00f8re det, sa Powell under en h\u00f8ring foran <a href=\"https:\/\/edition.cnn.com\/2025\/07\/17\/politics\/powell-federal-reserve-renovation-trump-vought-explainer\" class=\"_link_o9xde_39\" rel=\"nofollow noopener\" target=\"_blank\">Senatet i juni<\/a>. <\/p>\n<p><img alt=\"Foto: Andrew Harnik \/ Reuters \/ NTB\" class=\"_image_qp4xg_65 layout-component layout-normal\" data-fullscreen- data-track-element-type=\"Article image fullscreen\" data-track-name=\"ImageFullscreen\" decoding=\"async\" loading=\"lazy\" height=\"3701\" itemprop=\"image\"  src=\"https:\/\/www.europesays.com\/no\/wp-content\/uploads\/2026\/01\/dc9c8569-bf82-4002-a9ca-0557c7e52e12.jpeg\"  style=\"object-position:0% 0%\" width=\"5551\"\/>Foto: Andrew Harnik \/ Reuters \/ NTB<\/p>\n<p class=\"_paragraph_o9xde_4 _paragraph_xtcu6_10 layout-component text-serif-m layout-normal text-serif-m layout-padded\">Hovedbygningen som renoveres er over 90 \u00e5r gammel og har ikke gjennomg\u00e5tt omfattende oppgradering siden 1930-tallet. <\/p>\n<p class=\"_paragraph_o9xde_4 _paragraph_xtcu6_10 layout-component text-serif-m layout-normal text-serif-m layout-padded\">Sentralbanken sier el-, r\u00f8r- og ventilasjonsanlegg er nesten utdaterte, og noe stammer fra bygningenes opprinnelige konstruksjon.<\/p>\n<p class=\"_paragraph_o9xde_4 _paragraph_xtcu6_10 layout-component text-serif-m layout-normal text-serif-m layout-padded\">Det er blant annet asbest, og det har v\u00e6rt vannlekkasjer.<\/p>\n<p><img alt=\"Foto: LUKE JOHNSON \/ EPA \/ NTB\" class=\"_image_qp4xg_65 layout-component layout-normal\" data-fullscreen- data-track-element-type=\"Article image fullscreen\" data-track-name=\"ImageFullscreen\" decoding=\"async\" loading=\"lazy\" height=\"3863\" itemprop=\"image\"  src=\"https:\/\/www.europesays.com\/no\/wp-content\/uploads\/2026\/01\/3b3c4dd9-3800-484d-94b2-a1de986fd5f7.png\"  style=\"object-position:0% 0%\" width=\"5796\"\/>Foto: LUKE JOHNSON \/ EPA \/ NTB<\/p>\n<p class=\"_paragraph_o9xde_4 _paragraph_xtcu6_10 layout-component text-serif-m layout-normal text-serif-m layout-padded\">Trumps budsjettdirekt\u00f8r Russell Vought har kritisert Fed for det han kaller en \u00abprangende overhaling\u00bb av bygningene, med planer om \u00abtakterrasser, VIP private spisesaler og heiser, vannfunksjoner, premium marmor og mye mer\u00bb.<\/p>\n<p class=\"_paragraph_o9xde_4 _paragraph_xtcu6_10 layout-component text-serif-m layout-normal text-serif-m layout-padded\">Powell har tilbakevist p\u00e5standene og sagt det ikke finnes noen VIP-spisesaler, nytt marmor eller spesialheiser i planene.<\/p>\n<p class=\"_paragraph_o9xde_4 _paragraph_xtcu6_10 layout-component text-serif-m layout-normal layout-padded\"><strong class=\"_strong_o9xde_25\">Les ogs\u00e5:<\/strong> <a href=\"https:\/\/www.vg.no\/i\/73xJPB\" data-track-element-type=\"Link\" data-track-id=\"link:73xJPB\" class=\"_link_o9xde_39\" rel=\"nofollow noopener\" target=\"_blank\">\u00abProsjekt 2025\u00bb-bakmann f\u00e5r Trump-rolle: \u2013 Mener alvor med \u00e5 konsentrere mer makt rundt presidenten<\/a><\/p>\n<p class=\"_paragraph_o9xde_4 _paragraph_xtcu6_10 layout-component text-serif-m layout-normal text-serif-m layout-padded\">\u2013 Det er ingen VIP-spisesal. Det er ikke nytt marmor. Det er ingen spesialheiser. Det er ingen nye vannfunksjoner, sa Powell under en h\u00f8ring i Senatet if\u00f8lge\u00a0<a href=\"https:\/\/apnews.com\/article\/trump-powell-federal-reserve-building-renovation-2393d9ac9fdb9508f285d0faa5f4de41\" class=\"_link_o9xde_39\" rel=\"nofollow noopener\" target=\"_blank\">AP News<\/a>.<\/p>\n<p class=\"_paragraph_o9xde_4 _paragraph_xtcu6_10 layout-component text-serif-m layout-normal text-serif-m layout-padded\">Blant annet <a href=\"https:\/\/edition.cnn.com\/2025\/07\/17\/politics\/powell-federal-reserve-renovation-trump-vought-explainer\" class=\"_link_o9xde_39\" rel=\"nofollow noopener\" target=\"_blank\">handler utspillet<\/a> om heisen om \u00e5 gj\u00f8re en heis rullestolvennlig.<\/p>\n<p class=\"_paragraph_o9xde_4 _paragraph_xtcu6_10 layout-component text-serif-m layout-normal text-serif-m layout-padded\">F\u00f8r <a href=\"https:\/\/www.vg.no\/nyheter\/i\/73xJPB\/donald-trump-utnevner-russ-vought-til-noekkelrolle\" data-track-element-type=\"Link\" data-track-id=\"link:73xJPB\" class=\"_link_o9xde_39\" rel=\"nofollow noopener\" target=\"_blank\">Vought kom til Det hvite hus <\/a>var han i toppen av Project 2025 i The Heritage FoundationThe Heritage FoundationThe Heritage Foundation er en konservativ tenketank i USA som jobber med \u00e5 p\u00e5virke politiske beslutninger og fremme konservative ideer.. <\/p>\n<p class=\"_paragraph_o9xde_4 _paragraph_xtcu6_10 layout-component text-serif-m layout-normal text-serif-m layout-padded\">Project 2025 er et initiativ fra The Heritage Foundation som foresl\u00e5r politiske endringer. Der ble det l\u00f8ftet \u00e5 fjerne sentralbanken til fordel for fritt spillerom for bankene. Den amerikanske sentralbanken ble opprettet etter flere bankkriser.<\/p>\n","protected":false},"excerpt":{"rendered":"President Trump anklager sentralbanksjef Powell for d\u00e5rlig h\u00e5ndtering og vil erstatte ham. Powell mener justisdepartementet truer ham til&hellip;\n","protected":false},"author":2,"featured_media":136623,"comment_status":"","ping_status":"","sticky":false,"template":"","format":"standard","meta":{"footnotes":""},"categories":[5],"tags":[1238,20,21,55,24,25,15,19,232,22,23,17,18,13,30,28,29,14,16,26,27],"class_list":{"0":"post-136622","1":"post","2":"type-post","3":"status-publish","4":"format-standard","5":"has-post-thumbnail","7":"category-overskrifter","8":"tag-amerikansk-politikk","9":"tag-breaking-news","10":"tag-breakingnews","11":"tag-donald-trump","12":"tag-featured-news","13":"tag-featurednews","14":"tag-headlines","15":"tag-hovedoppslag","16":"tag-jerome-powell","17":"tag-latest-news","18":"tag-latestnews","19":"tag-main-news","20":"tag-mainnews","21":"tag-news","22":"tag-no","23":"tag-norge","24":"tag-norway","25":"tag-nyheter","26":"tag-overskrifter","27":"tag-top-stories","28":"tag-topstories"},"share_on_mastodon":{"url":"https:\/\/pubeurope.com\/@no\/115891494117802888","error":""},"_links":{"self":[{"href":"https:\/\/www.europesays.com\/no\/wp-json\/wp\/v2\/posts\/136622","targetHints":{"allow":["GET"]}}],"collection":[{"href":"https:\/\/www.europesays.com\/no\/wp-json\/wp\/v2\/posts"}],"about":[{"href":"https:\/\/www.europesays.com\/no\/wp-json\/wp\/v2\/types\/post"}],"author":[{"embeddable":true,"href":"https:\/\/www.europesays.com\/no\/wp-json\/wp\/v2\/users\/2"}],"replies":[{"embeddable":true,"href":"https:\/\/www.europesays.com\/no\/wp-json\/wp\/v2\/comments?post=136622"}],"version-history":[{"count":0,"href":"https:\/\/www.europesays.com\/no\/wp-json\/wp\/v2\/posts\/136622\/revisions"}],"wp:featuredmedia":[{"embeddable":true,"href":"https:\/\/www.europesays.com\/no\/wp-json\/wp\/v2\/media\/136623"}],"wp:attachment":[{"href":"https:\/\/www.europesays.com\/no\/wp-json\/wp\/v2\/media?parent=136622"}],"wp:term":[{"taxonomy":"category","embeddable":true,"href":"https:\/\/www.europesays.com\/no\/wp-json\/wp\/v2\/categories?post=136622"},{"taxonomy":"post_tag","embeddable":true,"href":"https:\/\/www.europesays.com\/no\/wp-json\/wp\/v2\/tags?post=136622"}],"curies":[{"name":"wp","href":"https:\/\/api.w.org\/{rel}","templated":true}]}}