{"id":136626,"date":"2026-01-14T04:23:30","date_gmt":"2026-01-14T04:23:30","guid":{"rendered":"https:\/\/www.europesays.com\/no\/136626\/"},"modified":"2026-01-14T04:23:30","modified_gmt":"2026-01-14T04:23:30","slug":"ap-vokser-pa-ny-partimaling","status":"publish","type":"post","link":"https:\/\/www.europesays.com\/no\/136626\/","title":{"rendered":"Ap vokser p\u00e5 ny partim\u00e5ling"},"content":{"rendered":"\n<ul class=\"_list_o9xde_3 _list_64s2r_85 _unordered_o9xde_106 text-sans-m\">\n<li class=\"_item_o9xde_30\">Arbeiderpartiet \u00f8ker oppslutningen til 25,2 prosent i ny m\u00e5ling, men Frp er fortsatt st\u00f8rst.<\/li>\n<li class=\"_item_o9xde_30\">Sp synker for tredje m\u00e5ling p\u00e5 rad, og n\u00e6rmer seg sperregrensen med 4,8 prosent oppslutning.<\/li>\n<li class=\"_item_o9xde_30\">M\u00e5lingen er utf\u00f8rt av Respons Analyse for VG og Aftenposten.<\/li>\n<\/ul>\n<p>Vis mer <\/p>\n<p class=\"_paragraph_o9xde_4 _paragraph_xtcu6_10 layout-component text-serif-m layout-normal text-serif-m layout-padded\">Arbeiderpartiet g\u00e5r frem i en ny partim\u00e5ling og f\u00e5r 25,2 prosent oppslutning. <\/p>\n<p class=\"_paragraph_o9xde_4 _paragraph_xtcu6_10 layout-component text-serif-m layout-normal text-serif-m layout-padded\">Partiet \u00f8ker dermed oppslutning med 2,4 prosentpoeng fra tilsvarende m\u00e5ling i desember.<\/p>\n<p class=\"_paragraph_o9xde_4 _paragraph_xtcu6_10 layout-component text-serif-m layout-normal text-serif-m layout-padded\">M\u00e5lingen er gjennomf\u00f8rt av Respons Analyse i perioden 7.\u20139. januar 2026 for VG og Aftenposten. <\/p>\n<p class=\"_paragraph_o9xde_4 _paragraph_xtcu6_10 layout-component text-serif-m layout-normal text-serif-m layout-padded\">\u2013 Jeg er glad for at Ap g\u00e5r frem, med over 25 prosent oppslutning p\u00e5 flere m\u00e5linger. Det er bra men vi \u00f8nsker \u00e5 vokse videre, sier St\u00f8re om m\u00e5lingen.<\/p>\n<p class=\"_paragraph_o9xde_4 _paragraph_xtcu6_10 layout-component text-serif-m layout-normal text-serif-m layout-padded\">\u2013 Frp er fortsatt st\u00f8rste parti?<\/p>\n<p class=\"_paragraph_o9xde_4 _paragraph_xtcu6_10 layout-component text-serif-m layout-normal text-serif-m layout-padded\">\u2013 Vi sikter oss inn p\u00e5 \u00e5 bli landets st\u00f8rste parti.<\/p>\n<p class=\"_paragraph_o9xde_4 _paragraph_xtcu6_10 layout-component text-serif-m layout-normal text-serif-m layout-padded\">\u2013 Selv om Ap g\u00e5r noe opp p\u00e5 m\u00e5linger, er det fortsatt borgerlige 87\u201382 flertall p\u00e5 Stortinget ut ifra VGs m\u00e5ling, til og med med KrF og Venstre under <a href=\"https:\/\/snl.no\/sperregrense\" class=\"_link_o9xde_39\" rel=\"nofollow noopener\" target=\"_blank\">sperregrensen<\/a>?<\/p>\n<p class=\"_paragraph_o9xde_4 _paragraph_xtcu6_10 layout-component text-serif-m layout-normal text-serif-m layout-padded\">\u2013 Mandatfordelingen er jeg mindre opptatt av, fordi det tross alt nesten er fire \u00e5r til neste stortingsvalg.<\/p>\n<p> Styrket lojalitet<\/p>\n<p class=\"_paragraph_o9xde_4 _paragraph_xtcu6_10 layout-component text-serif-m layout-normal text-serif-m layout-padded\">St\u00f8re pekte i sin tale til partiets sentralstyre mandag at det bare er halvannet \u00e5r igjen til kommunevalget.<\/p>\n<p class=\"_paragraph_o9xde_4 _paragraph_xtcu6_10 layout-component text-serif-m layout-normal text-serif-m layout-padded\">\u2013 H\u00f8yre har mange ordf\u00f8rere og Frp er rekordstore i store deler av landet, hvor dere sliter kraftig, blant annet p\u00e5 Vestlandet og Nord-Vestlandet?<\/p>\n<p class=\"_paragraph_o9xde_4 _paragraph_xtcu6_10 layout-component text-serif-m layout-normal text-serif-m layout-padded\">\u2013 Vi skal ha fokus p\u00e5 det valget fremover hvor vi skal m\u00e5le andre partiers l\u00f8sninger opp mot v\u00e5re. Jeg har tro p\u00e5 at Frp ikke har de svarene kommunene trenger, enten de er sm\u00e5 eller store eller ligger ved kysten eller i innlandet.<\/p>\n<p class=\"_paragraph_o9xde_4 _paragraph_xtcu6_10 layout-component text-serif-m layout-normal text-serif-m layout-padded\">\u2013 Hva er m\u00e5let for antallet ordf\u00f8rere ved kommunevalget i 2027?<\/p>\n<p class=\"_paragraph_o9xde_4 _paragraph_xtcu6_10 layout-component text-serif-m layout-normal text-serif-m layout-padded\">\u2013 Vi har ikke satt noe tall p\u00e5 det, men vi har en klar marsjordre om at vi skal gj\u00f8re et bedre valg enn i 2023.<\/p>\n<p class=\"_paragraph_o9xde_4 _paragraph_xtcu6_10 layout-component text-serif-m layout-normal text-serif-m layout-padded\">Ap mistet 39 ordf\u00f8rere i 2023 og har n\u00e5 111 av 357 ordf\u00f8rere i Norge.<\/p>\n<p class=\"_paragraph_o9xde_4 _paragraph_xtcu6_10 layout-component text-serif-m layout-normal text-serif-m layout-padded\">H\u00f8yre fikk 69 nye ordf\u00f8rere.<\/p>\n<p><img alt=\"FORN\u00d8YD: Statsminister Jonas Gahr St\u00f8re (Ap) er forn\u00f8yd med siste m\u00e5ling, men vil jobbe for \u00e5 sl\u00e5 Frp.  Foto: G\u00f8ran Bohlin \/ VG\" class=\"_image_qp4xg_65 layout-component layout-normal\" data-fullscreen- data-track-element-type=\"Article image fullscreen\" data-track-name=\"ImageFullscreen\" decoding=\"async\" loading=\"lazy\" height=\"5504\" itemprop=\"image\"  src=\"https:\/\/www.europesays.com\/no\/wp-content\/uploads\/2026\/01\/0c09a98e-20a8-403f-92b8-fc937e583bfa.jpeg\"  style=\"object-position:0% 0%\" width=\"8256\"\/>FORN\u00d8YD: Statsminister Jonas Gahr St\u00f8re (Ap) er forn\u00f8yd med siste m\u00e5ling, men vil jobbe for \u00e5 sl\u00e5 Frp.  Foto: G\u00f8ran Bohlin \/ VG<\/p>\n<p class=\"_paragraph_o9xde_4 _paragraph_xtcu6_10 layout-component text-serif-m layout-normal text-serif-m layout-padded\">Seniorr\u00e5dgiver Idar Eidset i Respons Analyse sier Aps fremgang skyldes at partiet har styrket lojalitet lojalitetAndelen av dem som stemte p\u00e5 et parti ved forrige valg, som sier at de vil stemme p\u00e5 samme parti igjen. blant velgere som stemte p\u00e5 dem i fjor. <\/p>\n<p class=\"_paragraph_o9xde_4 _paragraph_xtcu6_10 layout-component text-serif-m layout-normal text-serif-m layout-padded\">\u2013 N\u00e5 er det flere som fortsatt vil stemme p\u00e5 dem enn det det var i desember og november, sier han.<\/p>\n<p class=\"_paragraph_o9xde_4 _paragraph_xtcu6_10 layout-component text-serif-m layout-normal text-serif-m layout-padded\">Da Regjeringen forslo \u00e5 kutte gratis ferger og sletting av studiegjeld i enkelte kommuner i h\u00f8st, ble det rabalder p\u00e5 Stortinget.<\/p>\n<p class=\"_paragraph_o9xde_4 _paragraph_xtcu6_10 layout-component text-serif-m layout-normal text-serif-m layout-padded\">I etterkant gjorde Ap et kraftig fall p\u00e5 partim\u00e5lingene \u2013 fra 28,4 prosent i oktober til 22 prosent i november. <\/p>\n<p class=\"_paragraph_o9xde_4 _paragraph_xtcu6_10 layout-component text-serif-m layout-normal text-serif-m layout-padded\">\u2013 Dette kan tyde p\u00e5 at br\u00e5ket rundt fergeprisene og sletting av studiegjeld som kom rett etter valget kan v\u00e6re i ferd med \u00e5 bl\u00e5se litt over, sier Eidset. <\/p>\n<p> Sp mindre enn R\u00f8dt \u2013 igjen <\/p>\n<p class=\"_paragraph_o9xde_4 _paragraph_xtcu6_10 layout-component text-serif-m layout-normal text-serif-m layout-padded\">For tredje m\u00e5ling p\u00e5 rad synker Senterpartiet p\u00e5 m\u00e5lingen. <\/p>\n<p class=\"_paragraph_o9xde_4 _paragraph_xtcu6_10 layout-component text-serif-m layout-normal text-serif-m layout-padded\">I januarm\u00e5lingen n\u00e6rmer partiet seg sperregrensen og landet p\u00e5 4,8 prosent oppslutning. Det er en nedgang med 1,2 prosentpoeng, fra 6,0 prosent oppslutning i desember.<\/p>\n<p class=\"_paragraph_o9xde_4 _paragraph_xtcu6_10 layout-component text-serif-m layout-normal text-serif-m layout-padded\">\u2013 Denne m\u00e5lingen er for lav, og vi vet at et sterkt Senterparti trengs for \u00e5 hindre at Norge sentraliseres, svarer Sp-leder Trygve Slagsvold Vedum. <\/p>\n<p><img decoding=\"async\" alt=\"Bilde av Trygve Slagsvold Vedum\" class=\"_image_ygndg_42\" height=\"27\" itemprop=\"image\" loading=\"lazy\"  src=\"https:\/\/www.europesays.com\/no\/wp-content\/uploads\/2026\/01\/92a64bf4-8101-4dc7-8520-d2f8b711846c.jpeg\"  width=\"40\"\/><strong class=\"_name_ygndg_51 title-serif-xs\">Trygve Slagsvold Vedum<\/strong><\/p>\n<p class=\"_paragraph_o9xde_4 text-sans-m _description_ygndg_56\">Partileder, Sp<\/p>\n<p class=\"_paragraph_o9xde_4 _paragraph_xtcu6_10 layout-component text-serif-m layout-normal text-serif-m layout-padded\">Januarm\u00e5lingen viser for fjerde gang at Sp har lavere oppslutning enn R\u00f8dt. <\/p>\n<p class=\"_paragraph_o9xde_4 _paragraph_xtcu6_10 layout-component text-serif-m layout-normal text-serif-m layout-padded\">Sistnevnte scorer 6,4 prosent, nesten to prosentpoeng mer enn Sp. <\/p>\n<p class=\"_paragraph_o9xde_4 _paragraph_xtcu6_10 layout-component text-serif-m layout-normal text-serif-m layout-padded\">\u2013 Hvis man ikke \u00f8nsker at Norge skal bli medlem av EU, men at vi ogs\u00e5 i fremtiden skal ha levende lokalsamfunn over hele Norge, er Senterpartiet avgj\u00f8rende viktig. Vi gir oss aldri i kampen for \u00e5 sikre lokalsykehus, skoler, politi og andre viktige tjenester n\u00e6r folk, svarer Vedum.<\/p>\n<p class=\"_paragraph_o9xde_4 _paragraph_xtcu6_10 layout-component text-serif-m layout-normal text-serif-m layout-padded\">\u00a0<\/p>\n","protected":false},"excerpt":{"rendered":"Arbeiderpartiet \u00f8ker oppslutningen til 25,2 prosent i ny m\u00e5ling, men Frp er fortsatt st\u00f8rst. Sp synker for tredje&hellip;\n","protected":false},"author":2,"featured_media":136627,"comment_status":"","ping_status":"","sticky":false,"template":"","format":"standard","meta":{"footnotes":""},"categories":[10],"tags":[20,21,24,25,15,22,23,13,30,28,29,14,16,333,26,27,205],"class_list":{"0":"post-136626","1":"post","2":"type-post","3":"status-publish","4":"format-standard","5":"has-post-thumbnail","7":"category-norge","8":"tag-breaking-news","9":"tag-breakingnews","10":"tag-featured-news","11":"tag-featurednews","12":"tag-headlines","13":"tag-latest-news","14":"tag-latestnews","15":"tag-news","16":"tag-no","17":"tag-norge","18":"tag-norway","19":"tag-nyheter","20":"tag-overskrifter","21":"tag-stortinget","22":"tag-top-stories","23":"tag-topstories","24":"tag-vgsamfunn"},"share_on_mastodon":{"url":"https:\/\/pubeurope.com\/@no\/115891549163981975","error":""},"_links":{"self":[{"href":"https:\/\/www.europesays.com\/no\/wp-json\/wp\/v2\/posts\/136626","targetHints":{"allow":["GET"]}}],"collection":[{"href":"https:\/\/www.europesays.com\/no\/wp-json\/wp\/v2\/posts"}],"about":[{"href":"https:\/\/www.europesays.com\/no\/wp-json\/wp\/v2\/types\/post"}],"author":[{"embeddable":true,"href":"https:\/\/www.europesays.com\/no\/wp-json\/wp\/v2\/users\/2"}],"replies":[{"embeddable":true,"href":"https:\/\/www.europesays.com\/no\/wp-json\/wp\/v2\/comments?post=136626"}],"version-history":[{"count":0,"href":"https:\/\/www.europesays.com\/no\/wp-json\/wp\/v2\/posts\/136626\/revisions"}],"wp:featuredmedia":[{"embeddable":true,"href":"https:\/\/www.europesays.com\/no\/wp-json\/wp\/v2\/media\/136627"}],"wp:attachment":[{"href":"https:\/\/www.europesays.com\/no\/wp-json\/wp\/v2\/media?parent=136626"}],"wp:term":[{"taxonomy":"category","embeddable":true,"href":"https:\/\/www.europesays.com\/no\/wp-json\/wp\/v2\/categories?post=136626"},{"taxonomy":"post_tag","embeddable":true,"href":"https:\/\/www.europesays.com\/no\/wp-json\/wp\/v2\/tags?post=136626"}],"curies":[{"name":"wp","href":"https:\/\/api.w.org\/{rel}","templated":true}]}}