{"id":136628,"date":"2026-01-14T04:27:07","date_gmt":"2026-01-14T04:27:07","guid":{"rendered":"https:\/\/www.europesays.com\/no\/136628\/"},"modified":"2026-01-14T04:27:07","modified_gmt":"2026-01-14T04:27:07","slug":"nye-bilder-fra-nasa-satellitt-overrasker-isfjellenes-dronning-gjennomgar-dramatisk-endring","status":"publish","type":"post","link":"https:\/\/www.europesays.com\/no\/136628\/","title":{"rendered":"Nye bilder fra Nasa-satellitt overrasker: Isfjellenes dronning gjennomg\u00e5r dramatisk endring"},"content":{"rendered":"<p>I august 1986 l\u00f8snet isfjellet A-23A fra Filchner-isbremmen i Antarktis. Med sine dr\u00f8yt 3900 km\u00b2 ble det verdens st\u00f8rste isfjell og fikk tittelen \u00abIsfjellenes dronning\u00bb.<\/p>\n<p>Etter \u00e5 ha v\u00e6rt strandet p\u00e5 bunnen av Weddellhavet i rundt 30 \u00e5r, rev det seg l\u00f8s i 2023, mens observat\u00f8rer tidlig i 2025 meldte at det var p\u00e5 vei mot \u00f8ya S\u00f8r-Georgia.<\/p>\n<p>H\u00f8sten 2025 skjedde det noe drastisk med A-23A, og n\u00e5 viser ferske satellittbilder at isfjellet har gjennomg\u00e5tt en dramatisk forandring.<\/p>\n","protected":false},"excerpt":{"rendered":"I august 1986 l\u00f8snet isfjellet A-23A fra Filchner-isbremmen i Antarktis. Med sine dr\u00f8yt 3900 km\u00b2 ble det verdens&hellip;\n","protected":false},"author":2,"featured_media":136629,"comment_status":"","ping_status":"","sticky":false,"template":"","format":"standard","meta":{"footnotes":""},"categories":[57],"tags":[30,28,29,65,63,64,66,70,69,67,68],"class_list":{"0":"post-136628","1":"post","2":"type-post","3":"status-publish","4":"format-standard","5":"has-post-thumbnail","7":"category-vitenskap-og-teknologi","8":"tag-no","9":"tag-norge","10":"tag-norway","11":"tag-science","12":"tag-science-and-technology","13":"tag-scienceandtechnology","14":"tag-technology","15":"tag-teknologi","16":"tag-vitenskap","17":"tag-vitenskap-og-teknologi","18":"tag-vitenskapteknologi"},"share_on_mastodon":{"url":"https:\/\/pubeurope.com\/@no\/115891564881289780","error":""},"_links":{"self":[{"href":"https:\/\/www.europesays.com\/no\/wp-json\/wp\/v2\/posts\/136628","targetHints":{"allow":["GET"]}}],"collection":[{"href":"https:\/\/www.europesays.com\/no\/wp-json\/wp\/v2\/posts"}],"about":[{"href":"https:\/\/www.europesays.com\/no\/wp-json\/wp\/v2\/types\/post"}],"author":[{"embeddable":true,"href":"https:\/\/www.europesays.com\/no\/wp-json\/wp\/v2\/users\/2"}],"replies":[{"embeddable":true,"href":"https:\/\/www.europesays.com\/no\/wp-json\/wp\/v2\/comments?post=136628"}],"version-history":[{"count":0,"href":"https:\/\/www.europesays.com\/no\/wp-json\/wp\/v2\/posts\/136628\/revisions"}],"wp:featuredmedia":[{"embeddable":true,"href":"https:\/\/www.europesays.com\/no\/wp-json\/wp\/v2\/media\/136629"}],"wp:attachment":[{"href":"https:\/\/www.europesays.com\/no\/wp-json\/wp\/v2\/media?parent=136628"}],"wp:term":[{"taxonomy":"category","embeddable":true,"href":"https:\/\/www.europesays.com\/no\/wp-json\/wp\/v2\/categories?post=136628"},{"taxonomy":"post_tag","embeddable":true,"href":"https:\/\/www.europesays.com\/no\/wp-json\/wp\/v2\/tags?post=136628"}],"curies":[{"name":"wp","href":"https:\/\/api.w.org\/{rel}","templated":true}]}}