{"id":136652,"date":"2026-01-14T05:35:53","date_gmt":"2026-01-14T05:35:53","guid":{"rendered":"https:\/\/www.europesays.com\/no\/136652\/"},"modified":"2026-01-14T05:35:53","modified_gmt":"2026-01-14T05:35:53","slug":"ny-teknologisk-oppgradert-sedan-med-rask-lading","status":"publish","type":"post","link":"https:\/\/www.europesays.com\/no\/136652\/","title":{"rendered":"Ny teknologisk oppgradert sedan med rask lading"},"content":{"rendered":"<p>\n        \u2013 P7+ er v\u00e5r f\u00f8rste bil med den nye chipen kalt \u00abTuring\u00bb. Det betyr at bilen allerede er klargjort for selvkj\u00f8ring p\u00e5 motorvei. S\u00e5 n\u00e5r regelverket tillater det er vi klare, forteller Trine Johansen, markedsdirekt\u00f8r hos den norske Xpeng-import\u00f8ren.<\/p>\n<p class=\"kicker tertiary color_mobile_tertiary\" style=\"\">Lanserer stor og selvkj\u00f8rende sedan<\/p>\n<p>    Av fem planlagte lanseringer i 2026 kommer P7+, en voksen sedan med ekstremt hurtig lading f\u00f8rst.<\/p>\n<p>\u2013 Vi er<br \/>\nveldig forn\u00f8yde med fjor\u00e5ret og gleder oss til \u00e5 ta fatt p\u00e5 2026. Det blir et<br \/>\nveldig spennende \u00e5r.<\/p>\n<p>Markedsdirekt\u00f8r<br \/>\nTrine Johansen i Xpeng er ikke bare i godt hum\u00f8r, men smiler nesten like bredt<br \/>\nsom lyslisten foran p\u00e5 Xpengs seneste nyhet, P7+. For det er et stort sprang<br \/>\nfra <a href=\"https:\/\/www.bilnorge.no\/biltest\/kinas-tesla-svar\/967341\" target=\"_blank\" rel=\"nofollow noopener\">P7-utgaven BilNorge kj\u00f8rte i Oslo for ganske n\u00f8yaktig fem \u00e5r siden<\/a>, og til kommende<br \/>\nvariant med europeisk premiere p\u00e5 Brussels Motor Show.<\/p>\n<p>\u00a0\u2013 F\u00f8rst<br \/>\nhadde vi P7, s\u00e5 kom P7i og n\u00e5 P7+ hvor + st\u00e5r for teknologisk oppgradering. Og<br \/>\nden er omfattende for her er alt nytt, b\u00e5de utvendig og innvendig. Ogs\u00e5<br \/>\nplattformen er ny, forteller Johansen.<\/p>\n<p>Betydelig<br \/>\nst\u00f8rre<\/p>\n<p>Samtidig er<br \/>\nXpengs store sedanmodellen blitt enda st\u00f8rre og rommeligere ved \u00e5 ha vokst fra<br \/>\n4,75 til 5,07 meter med tre meter akselavstand.\u00a0\u00a0<\/p>\n<p class=\"font-weight-bold m-font-weight-bold\" data-lab-font_weight=\"font-weight-bold\">Markedsdirekt\u00f8ren lister opp en rekke tall som skal v\u00e6re lette \u00e5 huske:<\/p>\n<ul class=\"font-weight-bold m-font-weight-bold\" data-lab-font_weight=\"font-weight-bold\">\n<li class=\"lab-bodytext-line\">5 meter lang<\/li>\n<li class=\"lab-bodytext-line\">500 hk<\/li>\n<li class=\"lab-bodytext-line\">500 km rekkevidde<\/li>\n<li class=\"lab-bodytext-line font-weight-bold m-font-weight-bold\" data-lab-font_weight=\"font-weight-bold\">500.000 kroner<\/li>\n<\/ul>\n<p class=\"font-weight-normal m-font-weight-normal\" data-lab-font_weight=\"font-weight-normal\">Dette er<br \/>\ni hvert fall s\u00e5nn omtrent riktig for Performance-utgaven med firehjulsdrift. En<br \/>\nLong Range-variant med kun drift p\u00e5 bakhjulene koster 65.000 kroner mindre<br \/>\nenn toppmodellen, men begge har samme batteri p\u00e5 74,9 kWt. Rekkeviddeforskjellen<br \/>\nhar mindre betydning, 530 mot 500 km.<\/p>\n<p class=\"font-weight-normal m-font-weight-normal\" data-lab-font_weight=\"font-weight-normal\">\u00a0\u2013 P7+ har<br \/>\net litt mindre batteri enn i de \u00f8vrige modellene v\u00e5re, men det kompenserer vi<br \/>\nmed mer effektive motorer og lavere luftmotstand, sier Johansen.<\/p>\n<p>                <img decoding=\"async\" src=\"https:\/\/www.europesays.com\/no\/wp-content\/uploads\/2026\/01\/4158048.webp.jpeg\" width=\"480\" height=\"274\" title=\"Xpeng-modellene er blitt kjent for \u00e5 lade raskt. P7+ kan lade opptil 446 kW.\" alt=\"\" loading=\"lazy\" style=\"\"\/><\/p>\n<p>\n            Xpeng-modellene er blitt kjent for \u00e5 lade raskt. P7+ kan lade opptil 446 kW.<\/p>\n<p>10-80<br \/>\nprosent p\u00e5 12 minutter<\/p>\n<p class=\"font-weight-normal m-font-weight-normal\" data-lab-font_weight=\"font-weight-normal\">Mye<br \/>\nviktigere er hvor fort P7+ tar imot str\u00f8m. For med 800 volt teknologi lades fra<br \/>\n10 til 80 batterikapasitet p\u00e5 12 minutter om laderen har kapasitet og temperaturen<br \/>\np\u00e5 batteriet er rett. <\/p>\n<p class=\"font-weight-normal m-font-weight-normal\" data-lab-font_weight=\"font-weight-normal\">\u00a0\u2013 Vi har<br \/>\net ambisi\u00f8st m\u00e5l om \u00e5 levere over 7\u00a0000 biler i Norge i \u00e5r, og selv om man<br \/>\nikke skal se bort fra at G6 blir viktigste modell for \u00e5 n\u00e5 m\u00e5let, kommer P7+<br \/>\ntil \u00e5 bidra n\u00e5r den er i markedet til v\u00e5ren. Det f\u00f8rste eksemplaret kommer<br \/>\nsnart til landet og dernest f\u00e5r agentene v\u00e5re biler om ikke altfor lenge, sier Johansen.<\/p>\n<p class=\"font-weight-normal m-font-weight-normal\" data-lab-font_weight=\"font-weight-normal\">\u00a0Xpeng kan<br \/>\nse tilbake p\u00e5 noen str\u00e5lende \u00e5r etter f\u00f8rst \u00e5 ha \u00f8kt volumet fra 703 biler i 2022<br \/>\nvia 777 eksemplarer i 2023 til 1.962 biler i 2024. Mot slutten av 2025 overrasket<br \/>\nregjeringen i 2026-budsjettforslaget \u00e5 senke momsinnslagspunktet for elbiler<br \/>\nfra 500.000 til 300.000 kroner, og deretter banket endringen gjennom<br \/>\ni Stortinget.\u00a0 Resultatet ble at en samlet bilbransje<br \/>\nl\u00f8p som gale gjennom hele desember og l\u00f8ftet personbilutleveringene til ny norsk<br \/>\n\u00e5rsrekord p\u00e5 179.550 enheter, en \u00f8kning p\u00e5 39,5 prosent fra \u00e5ret f\u00f8r.<\/p>\n<p>            P7+ har et litt mindre batteri enn i de \u00f8vrige modellene v\u00e5re, men det kompenserer vi med mer effektive motorer og lavere luftmotstand.<\/p>\n<p class=\"author \" style=\"\">Markedsdirekt\u00f8r Trine Johansen<\/p>\n<p>Vokser<br \/>\nraskt<\/p>\n<p class=\"font-weight-normal m-font-weight-normal\" data-lab-font_weight=\"font-weight-normal\">Men Xpeng<br \/>\ngjorde det enda bedre og dro opp volumet med 128 prosent til 4.466 biler. Det<br \/>\ngjorde Xpeng til tredje st\u00f8rste kinesiske billeverand\u00f8r, bare sl\u00e5tt av BYD og<br \/>\nMG. S\u00e5 endte Xpeng G6 som nest mest popul\u00e6re kinesiske enkeltmodell bak BYD<br \/>\nSealion 7.<\/p>\n<p class=\"font-weight-normal m-font-weight-normal\" data-lab-font_weight=\"font-weight-normal\"><a href=\"https:\/\/www.bilnytt.no\/subscriber\/showArticle.aspx?articleid=13658\" target=\"_blank\" rel=\"nofollow noopener\">BilNytt.no<\/a> kunne fortelle f\u00f8r jul at Xpengs moder\u00adsel\u00adskap i Kina har en langsiktig<br \/>\nforventning om at det norske markedet kan ta unna 20.000 biler \u00e5rlig og at<br \/>\nXpeng planlegger \u00e5 f\u00f8lge Tesla med eget ladenettverk som p\u00e5 sikt kan<br \/>\noppgraderes til 1.000 kW ladeeffekt.<\/p>\n<p class=\"italic m-italic font-weight-normal m-font-weight-normal\" data-lab-italic=\"italic\" data-lab-font_weight=\"font-weight-normal\">\u00a0\u2013 Hva blir<br \/>\nneste modell fra Xpeng?<\/p>\n<p class=\"font-weight-normal m-font-weight-normal\" data-lab-font_weight=\"font-weight-normal\">\u00a0\u2013 Vi vil<br \/>\nlansere fem nye modeller i \u00e5r. P7+ kommer f\u00f8rst, men det eneste jeg kan si om fortsettelsen<br \/>\ner \u00abstay tuned\u00bb, sier markedsdirekt\u00f8ren.<\/p>\n<p class=\"font-weight-normal m-font-weight-normal\" data-lab-font_weight=\"font-weight-normal\">\u00a0\u2013 Blir<br \/>\ndet de neste lanseringene st\u00f8rre eller mindre modeller?<\/p>\n<p class=\"font-weight-normal m-font-weight-normal\" data-lab-font_weight=\"font-weight-normal\">\u00a0\u2013 Beklager,<br \/>\nmen mer kan jeg ikke si, sier hun.<\/p>\n<p>                <img decoding=\"async\" src=\"https:\/\/www.europesays.com\/no\/wp-content\/uploads\/2026\/01\/4157982.webp.jpeg\" width=\"480\" height=\"274\" title=\"P7+ er en stor bil og bagasjerommet sluker 573 liter.\" alt=\"\" loading=\"lazy\" style=\"\"\/><\/p>\n<p>\n            P7+ er en stor bil og bagasjerommet sluker 573 liter.<\/p>\n<p>\u00a0Utviklet<br \/>\negen brikke<\/p>\n<p class=\"font-weight-normal m-font-weight-normal\" data-lab-font_weight=\"font-weight-normal\">\u2013 P7+ er<br \/>\nv\u00e5r f\u00f8rste bil med den nye chipen kalt \u00abTuring\u00bb. Det betyr at bilen allerede er<br \/>\nklargjort for selvkj\u00f8ring p\u00e5 motorvei. S\u00e5 n\u00e5r regelverket tillater det er vi<br \/>\nklare, forteller Johansen.<\/p>\n<p class=\"font-weight-normal m-font-weight-normal\" data-lab-font_weight=\"font-weight-normal\">Ny chip<br \/>\nbetyr at Xpeng har utviklet sin egen KI-brikke og oppkalt den etter den<br \/>\nbritiske matematikeren Alan Turing. Brikken erstatter Nvida-brikkene som Xpeng<br \/>\ns\u00e5 langt har brukt.<\/p>\n<p class=\"font-weight-normal m-font-weight-normal\" data-lab-font_weight=\"font-weight-normal\">Til tross<br \/>\nfor hyggelig pris er P7+ en p\u00e5kostet modell. Elektrisk innfellbart tilhengerfeste<br \/>\ntil \u00e5 trekke inntil 1\u00a0500 kg er standard. Likeledes stort headupdisplay som<br \/>\nviser bilens blindsoner n\u00e5r blinklyset aktiveres, digitalt bakspeil, massasje i<br \/>\nforsetene og baksetet, 8,8 tommer stor skjerm for baksetepassasjerene og ikke<br \/>\nminst aktiv st\u00f8ydemping for \u00e5 gj\u00f8re oppholdet i bilen ekstra komfortabelt.<\/p>\n<p>    Xpeng P7+ Long Range\/Performance<\/p>\n<tr>\n<td>Pris Long Range fra<\/td>\n<td>Kr. 449 900<\/td>\n<\/tr>\n<tr>\n<td>Pris Performance fra<\/td>\n<td>Kr. 514 900<\/td>\n<\/tr>\n<tr>\n<td>Motor<\/td>\n<td>El 503\/313 hk<\/td>\n<\/tr>\n<tr>\n<td>Drivlinje<\/td>\n<td>1A, AWD\/RWD<\/td>\n<\/tr>\n<tr>\n<td>0-100 km\/t<\/td>\n<td>6,2\/4,3 sekunder<\/td>\n<\/tr>\n<tr>\n<td>Toppfart<\/td>\n<td>200 km<\/td>\n<\/tr>\n<tr>\n<td>Batteri<\/td>\n<td>74,9 kWt<\/td>\n<\/tr>\n<tr>\n<td>Lading DC<\/td>\n<td>Opp til 446 kW<\/td>\n<\/tr>\n<tr>\n<td>Ladefart 10-80%<\/td>\n<td>12 min<\/td>\n<\/tr>\n<tr>\n<td>Str\u00f8mforbruk 100 km<\/td>\n<td>16,4\/17,4 kWt<\/td>\n<\/tr>\n<tr>\n<td>Rekkevidde (WLTP)<\/td>\n<td>530\/500 km<\/td>\n<\/tr>\n<tr>\n<td>V2L\/230V<\/td>\n<td>3,3 kW<\/td>\n<\/tr>\n<tr>\n<td>Tr\u00e5dl\u00f8s lading &#8211; 2 stk<\/td>\n<td>50W m\/kj\u00f8ling<\/td>\n<\/tr>\n<tr>\n<td>Dimensjoner (L\/B\/H)<\/td>\n<td>507\/194\/151 cm<\/td>\n<\/tr>\n<tr>\n<td>Akselavstand<\/td>\n<td>300 cm<\/td>\n<\/tr>\n<tr>\n<td>Bilvekt<\/td>\n<td>2 100\/2 200 kg<\/td>\n<\/tr>\n<tr>\n<td>Tilhengervekt<\/td>\n<td>1 500 kg<\/td>\n<\/tr>\n<tr>\n<td>Bagasjerom foran<\/td>\n<td>Ingen<\/td>\n<\/tr>\n<tr>\n<td>Bagasjerom bak<\/td>\n<td>573 &#8211; 1 931 liter<\/td>\n<\/tr>\n<tr>\n<td>Batterigaranti\/km<\/td>\n<td>8 \u00e5r\/160 000 km<\/td>\n<\/tr>\n<tr>\n<td>Milj\u00f8klasse<\/td>\n<td>A<\/td>\n<\/tr>\n<tr>\n<td>Euro NCAP<\/td>\n<td>Ikke testet<\/td>\n<\/tr>\n<tr>\n<td>Kilde: Produsent<\/td>\n<td\/><\/tr>\n","protected":false},"excerpt":{"rendered":"\u2013 P7+ er v\u00e5r f\u00f8rste bil med den nye chipen kalt \u00abTuring\u00bb. Det betyr at bilen allerede er&hellip;\n","protected":false},"author":2,"featured_media":136653,"comment_status":"","ping_status":"","sticky":false,"template":"","format":"standard","meta":{"footnotes":""},"categories":[56],"tags":[60,61,62,30,28,29],"class_list":{"0":"post-136652","1":"post","2":"type-post","3":"status-publish","4":"format-standard","5":"has-post-thumbnail","7":"category-naeringsliv","8":"tag-business","9":"tag-economy","10":"tag-naeringsliv","11":"tag-no","12":"tag-norge","13":"tag-norway"},"share_on_mastodon":{"url":"https:\/\/pubeurope.com\/@no\/115891836203266691","error":""},"_links":{"self":[{"href":"https:\/\/www.europesays.com\/no\/wp-json\/wp\/v2\/posts\/136652","targetHints":{"allow":["GET"]}}],"collection":[{"href":"https:\/\/www.europesays.com\/no\/wp-json\/wp\/v2\/posts"}],"about":[{"href":"https:\/\/www.europesays.com\/no\/wp-json\/wp\/v2\/types\/post"}],"author":[{"embeddable":true,"href":"https:\/\/www.europesays.com\/no\/wp-json\/wp\/v2\/users\/2"}],"replies":[{"embeddable":true,"href":"https:\/\/www.europesays.com\/no\/wp-json\/wp\/v2\/comments?post=136652"}],"version-history":[{"count":0,"href":"https:\/\/www.europesays.com\/no\/wp-json\/wp\/v2\/posts\/136652\/revisions"}],"wp:featuredmedia":[{"embeddable":true,"href":"https:\/\/www.europesays.com\/no\/wp-json\/wp\/v2\/media\/136653"}],"wp:attachment":[{"href":"https:\/\/www.europesays.com\/no\/wp-json\/wp\/v2\/media?parent=136652"}],"wp:term":[{"taxonomy":"category","embeddable":true,"href":"https:\/\/www.europesays.com\/no\/wp-json\/wp\/v2\/categories?post=136652"},{"taxonomy":"post_tag","embeddable":true,"href":"https:\/\/www.europesays.com\/no\/wp-json\/wp\/v2\/tags?post=136652"}],"curies":[{"name":"wp","href":"https:\/\/api.w.org\/{rel}","templated":true}]}}