{"id":136658,"date":"2026-01-14T05:45:18","date_gmt":"2026-01-14T05:45:18","guid":{"rendered":"https:\/\/www.europesays.com\/no\/136658\/"},"modified":"2026-01-14T05:45:18","modified_gmt":"2026-01-14T05:45:18","slug":"britiske-vaksineskeptikere-tok-covid-vaksine","status":"publish","type":"post","link":"https:\/\/www.europesays.com\/no\/136658\/","title":{"rendered":"Britiske vaksine\u00adskeptikere tok covid-vaksine"},"content":{"rendered":"<p>    De fleste av dem som var skeptiske til covid-vaksinene, valgte likevel \u00e5 ta vaksinen, viser en britisk studie.<\/p>\n<p>\n        Etter hvert som mer informasjon om koronavaksinene ble tilgjengelig, var det f\u00e6rre som var skeptiske, viser den britiske studien som er publisert i The Lancet.<br \/>\n        (Illustrasjonsfoto: Gorm Kallestad, NTB)\n    <\/p>\n<p>Vaksinene mot covid ble utviklet p\u00e5 rekordtid og rullet ut tidlig i 2021. Siden da er det satt milliarder av doser over hele verden.<\/p>\n<p>F\u00f8r vaksinene var bredt tilgjengelige, var det imidlertid mange om var skeptiske.<\/p>\n<p>\u2013 Det meste av n\u00f8lingen rundt covid-19-vaksinene bunnet i konkrete bekymringer, som det er mulig \u00e5 ta tak i og som man kan lykkes med \u00e5 overvinne med tid og med \u00f8kt tilgang p\u00e5 informasjon, heter det i studien som er publisert i det medisinske tidsskriftet The Lancet. <\/p>\n<p>Den er basert p\u00e5 sp\u00f8rreskjemaer sendt til over en million mennesker i England mellom januar 2021 og mars 2022.<\/p>\n<p>Skeptikere tok vaksinen<\/p>\n<p>Rundt 8 prosent av deltakerne svarte at de stilte seg n\u00f8lende til vaksinen i januar 2021, da det meste av dataene om vaksinene kom fra klinisk testing, ikke fra vanlig bruk.<\/p>\n<p>Ett \u00e5r senere var det imidlertid bare 1 prosent som fortsatt var n\u00f8lende.<\/p>\n<p>Nesten to tredeler av dem som var skeptiske i starten endte opp med \u00e5 ta minst en dose av en covid-vaksine, if\u00f8lge tall fra det britiske helsevesenet, som det vises til i studien.<\/p>\n<p>Forskerne fant at de som i st\u00f8rst grad endret mening, var folk som sa at de i utgangspunktet var bekymret for hvorvidt vaksinen var effektiv og som hadde bekymringer knyttet til hvordan den ville p\u00e5virke helsen deres.<\/p>\n<p>De som hadde liten tillit til institusjoner og eksperter \u2013 inkludert til farmas\u00f8ytiske selskaper, eller som generelt var skeptiske til vaksiner, beholdt i st\u00f8rre grad sin negative holdning til vaksinene.<\/p>\n<p>\u2013 Viktig \u00e5 sikre informasjon<\/p>\n<p>Studien viser at det er viktig \u00e5 sikre at folk har tilgang til p\u00e5litelig informasjon som de stoler p\u00e5, slik at de kan ta velinformerte beslutninger, sier medforfatter Paul Elliott fra Imperial College i London i en uttalelse.<\/p>\n<p>De italienske forskerne Claudia Palmieri og Silvio Tarfuri, som ikke har jobbet med studien, understreker at resultatene har betydning ogs\u00e5 utenom \u00abden ekstraordin\u00e6re situasjonen\u00bb pandemien utgjorde.<\/p>\n<p>\u2013 Det er avgj\u00f8rende \u00e5 finne ut om lignende \u00e5rsaker til usikkerhet p\u00e5virker rutinemessige vaksinasjoner mot andre smittsomme sykdommer som meslinger eller influensa, skriver de i en separat kommentar i The Lancet.<\/p>\n","protected":false},"excerpt":{"rendered":"De fleste av dem som var skeptiske til covid-vaksinene, valgte likevel \u00e5 ta vaksinen, viser en britisk studie.&hellip;\n","protected":false},"author":2,"featured_media":136659,"comment_status":"","ping_status":"","sticky":false,"template":"","format":"standard","meta":{"footnotes":""},"categories":[12],"tags":[20,21,24,25,15,22,23,13,30,28,29,14,16,26,27,42,43,44,45],"class_list":{"0":"post-136658","1":"post","2":"type-post","3":"status-publish","4":"format-standard","5":"has-post-thumbnail","7":"category-verden","8":"tag-breaking-news","9":"tag-breakingnews","10":"tag-featured-news","11":"tag-featurednews","12":"tag-headlines","13":"tag-latest-news","14":"tag-latestnews","15":"tag-news","16":"tag-no","17":"tag-norge","18":"tag-norway","19":"tag-nyheter","20":"tag-overskrifter","21":"tag-top-stories","22":"tag-topstories","23":"tag-verden","24":"tag-world","25":"tag-world-news","26":"tag-worldnews"},"share_on_mastodon":{"url":"https:\/\/pubeurope.com\/@no\/115891871566318908","error":""},"_links":{"self":[{"href":"https:\/\/www.europesays.com\/no\/wp-json\/wp\/v2\/posts\/136658","targetHints":{"allow":["GET"]}}],"collection":[{"href":"https:\/\/www.europesays.com\/no\/wp-json\/wp\/v2\/posts"}],"about":[{"href":"https:\/\/www.europesays.com\/no\/wp-json\/wp\/v2\/types\/post"}],"author":[{"embeddable":true,"href":"https:\/\/www.europesays.com\/no\/wp-json\/wp\/v2\/users\/2"}],"replies":[{"embeddable":true,"href":"https:\/\/www.europesays.com\/no\/wp-json\/wp\/v2\/comments?post=136658"}],"version-history":[{"count":0,"href":"https:\/\/www.europesays.com\/no\/wp-json\/wp\/v2\/posts\/136658\/revisions"}],"wp:featuredmedia":[{"embeddable":true,"href":"https:\/\/www.europesays.com\/no\/wp-json\/wp\/v2\/media\/136659"}],"wp:attachment":[{"href":"https:\/\/www.europesays.com\/no\/wp-json\/wp\/v2\/media?parent=136658"}],"wp:term":[{"taxonomy":"category","embeddable":true,"href":"https:\/\/www.europesays.com\/no\/wp-json\/wp\/v2\/categories?post=136658"},{"taxonomy":"post_tag","embeddable":true,"href":"https:\/\/www.europesays.com\/no\/wp-json\/wp\/v2\/tags?post=136658"}],"curies":[{"name":"wp","href":"https:\/\/api.w.org\/{rel}","templated":true}]}}