{"id":136660,"date":"2026-01-14T05:54:22","date_gmt":"2026-01-14T05:54:22","guid":{"rendered":"https:\/\/www.europesays.com\/no\/136660\/"},"modified":"2026-01-14T05:54:22","modified_gmt":"2026-01-14T05:54:22","slug":"gladnyhet-godt-a-se","status":"publish","type":"post","link":"https:\/\/www.europesays.com\/no\/136660\/","title":{"rendered":"Gladnyhet: &#8211; Godt \u00e5 se"},"content":{"rendered":"<p>    Hele 75 prosent av nordmenn tror \u00f8konomien blir like god eller bedre i 2026.<\/p>\n<p>\n    STOR OPTIMISME: En fersk unders\u00f8kelse utf\u00f8rt p\u00e5 vegne av Nordea, viser at nordmenn er optimistiske for egen \u00f8konomi i 2026. Foto: Ole Berg-Rusten \/ NTB\n  <\/p>\n<p>    Kort fortalt<\/p>\n<p lang=\"nb-NO\">Nordmenn er optimistiske om \u00f8konomien i 2026, if\u00f8lge en unders\u00f8kelse fra YouGov for Nordea.<\/p>\n<p lang=\"nb-NO\">30 prosent tror \u00f8konomien blir bedre, mens 45 prosent tror den forblir som i 2025.<\/p>\n<p lang=\"nb-NO\">Randi Marjamaa i Nordea sier prisveksten har avtatt og rentekutt begynner \u00e5 virke.<\/p>\n<p class=\"italic ai-disclaimer\" data-lab-italic=\"italic\">Sammendraget er laget av ChatGPT og godkjent av B\u00f8rsen.<\/p>\n<p>      Vis mer<br \/>\n      Vis mindre<\/p>\n<p>&#8211; Mange vil kunne f\u00e5 en god \u00f8konomisk utvikling framover, sier\u00a0landssjef Randi Marjamaa i Nordea.<\/p>\n<p>Nordmenn tror p\u00e5 bedret \u00f8konomi i 2026. Det kommer fram i en ny unders\u00f8kelse YouGov har utf\u00f8rt p\u00e5 vegne av<br \/>\nNordea. If\u00f8lge den ser nordmenn flest lyst p\u00e5 egen \u00f8konomisk situasjon det kommende \u00e5ret.\u00a0<\/p>\n<p class=\"font-weight-bold m-font-weight-bold\" data-lab-font_weight=\"font-weight-bold\">S\u00e5 mange som 30<br \/>\nprosent svarer at de tror \u00f8konomien blir bedre i 2026, mens 45 prosent tror den blir<br \/>\nlik som i 2025.\u00a0<\/p>\n<p>        KUTT: Norges Bank har besluttet \u00e5 senke styringsrenten til 4 prosent. Sjefs\u00f8konom i Eika, Jan Ludvig Andreassen, advarer mot \u00e5 gj\u00f8re et spesielt bankgrep.<\/p>\n<p class=\"font-weight-normal m-font-weight-normal\" data-lab-font_weight=\"font-weight-normal\">&#8211; Dette stemmer godt med anslag vi har for<br \/>\nutviklingen i norsk \u00f8konomi og kj\u00f8pekraften til husholdningene. Prisveksten har<br \/>\nkommet ned, rentekuttene begynner \u00e5 virke og vi har hatt l\u00f8nnsoppgj\u00f8r som har<br \/>\ngitt mange reall\u00f8nnsvekst, sier Marjamaa i en uttalelse i forbindelse med resultatene. <\/p>\n<p>&#8211; Utfordringer<\/p>\n<p class=\"font-weight-normal m-font-weight-normal\" data-lab-font_weight=\"font-weight-normal\">Av de som svarer at de tror \u00f8konomien vil bedre seg i<br \/>\n2026, er det de yngste som er mest optimistiske. Mer enn dobbelt s\u00e5 mange av dem under 30 \u00e5r tror de vil f\u00e5 en mye bedre \u00f8konomi det kommende \u00e5ret, mens de eldre<br \/>\nskiller seg ut i den andre enden.<\/p>\n<p>    <a itemprop=\"url\" href=\"https:\/\/borsen.dagbladet.no\/nyheter\/enova-sjefen-gar-av\/84088062\" rel=\"nofollow noopener\" target=\"_blank\"><\/p>\n<p>        <img loading=\"lazy\" decoding=\"async\" src=\"https:\/\/www.europesays.com\/no\/wp-content\/uploads\/2026\/01\/84088078.webp.webp\" width=\"980\" height=\"441\" title=\"Enova-sjefen g\u00e5r av\" alt=\"\" class=\"lazyload\" style=\"--aspect-ratio-image: 2.22; \"\/><\/p>\n<p>        Enova-sjefen g\u00e5r av<\/p>\n<p>    <\/a><\/p>\n<p class=\"font-weight-bold m-font-weight-bold\" data-lab-font_weight=\"font-weight-bold\">&#8211; Det er godt \u00e5 se, for vi vet at unge ogs\u00e5 har<br \/>\nutfordringer med \u00e5 komme inn i arbeidsmarkedet. Vi har sett \u00f8kt interesse for<br \/>\nsparing og investering fra unge, noe vi ser p\u00e5 som et godt tegn, sier Marjamaa.<\/p>\n<p class=\"font-weight-light m-font-weight-light\" data-lab-font_weight=\"font-weight-light\">P\u00e5 samme tid svarer \u00e9n av fem av de spurte at de ikke har nok oppsparte midler<br \/>\ntil \u00e5 h\u00e5ndtere en uforutsett utgift p\u00e5 10 000 kroner.<\/p>\n<p class=\"font-weight-light m-font-weight-light\" data-lab-font_weight=\"font-weight-light\">&#8211; Vi legger bak oss flere \u00e5r preget av stigende<br \/>\nboligpriser, renteoppgang, og h\u00f8ye str\u00f8m- og matvarepriser. Mange har ogs\u00e5<br \/>\nt\u00e6ret p\u00e5 reservene i denne perioden, sier Marjamaa.<\/p>\n<p>    <a itemprop=\"url\" href=\"https:\/\/borsen.dagbladet.no\/nyheter\/etter-kaosar-avlyser-ikke-usikkerheten\/84003453\" rel=\"nofollow noopener\" target=\"_blank\"><\/p>\n<p>        <img loading=\"lazy\" decoding=\"async\" src=\"https:\/\/www.europesays.com\/no\/wp-content\/uploads\/2026\/01\/84003487.webp.webp\" width=\"980\" height=\"441\" title=\"Etter kaos\u00e5r: - Avlyser ikke usikkerheten\" alt=\"\" class=\"lazyload\" style=\"--aspect-ratio-image: 2.22; \"\/><\/p>\n<p>        Etter kaos\u00e5r: &#8211; Avlyser ikke usikkerheten<\/p>\n<p>    <\/a><\/p>\n<p>&#8211; \u00d8kt kj\u00f8pekraft<\/p>\n<p>Det er imidlertid klare tegn til at husholdningene<br \/>\nhar fokus p\u00e5 \u00e5 sette av penger igjen, if\u00f8lge banken.\u00a0<\/p>\n<p class=\"font-weight-bold m-font-weight-bold\" data-lab-font_weight=\"font-weight-bold\">Nordea oppgir at spareraten er h\u00f8y, og at 53 prosent av de spurte prioriterer \u00e5 spare til buffer.<\/p>\n<p>&#8211; I takt med \u00f8kt kj\u00f8pekraft har vi sett \u00f8kt sparing.<br \/>\nDet er b\u00e5de p\u00e5 tradisjonell sparekonto, men ogs\u00e5 en klar \u00f8kning i antallet som<br \/>\nsparer i aksjer og i fond. Denne utviklingen tror vi ogs\u00e5 vil fortsette inn i<br \/>\ndet nye \u00e5ret, sier Marjamaa.<\/p>\n","protected":false},"excerpt":{"rendered":"Hele 75 prosent av nordmenn tror \u00f8konomien blir like god eller bedre i 2026. STOR OPTIMISME: En fersk&hellip;\n","protected":false},"author":2,"featured_media":136661,"comment_status":"","ping_status":"","sticky":false,"template":"","format":"standard","meta":{"footnotes":""},"categories":[56],"tags":[60,61,62,30,4429,5748,28,29,14,572],"class_list":{"0":"post-136660","1":"post","2":"type-post","3":"status-publish","4":"format-standard","5":"has-post-thumbnail","7":"category-naeringsliv","8":"tag-business","9":"tag-economy","10":"tag-naeringsliv","11":"tag-no","12":"tag-nordea","13":"tag-nordmenn","14":"tag-norge","15":"tag-norway","16":"tag-nyheter","17":"tag-okonomi"},"share_on_mastodon":{"url":"https:\/\/pubeurope.com\/@no\/115891907021888568","error":""},"_links":{"self":[{"href":"https:\/\/www.europesays.com\/no\/wp-json\/wp\/v2\/posts\/136660","targetHints":{"allow":["GET"]}}],"collection":[{"href":"https:\/\/www.europesays.com\/no\/wp-json\/wp\/v2\/posts"}],"about":[{"href":"https:\/\/www.europesays.com\/no\/wp-json\/wp\/v2\/types\/post"}],"author":[{"embeddable":true,"href":"https:\/\/www.europesays.com\/no\/wp-json\/wp\/v2\/users\/2"}],"replies":[{"embeddable":true,"href":"https:\/\/www.europesays.com\/no\/wp-json\/wp\/v2\/comments?post=136660"}],"version-history":[{"count":0,"href":"https:\/\/www.europesays.com\/no\/wp-json\/wp\/v2\/posts\/136660\/revisions"}],"wp:featuredmedia":[{"embeddable":true,"href":"https:\/\/www.europesays.com\/no\/wp-json\/wp\/v2\/media\/136661"}],"wp:attachment":[{"href":"https:\/\/www.europesays.com\/no\/wp-json\/wp\/v2\/media?parent=136660"}],"wp:term":[{"taxonomy":"category","embeddable":true,"href":"https:\/\/www.europesays.com\/no\/wp-json\/wp\/v2\/categories?post=136660"},{"taxonomy":"post_tag","embeddable":true,"href":"https:\/\/www.europesays.com\/no\/wp-json\/wp\/v2\/tags?post=136660"}],"curies":[{"name":"wp","href":"https:\/\/api.w.org\/{rel}","templated":true}]}}