{"id":136662,"date":"2026-01-14T05:55:12","date_gmt":"2026-01-14T05:55:12","guid":{"rendered":"https:\/\/www.europesays.com\/no\/136662\/"},"modified":"2026-01-14T05:55:12","modified_gmt":"2026-01-14T05:55:12","slug":"marine-le-pen-i-ankesak-om-misbruk-av-eu-midler-vi-skjulte-ingenting","status":"publish","type":"post","link":"https:\/\/www.europesays.com\/no\/136662\/","title":{"rendered":"Marine Le Pen i ankesak om misbruk av EU-midler: Vi skjulte ingenting"},"content":{"rendered":"<p>    Den franske ytre h\u00f8yre-politikeren Marine Le Pen forklarte seg tirsdag i retten i ankesaken etter at hun i fjor v\u00e5r ble d\u00f8mt for misbruk av EU-midler.<\/p>\n<p>\n        Marine Le Pen p\u00e5 vei ut av rettsbygningen i Paris tirsdag.<br \/>\n        Christophe Ena \/ AP \/ NTB\n    <\/p>\n<p class=\"kicker t30 tertiary color_mobile_tertiary\" style=\"\">Verden<\/p>\n<p>Pengene skulle ha blitt brukt til \u00e5 betale assistenter for \u00e5 hjelpe til med innsats i EU-parlamentet, men i stedet skal pengene ha g\u00e5tt til partiet Nasjonal samlings nasjonale virksomhet. <\/p>\n<p>\u2013 Jeg f\u00f8ler jeg ikke har gjort noe galt. Hvis det virkelig ble beg\u00e5tt noe galt, spilte ikke EU-parlamentet den rollen det burde ha gjort, sa Le Pen i retten. <\/p>\n<p>De p\u00e5st\u00e5tte lovbruddene skal ha skjedd i 2004, 2009 og 2014. <\/p>\n<p>\u2013 EU-parlamentet var klar over de overordnede elementene som utgjorde disse kontraktene. Vi skjulte ingenting, fortsatte Le Pen.<\/p>\n<p>Utfallet av rettssaken avgj\u00f8r om 57-\u00e5ringen kan stille som presidentkandidat i valget i Frankrike i 2027.<\/p>\n<p>\u2013 Nullstilt<\/p>\n<p>En lavere rettsinstans besluttet i mars at Le Pen ikke skal ha lov til \u00e5 inneha politiske verv i en fem\u00e5rsperiode. Hun ble ogs\u00e5 d\u00f8mt til to \u00e5rs husarrest med elektronisk lenke og to \u00e5rs betinget fengsel. <\/p>\n<p>I tillegg fikk hun en bot p\u00e5 100.000 euro, over 1,1 millioner kroner.<\/p>\n<p>Saken ble straks anket, og n\u00e5 er det klart for en ny behandling, som er ventet \u00e5 vare i fem uker. Dommen skal forkynnes p\u00e5 et senere tidspunkt.<\/p>\n<p>\u2013 Jeg h\u00e5per jeg greier \u00e5 overbevise dommerne om at jeg er uskyldig. Det er en ny domstol med nye dommere. Saken blir s\u00e5nn sett nullstilt, uttalte hun mandag.<\/p>\n<p>Rettssaken kan ende med at Le Pen blir frikjent, men hun kan ogs\u00e5 f\u00e5 en strengere straff: Opptil ti \u00e5rs fengsel og 1 million euro i bot.<\/p>\n<p>Favorittstempel<\/p>\n<p>Le Pen ble i utgangspunktet stilt for retten sammen med en rekke andre partifeller.<\/p>\n<p>57-\u00e5ringen har hele tiden fastholdt at hun er uskyldig. Hvis ankedomstolen er enig, vil hun kunne gj\u00f8re sitt fjerde fors\u00f8k p\u00e5 \u00e5 bli Frankrikes president i 2027, og da er hun favoritt.<\/p>\n<p>Flere andre av Le Pens medtiltalte har besluttet \u00e5 anke, det samme gjelder selve partiet Nasjonal samling.<\/p>\n<p>Ytterligere tolv andre, deriblant Le Pens s\u00f8ster, har vedtatt dommene de fikk i f\u00f8rste rettsinstans. I tillegg har en av de d\u00f8mte avg\u00e5tt ved d\u00f8den siden forrige rettssak.<\/p>\n","protected":false},"excerpt":{"rendered":"Den franske ytre h\u00f8yre-politikeren Marine Le Pen forklarte seg tirsdag i retten i ankesaken etter at hun i&hellip;\n","protected":false},"author":2,"featured_media":136663,"comment_status":"","ping_status":"","sticky":false,"template":"","format":"standard","meta":{"footnotes":""},"categories":[12],"tags":[20,21,24,25,15,22,23,13,30,28,29,14,16,26,27,42,43,44,45],"class_list":{"0":"post-136662","1":"post","2":"type-post","3":"status-publish","4":"format-standard","5":"has-post-thumbnail","7":"category-verden","8":"tag-breaking-news","9":"tag-breakingnews","10":"tag-featured-news","11":"tag-featurednews","12":"tag-headlines","13":"tag-latest-news","14":"tag-latestnews","15":"tag-news","16":"tag-no","17":"tag-norge","18":"tag-norway","19":"tag-nyheter","20":"tag-overskrifter","21":"tag-top-stories","22":"tag-topstories","23":"tag-verden","24":"tag-world","25":"tag-world-news","26":"tag-worldnews"},"share_on_mastodon":{"url":"https:\/\/pubeurope.com\/@no\/115891910932139317","error":""},"_links":{"self":[{"href":"https:\/\/www.europesays.com\/no\/wp-json\/wp\/v2\/posts\/136662","targetHints":{"allow":["GET"]}}],"collection":[{"href":"https:\/\/www.europesays.com\/no\/wp-json\/wp\/v2\/posts"}],"about":[{"href":"https:\/\/www.europesays.com\/no\/wp-json\/wp\/v2\/types\/post"}],"author":[{"embeddable":true,"href":"https:\/\/www.europesays.com\/no\/wp-json\/wp\/v2\/users\/2"}],"replies":[{"embeddable":true,"href":"https:\/\/www.europesays.com\/no\/wp-json\/wp\/v2\/comments?post=136662"}],"version-history":[{"count":0,"href":"https:\/\/www.europesays.com\/no\/wp-json\/wp\/v2\/posts\/136662\/revisions"}],"wp:featuredmedia":[{"embeddable":true,"href":"https:\/\/www.europesays.com\/no\/wp-json\/wp\/v2\/media\/136663"}],"wp:attachment":[{"href":"https:\/\/www.europesays.com\/no\/wp-json\/wp\/v2\/media?parent=136662"}],"wp:term":[{"taxonomy":"category","embeddable":true,"href":"https:\/\/www.europesays.com\/no\/wp-json\/wp\/v2\/categories?post=136662"},{"taxonomy":"post_tag","embeddable":true,"href":"https:\/\/www.europesays.com\/no\/wp-json\/wp\/v2\/tags?post=136662"}],"curies":[{"name":"wp","href":"https:\/\/api.w.org\/{rel}","templated":true}]}}