{"id":136664,"date":"2026-01-14T05:58:13","date_gmt":"2026-01-14T05:58:13","guid":{"rendered":"https:\/\/www.europesays.com\/no\/136664\/"},"modified":"2026-01-14T05:58:13","modified_gmt":"2026-01-14T05:58:13","slug":"prinsesse-madeleine-pa-skiferie-svenskene-foler-seg-glemt","status":"publish","type":"post","link":"https:\/\/www.europesays.com\/no\/136664\/","title":{"rendered":"Prinsesse Madeleine p\u00e5 skiferie: Svenskene f\u00f8ler seg glemt"},"content":{"rendered":"<p class=\"kicker \" style=\"\">Prinsesse Madeleine:<\/p>\n<p>    Prinsessen koste seg i skibakken \u2013 samtidig reagerer svenskene kraftig p\u00e5 det ti \u00e5r lange frav\u00e6ret hennes.<\/p>\n<p>\n    KRITIKKEN HAGLER: Prinsesse Madeleine fortsetter gr\u00fcnderkarrieren og sklir tilsynelatende lenger og lenger vekk fra sine kongelige oppdrag. Her er hun avbildet med ektemannen Chris O&#8217;Neill. Foto: Shutterstock \/ NTB\n  <\/p>\n<p>I juletiden er det flere som opps\u00f8ker fjellet for \u00e5 tilbringe ferien med litt fart og spenning i skibakken. Blant disse finner man ogs\u00e5 svenske prinsesse Madeleine (43), som i fjor tilbrakte juleferien p\u00e5 en hemmelig skiferie.<\/p>\n<p>    <a itemprop=\"url\" href=\"https:\/\/www.seher.no\/kongelig\/tok-med-marius-pa-pizza-og-ol\/84085694\" rel=\"nofollow noopener\" target=\"_blank\"><\/p>\n<p>        <img loading=\"lazy\" decoding=\"async\" src=\"https:\/\/www.europesays.com\/no\/wp-content\/uploads\/2026\/01\/1768370289_827_84085704.webp.webp\" width=\"980\" height=\"441\" title=\"Tok med Marius p\u00e5 pizza og \u00f8l\" alt=\"\" class=\"lazyload\" style=\"--aspect-ratio-image: 2.22; \"\/><\/p>\n<p>        Tok med Marius p\u00e5 pizza og \u00f8l<\/p>\n<p>    <\/a><\/p>\n<p>Det var da hun selv delte en video p\u00e5 hudpleiemerket Minlens Instagram-konto at skituren ble avsl\u00f8rt. I videoen tipser prinsessen om sitt eget leppebalsamprodukt som beskytter mot den bitre kulden.<\/p>\n<p>&#8211; Det er kaldt. Det er minus 17 grader, og jeg ville bare dele et lite tips, sier Madeleine i videoen.<\/p>\n<p>Tradisjon\t<\/p>\n<p>Hvor n\u00f8yaktig prinsessen har tilbrakt skiferien er ikke kjent, men v\u00e6rforholdene og hennes tidligere reiser tyder p\u00e5 at det kan dreie seg om en tur til \u00d8sterrike eller Sveits. Det skriver\u00a0<a href=\"https:\/\/www.svenskdam.se\/kungligt\/prinsessan-madeleine-pa-skidsemester-hemligheten-ute\/11223216?second_article=true\" rel=\"nofollow noopener\" target=\"_blank\">Svensk Damtidning<\/a>.\u00a0<\/p>\n<p>Familien har flere ganger tidligere bes\u00f8kt popul\u00e6re Lech i \u00d8sterrike for \u00e5 st\u00e5 p\u00e5 ski.<\/p>\n<p>        SJOKK: I en video kongehuset har delt p\u00e5 sin Instagram, vekker prinsesse Ingrid Alexandra oppsikt for en liten detalj. Video: Instagram \/ @detnorskekongehus \/\/ Reporter: Caroline Vagle<\/p>\n<p>I videoen ser man ogs\u00e5 at Madeleine b\u00e6rer skibriller fra Oakley i rosegull som if\u00f8lge Instagram-kontoen, Royal Fashion Police, koster over 2300 kroner.\u00a0<\/p>\n<p>Prinsessen er heller ingen nybegynner p\u00e5 ski. Hun har st\u00e5tt p\u00e5 ski helt siden hun kunne g\u00e5, og deltok ogs\u00e5 i skirennet Tjejvasan i 2008 som 25-\u00e5ring.<\/p>\n<p>        <img loading=\"lazy\" decoding=\"async\" src=\"https:\/\/www.europesays.com\/no\/wp-content\/uploads\/2026\/01\/84092081.webp.webp\" width=\"686\" height=\"433\" title=\"1997: Deler av den svenske kongefamilien var tilstede i regnet p\u00e5 Gran\u00e5sen under ski-VM sammen med sitt norske vertskap. Bildet viser fra venstre kong Harald, kong Carl Gustaf, dronning Sonja, prinsesse Madeleine og prins Carl Philip. Foto: Rune Petter Ness\/NTB\" alt=\"\" class=\"\" style=\"--aspect-ratio-image: 1.58; \"\/><\/p>\n<p>\n        1997: Deler av den svenske kongefamilien var tilstede i regnet p\u00e5 Gran\u00e5sen under ski-VM sammen med sitt norske vertskap. Bildet viser fra venstre kong Harald, kong Carl Gustaf, dronning Sonja, prinsesse Madeleine og prins Carl Philip. Foto: Rune Petter Ness\/NTB\n    <\/p>\n<p>&#8211; Jeg har kj\u00f8rt siden jeg var veldig liten. Jeg begynte i bakken da jeg var tre eller fire \u00e5r gammel. Jeg fikk st\u00e5 p\u00e5 ski med stakkars pappa som fikk veldig vondt i ryggen, har hun tidligere fortalt til <a href=\"https:\/\/www.aftonbladet.se\/nyheter\/a\/1kOmWQ\/tufft-kallas-partyprinsessa\" rel=\"nofollow noopener\" target=\"_blank\">Aftonbladet<\/a>.<\/p>\n<p>&#8211; Skuffet og lei seg\t<\/p>\n<p>Samtidig som prinsessen svinger seg i skibakken er det mange som er skuffet over at hun ikke har bes\u00f8kt sine hertugd\u00f8mmer p\u00e5 over ti \u00e5r. Det skaper nemlig stor misn\u00f8ye blant lokalbefolkningen i H\u00e4lsingland og G\u00e4strikland.<\/p>\n<p>Det siste offisielle bes\u00f8ket til G\u00e4vle i G\u00e4strikland var i 2015, og tilbake i 2009 var hun\u00a0i H\u00e4lsingland. Prinsessen fikk tildelt begge hertugd\u00f8mmene ved f\u00f8dsel.<\/p>\n<p>&#8211; Jeg tror at det finnes en viss skuffelse, selv om man ikke lenger har s\u00e5 mye h\u00e5p om at hun skal vise noe interesse, sier Christian Massana, kommunereporter p\u00e5 Ljusnan i s\u00f8rlige H\u00e4lsingland, til <a href=\"https:\/\/www.svenskdam.se\/kungligt\/madeleine-har-inte-besokt-sitt-hertigdome-pa-10-ar-besvikna-ledsna\/11195035\" rel=\"nofollow noopener\" target=\"_blank\">Svensk Damtidning<\/a>. <\/p>\n<p>    <a itemprop=\"url\" href=\"https:\/\/www.seher.no\/kjendis\/nekter-a-vaere-smalige\/84086184\" rel=\"nofollow noopener\" target=\"_blank\"><\/p>\n<p>        <img loading=\"lazy\" decoding=\"async\" src=\"https:\/\/www.europesays.com\/no\/wp-content\/uploads\/2026\/01\/84092038.webp.webp\" width=\"980\" height=\"441\" title=\"- Nekter \u00e5 v\u00e6re sm\u00e5lige\" alt=\"\" class=\"lazyload\" style=\"--aspect-ratio-image: 2.22; \"\/><\/p>\n<p>        &#8211; Nekter \u00e5 v\u00e6re sm\u00e5lige<\/p>\n<p>    <\/a><\/p>\n<p>&#8211; Folk er nok b\u00e5de litt skuffet og lei seg over at hun ikke dukker opp her, fortsetter han.<\/p>\n<p>&#8211; F\u00f8ler seg bortglemt\t<\/p>\n<p>De siste ti \u00e5rene har prinsessen bodd i utlandet og bare kommet hjem til Sverige noen f\u00e5 ganger per \u00e5r. I et videom\u00f8te med fylkesmannen i G\u00e4vleborg i 2021 uttrykte hun et \u00f8nske om \u00e5 bes\u00f8ke hertugd\u00f8mmene \u00abinnen en n\u00e6r fremtid\u00bb.\u00a0<\/p>\n<p>        KREVENDE INNSPILLING: David Eriksen \u00e5pner seg om hvordan det var \u00e5 spille inn \u00abAlle elsker David\u00bb samtidig som Tone Damlis s\u00f8ster gikk bort. Reporter: Nora Skavhaug. Video: Sanne Holt\/ R\u00f8d L\u00f8per\/ TV 2<\/p>\n<p class=\"font-weight-bold m-font-weight-bold\" data-lab-font_weight=\"font-weight-bold\">Fire \u00e5r senere har det ikke skjedd.<\/p>\n<p>Det svenske kongehusets informasjonssjef, Margareta Thorgren, forklarer derimot at de respektive hertugd\u00f8mmene f\u00e5r et bes\u00f8k per \u00e5r.<\/p>\n<p>Massana mener at H\u00e4lsingland allerede er et landskap som havner i skyggen, og at prinsessen har en sjanse til \u00e5 l\u00f8fte og synliggj\u00f8re omr\u00e5det.<\/p>\n<p>    <a itemprop=\"url\" href=\"https:\/\/www.seher.no\/kjendis\/forste-gang\/84086262\" rel=\"nofollow noopener\" target=\"_blank\"><\/p>\n<p>        <img loading=\"lazy\" decoding=\"async\" src=\"https:\/\/www.europesays.com\/no\/wp-content\/uploads\/2026\/01\/1768370293_636_84086275.webp.webp\" width=\"980\" height=\"441\" title=\"F\u00f8rste gang\" alt=\"\" class=\"lazyload\" style=\"--aspect-ratio-image: 2.22; \"\/><\/p>\n<p>        F\u00f8rste gang<\/p>\n<p>    <\/a><\/p>\n<p>&#8211; H\u00e4lsingland er et landskap som kanskje f\u00f8ler seg litt bortglemt. Hun vier oss ikke en eneste tanke og reiser ikke engang hit p\u00e5 ti \u00e5r. Det f\u00f8les litt sn\u00e5lt eller litt trist, sier han til magasinet.<\/p>\n<p>Til tross for frav\u00e6ret av prinsesse Madeleine, f\u00e5r omr\u00e5det bes\u00f8k av stores\u00f8ster kronprinsesse Victoria, som har sommerhus i H\u00e4lsingland sammen med ektemannen prins Daniel.<\/p>\n","protected":false},"excerpt":{"rendered":"Prinsesse Madeleine: Prinsessen koste seg i skibakken \u2013 samtidig reagerer svenskene kraftig p\u00e5 det ti \u00e5r lange frav\u00e6ret&hellip;\n","protected":false},"author":2,"featured_media":136665,"comment_status":"","ping_status":"","sticky":false,"template":"","format":"standard","meta":{"footnotes":""},"categories":[59],"tags":[5036,15664,13692,76,30,28,29,5100,11652,83,82],"class_list":{"0":"post-136664","1":"post","2":"type-post","3":"status-publish","4":"format-standard","5":"has-post-thumbnail","7":"category-sport","8":"tag-det-svenske-kongehuset","9":"tag-hemmelig-ferie","10":"tag-julefeiring","11":"tag-kongelig","12":"tag-no","13":"tag-norge","14":"tag-norway","15":"tag-prinsesse-madeleine","16":"tag-skiferie","17":"tag-sport","18":"tag-sports"},"share_on_mastodon":{"url":"https:\/\/pubeurope.com\/@no\/115891922740966996","error":""},"_links":{"self":[{"href":"https:\/\/www.europesays.com\/no\/wp-json\/wp\/v2\/posts\/136664","targetHints":{"allow":["GET"]}}],"collection":[{"href":"https:\/\/www.europesays.com\/no\/wp-json\/wp\/v2\/posts"}],"about":[{"href":"https:\/\/www.europesays.com\/no\/wp-json\/wp\/v2\/types\/post"}],"author":[{"embeddable":true,"href":"https:\/\/www.europesays.com\/no\/wp-json\/wp\/v2\/users\/2"}],"replies":[{"embeddable":true,"href":"https:\/\/www.europesays.com\/no\/wp-json\/wp\/v2\/comments?post=136664"}],"version-history":[{"count":0,"href":"https:\/\/www.europesays.com\/no\/wp-json\/wp\/v2\/posts\/136664\/revisions"}],"wp:featuredmedia":[{"embeddable":true,"href":"https:\/\/www.europesays.com\/no\/wp-json\/wp\/v2\/media\/136665"}],"wp:attachment":[{"href":"https:\/\/www.europesays.com\/no\/wp-json\/wp\/v2\/media?parent=136664"}],"wp:term":[{"taxonomy":"category","embeddable":true,"href":"https:\/\/www.europesays.com\/no\/wp-json\/wp\/v2\/categories?post=136664"},{"taxonomy":"post_tag","embeddable":true,"href":"https:\/\/www.europesays.com\/no\/wp-json\/wp\/v2\/tags?post=136664"}],"curies":[{"name":"wp","href":"https:\/\/api.w.org\/{rel}","templated":true}]}}