{"id":136670,"date":"2026-01-14T06:05:10","date_gmt":"2026-01-14T06:05:10","guid":{"rendered":"https:\/\/www.europesays.com\/no\/136670\/"},"modified":"2026-01-14T06:05:10","modified_gmt":"2026-01-14T06:05:10","slug":"krim-ulykker-og-hendelser-person-pakjort-av-toget-i-verdal-fraktet-til-sykehus","status":"publish","type":"post","link":"https:\/\/www.europesays.com\/no\/136670\/","title":{"rendered":"Krim, Ulykker og hendelser | Person p\u00e5kj\u00f8rt av toget i Verdal \u2013 fraktet til sykehus"},"content":{"rendered":"\n<p><b>VERDAL:<\/b> Politiet i Tr\u00f8ndelag opplyste klokken 06.04 at det har skjedd en ulykke ved Verdal stasjon.<\/p>\n<p>\u2013 En person er p\u00e5kj\u00f8rt av toget. N\u00f8detatene er p\u00e5 stedet, og togtrafikken er stengt. Det jobbes med livreddende f\u00f8rstehjelp p\u00e5 stedet, sa operasjonsleder Trond Volden i Tr\u00f8ndelag politidistrikt til Tr\u00f8nder-Avisa.<\/p>\n<p>Fraktet til sykehus<\/p>\n<p>Politibetjent Jens Tore Gr\u00f8neng sier til Tr\u00f8nder-Avisa at omstendighetene rundt hendelsen er uklare.<\/p>\n<p>\u2013 Personen er fraktet til Sykehuset Levanger. Han var v\u00e5ken og bevisst da han ble fraktet fra stedet, sier Gr\u00f8neng.<\/p>\n<p>   <img decoding=\"async\" width=\"5712\" height=\"4284\" fetchpriority=\"low\"  loading=\"lazy\"  src=\"https:\/\/www.europesays.com\/no\/wp-content\/uploads\/2026\/01\/1768370709_273_photo+%286%29.jpg\" alt=\"\" class=\"brick-c-cFOWSL\" style=\"--brick-image-ratio: 5712 \/ 4284;\"\/><\/p>\n<p>      SIKRER SPOR: Politibetjent Jens Tore Gr\u00f8neng sier at politiet jobber med \u00e5 sikre spor p\u00e5 stedet.<br \/>\n      Foto: G\u00f8ril Pedersen-Engesvik\n    <\/p>\n<p>Politiet jobber fortsatt p\u00e5 stedet med sikring av spor, og vil snakke med ansatte som befant seg p\u00e5 toget da hendelsen skjedde.<\/p>\n<p>   <img decoding=\"async\" width=\"5712\" height=\"4284\" fetchpriority=\"low\"  loading=\"lazy\"  src=\"https:\/\/www.europesays.com\/no\/wp-content\/uploads\/2026\/01\/photo+%285%29.jpg\" alt=\"\" class=\"brick-c-cFOWSL\" style=\"--brick-image-ratio: 5712 \/ 4284;\"\/><\/p>\n<p>      STENGT: Togtrafikken er stengt etter hendelsen ved Verdal stasjon, opplyser politiet.<br \/>\n      Foto: G\u00f8ril Pedersen-Engesvik\n    <\/p>\n","protected":false},"excerpt":{"rendered":"VERDAL: Politiet i Tr\u00f8ndelag opplyste klokken 06.04 at det har skjedd en ulykke ved Verdal stasjon. \u2013 En&hellip;\n","protected":false},"author":2,"featured_media":136671,"comment_status":"","ping_status":"","sticky":false,"template":"","format":"standard","meta":{"footnotes":""},"categories":[5],"tags":[36,20,21,24,25,15,19,983,22,23,17,18,13,30,28,29,14,16,1510,6603,26,27,941,2133],"class_list":{"0":"post-136670","1":"post","2":"type-post","3":"status-publish","4":"format-standard","5":"has-post-thumbnail","7":"category-overskrifter","8":"tag-art","9":"tag-breaking-news","10":"tag-breakingnews","11":"tag-featured-news","12":"tag-featurednews","13":"tag-headlines","14":"tag-hovedoppslag","15":"tag-krim","16":"tag-latest-news","17":"tag-latestnews","18":"tag-main-news","19":"tag-mainnews","20":"tag-news","21":"tag-no","22":"tag-norge","23":"tag-norway","24":"tag-nyheter","25":"tag-overskrifter","26":"tag-story","27":"tag-ta-iv","28":"tag-top-stories","29":"tag-topstories","30":"tag-ulykker-og-hendelser","31":"tag-verdal"},"share_on_mastodon":{"url":"https:\/\/pubeurope.com\/@no\/115891950275993315","error":""},"_links":{"self":[{"href":"https:\/\/www.europesays.com\/no\/wp-json\/wp\/v2\/posts\/136670","targetHints":{"allow":["GET"]}}],"collection":[{"href":"https:\/\/www.europesays.com\/no\/wp-json\/wp\/v2\/posts"}],"about":[{"href":"https:\/\/www.europesays.com\/no\/wp-json\/wp\/v2\/types\/post"}],"author":[{"embeddable":true,"href":"https:\/\/www.europesays.com\/no\/wp-json\/wp\/v2\/users\/2"}],"replies":[{"embeddable":true,"href":"https:\/\/www.europesays.com\/no\/wp-json\/wp\/v2\/comments?post=136670"}],"version-history":[{"count":0,"href":"https:\/\/www.europesays.com\/no\/wp-json\/wp\/v2\/posts\/136670\/revisions"}],"wp:featuredmedia":[{"embeddable":true,"href":"https:\/\/www.europesays.com\/no\/wp-json\/wp\/v2\/media\/136671"}],"wp:attachment":[{"href":"https:\/\/www.europesays.com\/no\/wp-json\/wp\/v2\/media?parent=136670"}],"wp:term":[{"taxonomy":"category","embeddable":true,"href":"https:\/\/www.europesays.com\/no\/wp-json\/wp\/v2\/categories?post=136670"},{"taxonomy":"post_tag","embeddable":true,"href":"https:\/\/www.europesays.com\/no\/wp-json\/wp\/v2\/tags?post=136670"}],"curies":[{"name":"wp","href":"https:\/\/api.w.org\/{rel}","templated":true}]}}