{"id":136674,"date":"2026-01-14T06:13:14","date_gmt":"2026-01-14T06:13:14","guid":{"rendered":"https:\/\/www.europesays.com\/no\/136674\/"},"modified":"2026-01-14T06:13:14","modified_gmt":"2026-01-14T06:13:14","slug":"gjor-suksess-med-nerdebutikk-finansavisen","status":"publish","type":"post","link":"https:\/\/www.europesays.com\/no\/136674\/","title":{"rendered":"Gj\u00f8r suksess med \u00abnerdebutikk\u00bb | Finansavisen"},"content":{"rendered":"<p>Fysikeren er kjent for \u00e5 knuse myter p\u00e5 TV. I kulissene har Andreas Wahl ogs\u00e5 bygget en butikk som selger \u00abnerdete\u00bb produkter \u2013 med en klar bestselger.<\/p>\n<p>Publisert 13. jan. 09:58 | Oppdatert 13. jan. 10:19<\/p>\n<p><img decoding=\"async\" class=\"c-image--blurry c-image-fa\" data-id=\"8319188\" src=\"https:\/\/www.europesays.com\/no\/wp-content\/uploads\/2026\/01\/1768371194_765_pipe.jpeg\"  alt=\"Article lead\" style=\"position:relative;display:block;object-position:51.964546783625735% 9.649122807017543%\"\/><\/p>\n<p>TV-TRYNE: Andreas Wahl selger gjerne julekuler og andre \u00abnerdeting\u00bb i Nerdebutikken sin, men han er mest kjent gjennom NRK-programmer som Folkeopplysningen, Med livet som innsats, Barne-TV, Skolequizen og Katastrofe.  <strong>FOTO: Terje Pedersen\/NTB<\/strong><\/p>\n","protected":false},"excerpt":{"rendered":"Fysikeren er kjent for \u00e5 knuse myter p\u00e5 TV. I kulissene har Andreas Wahl ogs\u00e5 bygget en butikk&hellip;\n","protected":false},"author":2,"featured_media":136675,"comment_status":"","ping_status":"","sticky":false,"template":"","format":"standard","meta":{"footnotes":""},"categories":[56],"tags":[60,61,62,30,28,29],"class_list":{"0":"post-136674","1":"post","2":"type-post","3":"status-publish","4":"format-standard","5":"has-post-thumbnail","7":"category-naeringsliv","8":"tag-business","9":"tag-economy","10":"tag-naeringsliv","11":"tag-no","12":"tag-norge","13":"tag-norway"},"share_on_mastodon":{"url":"https:\/\/pubeurope.com\/@no\/115891981750227008","error":""},"_links":{"self":[{"href":"https:\/\/www.europesays.com\/no\/wp-json\/wp\/v2\/posts\/136674","targetHints":{"allow":["GET"]}}],"collection":[{"href":"https:\/\/www.europesays.com\/no\/wp-json\/wp\/v2\/posts"}],"about":[{"href":"https:\/\/www.europesays.com\/no\/wp-json\/wp\/v2\/types\/post"}],"author":[{"embeddable":true,"href":"https:\/\/www.europesays.com\/no\/wp-json\/wp\/v2\/users\/2"}],"replies":[{"embeddable":true,"href":"https:\/\/www.europesays.com\/no\/wp-json\/wp\/v2\/comments?post=136674"}],"version-history":[{"count":0,"href":"https:\/\/www.europesays.com\/no\/wp-json\/wp\/v2\/posts\/136674\/revisions"}],"wp:featuredmedia":[{"embeddable":true,"href":"https:\/\/www.europesays.com\/no\/wp-json\/wp\/v2\/media\/136675"}],"wp:attachment":[{"href":"https:\/\/www.europesays.com\/no\/wp-json\/wp\/v2\/media?parent=136674"}],"wp:term":[{"taxonomy":"category","embeddable":true,"href":"https:\/\/www.europesays.com\/no\/wp-json\/wp\/v2\/categories?post=136674"},{"taxonomy":"post_tag","embeddable":true,"href":"https:\/\/www.europesays.com\/no\/wp-json\/wp\/v2\/tags?post=136674"}],"curies":[{"name":"wp","href":"https:\/\/api.w.org\/{rel}","templated":true}]}}