{"id":136678,"date":"2026-01-14T06:15:11","date_gmt":"2026-01-14T06:15:11","guid":{"rendered":"https:\/\/www.europesays.com\/no\/136678\/"},"modified":"2026-01-14T06:15:11","modified_gmt":"2026-01-14T06:15:11","slug":"inderoy-strompris-narve-er-en-av-de-fa-foler-meg-ikke-som-noen-kjempe-gambler-tronder-avisa","status":"publish","type":"post","link":"https:\/\/www.europesays.com\/no\/136678\/","title":{"rendered":"Inder\u00f8y, Str\u00f8mpris | Narve er en av de f\u00e5: \u2013 F\u00f8ler meg ikke som noen kjempe-gambler &#8211; Tr\u00f8nder-Avisa"},"content":{"rendered":"<ol>\n<li><a href=\"https:\/\/news.google.com\/rss\/articles\/CBMimgFBVV95cUxOTWhNSmNMVEpmU3NsQnhSZEc0ZUwtSnZjMnBCMTVTaVZIZk1fbEQtekJVb2dxWVNQUmhmLXh2bGJ5eDN5YXFqVkhjNl83NXJRUEstMjVLTzZvMnpfT0FOdFQ4ZTdmNl9zQVF3QmpsOTlXRUI2ejZTOXJGTTlLMkVERUVDYjZ2TWQxeVdZNVNrWUQ0TXlsTklMWGtR?oc=5\" target=\"_blank\" rel=\"nofollow noopener\">Inder\u00f8y, Str\u00f8mpris | Narve er en av de f\u00e5: \u2013 F\u00f8ler meg ikke som noen kjempe-gambler<\/a>&nbsp;&nbsp;Tr\u00f8nder-Avisa<\/li>\n<li><a href=\"https:\/\/news.google.com\/rss\/articles\/CBMilwFBVV95cUxPdmdLXzlOOGNXWmtGd2t4VUJROHcxQ1JKY1JrUHA1dVJnSlVDbVBJV0NyamdrRkhmaG5nY1NMd2V0U1AzOFpRVFQ5Um9YYnVLRlJNZ2hsdF9UMFo3S18yUWlqR1ZsYlJhX1RTY0tPZ3pJcmprVU5hSmpPa2VsZHp0VXF5cWhFdnk2aGpHemU4aHkyaDFqQlZ3?oc=5\" target=\"_blank\" rel=\"nofollow noopener\">97 prosent av tiden var norgespris billigere<\/a>&nbsp;&nbsp;Stavanger Aftenblad<\/li>\n<li><a href=\"https:\/\/news.google.com\/rss\/articles\/CBMiygFBVV95cUxNanFQQUpWZjc0NkI0TEt2M0MxTmF6b0J2V1RCYVQteE1zSm5WSGo5VEQ0Qm5hZkNtMy1VTUlyNDltMldXZ1BPeW11NHNmYjFkRFJPVUdlQnBnVDVycVVPVjctRHRqb0Q5eERoLUNuVEdhRTRjeGFPNmNaYjVKZ1N4ZFl5bHVqU0JVN1lrNVV2SDRyTU1nZVVLTnI2cXh6SmRRXzM4MTZUQUJJb1JlV3pvRzc4WlpidjVNM1U0WkItOC1ocjhtbXEzZVhR?oc=5\" target=\"_blank\" rel=\"nofollow noopener\">Norgespris er en ekstraskatt for alle som ikke kan regne<\/a>&nbsp;&nbsp;Nettavisen<\/li>\n<li><a href=\"https:\/\/news.google.com\/rss\/articles\/CBMivAFBVV95cUxNTGV0cmc0MnVpTi1wSWlCV296YXdQdXNkMkVOSEZiYUNTS3M2Q3JFbGdSalhaYWpiYk9xX0hlR3pMX3hISC1fb2ZvTndYX2JvMEdrOE1vQm41VnJWeVhTZHdUVTludTBLQ0pEQnYyTG5YMDFPT1IzN2FGV0RjQkhTTXhFREt2SW1rNmZMeUhWVVJmeml2QlVHREFGM0Nsdjc5OVR3UTdtWHQwWTF1QWVDNGZocDlnemRqbmdKVg?oc=5\" target=\"_blank\" rel=\"nofollow noopener\">Skriftlig sp\u00f8rsm\u00e5l fra Kristoffer Sivertsen (FrP) til energiministeren<\/a>&nbsp;&nbsp;Stortinget.no<\/li>\n<li><a href=\"https:\/\/news.google.com\/rss\/articles\/CBMirgFBVV95cUxPSDhKM3BZTnJrWkFpbUNaZUVpLUc3ZElWa21UTi1uMDViUG4yNWlVY3ozX0hoQlY0V1JrR2V4V3QybmV2VGFZMDVRNnRuRmZsX3pyeU1OR2RGTjI1dzdFbnJuS0hKZ0FIR3V3UWdCdEt3ZW1Td01fUl9nRUdodS14b0JsQXBiaHg2TmlhSHEtQWVLNHZNT2wyczN1TTliZkdwNHNxbWY5WEVjelQ0MkE?oc=5\" target=\"_blank\" rel=\"nofollow noopener\">Norgespris fungerer \u2013 problemet er str\u00f8mprisen (+)<\/a>&nbsp;&nbsp;Dagens N\u00e6ringsliv<\/li>\n<\/ol>\n","protected":false},"excerpt":{"rendered":"Inder\u00f8y, Str\u00f8mpris | Narve er en av de f\u00e5: \u2013 F\u00f8ler meg ikke som noen kjempe-gambler&nbsp;&nbsp;Tr\u00f8nder-Avisa 97 prosent&hellip;\n","protected":false},"author":2,"featured_media":136679,"comment_status":"","ping_status":"","sticky":false,"template":"","format":"standard","meta":{"footnotes":""},"categories":[10],"tags":[20,21,24,25,15,22,23,13,30,28,29,14,16,26,27],"class_list":{"0":"post-136678","1":"post","2":"type-post","3":"status-publish","4":"format-standard","5":"has-post-thumbnail","7":"category-norge","8":"tag-breaking-news","9":"tag-breakingnews","10":"tag-featured-news","11":"tag-featurednews","12":"tag-headlines","13":"tag-latest-news","14":"tag-latestnews","15":"tag-news","16":"tag-no","17":"tag-norge","18":"tag-norway","19":"tag-nyheter","20":"tag-overskrifter","21":"tag-top-stories","22":"tag-topstories"},"share_on_mastodon":{"url":"https:\/\/pubeurope.com\/@no\/115891989560857457","error":""},"_links":{"self":[{"href":"https:\/\/www.europesays.com\/no\/wp-json\/wp\/v2\/posts\/136678","targetHints":{"allow":["GET"]}}],"collection":[{"href":"https:\/\/www.europesays.com\/no\/wp-json\/wp\/v2\/posts"}],"about":[{"href":"https:\/\/www.europesays.com\/no\/wp-json\/wp\/v2\/types\/post"}],"author":[{"embeddable":true,"href":"https:\/\/www.europesays.com\/no\/wp-json\/wp\/v2\/users\/2"}],"replies":[{"embeddable":true,"href":"https:\/\/www.europesays.com\/no\/wp-json\/wp\/v2\/comments?post=136678"}],"version-history":[{"count":0,"href":"https:\/\/www.europesays.com\/no\/wp-json\/wp\/v2\/posts\/136678\/revisions"}],"wp:featuredmedia":[{"embeddable":true,"href":"https:\/\/www.europesays.com\/no\/wp-json\/wp\/v2\/media\/136679"}],"wp:attachment":[{"href":"https:\/\/www.europesays.com\/no\/wp-json\/wp\/v2\/media?parent=136678"}],"wp:term":[{"taxonomy":"category","embeddable":true,"href":"https:\/\/www.europesays.com\/no\/wp-json\/wp\/v2\/categories?post=136678"},{"taxonomy":"post_tag","embeddable":true,"href":"https:\/\/www.europesays.com\/no\/wp-json\/wp\/v2\/tags?post=136678"}],"curies":[{"name":"wp","href":"https:\/\/api.w.org\/{rel}","templated":true}]}}