{"id":136682,"date":"2026-01-14T06:25:07","date_gmt":"2026-01-14T06:25:07","guid":{"rendered":"https:\/\/www.europesays.com\/no\/136682\/"},"modified":"2026-01-14T06:25:07","modified_gmt":"2026-01-14T06:25:07","slug":"svaert-glatte-veier-i-kristiansand","status":"publish","type":"post","link":"https:\/\/www.europesays.com\/no\/136682\/","title":{"rendered":"Sv\u00e6rt glatte veier i Kristiansand"},"content":{"rendered":"<p>\u2013 Fra H\u00e5nes og inn til Kristiansand sentrum var venstrefila helt speilblank, forteller bilf\u00f8rer Christoffer Nordby til F\u00e6drelandsvennen.<\/p>\n<p>Han kj\u00f8rte strekningen like over klokka 06.30.<\/p>\n<p><strong>\u2013 Beregn ekstra god tid, senk farten og hold god avstand til bilen foran deg.<\/strong><\/p>\n<p>Det er oppfordringen til trafikkoperat\u00f8r Sara Bendiksen ved Vegtrafikksentralen til bilister p\u00e5 S\u00f8rlandet onsdag morgen.<\/p>\n<p>Hun melder om vekslende utfordringer p\u00e5 veiene i landsdelen.<\/p>\n<p>Underkj\u00f8lt<\/p>\n<p><strong>I Kristiansand er det sv\u00e6rt glatt, b\u00e5de p\u00e5 hovedveier og sideveier. Etter at nedb\u00f8ren kom som regn, har det i morgentimene fryst p\u00e5.<\/strong><\/p>\n<p>\u2013 Det er kaldere p\u00e5 veien enn i lufta. Dermed s\u00e5 blir det glatt n\u00e5r regnet treffer bakken, sier Bendiksen til F\u00e6drelandsvennen.<\/p>\n<p>Hun forteller at Statens vegvesen har hatt, og har fortsatt mye mannskap ute p\u00e5 veiene for \u00e5 br\u00f8yte og str\u00f8, alt etter behovet.<\/p>\n<p>Rolig natt<\/p>\n<p>\u2013 Det har v\u00e6rt mye nedb\u00f8r og vekslende v\u00e6r. Noen steder m\u00e5 det br\u00f8ytes, mens andre steder er det mye vann i veien som er problemet, sier hun.<\/p>\n<p>Ole Robert Strandhagen, operasjonsleder ved Agder politidistrikt, opplyser at det ikke har v\u00e6rt noen hendelser i trafikken i l\u00f8pet av natten.<\/p>\n<p>\u2013 Vi har ikke f\u00e5tt noen meldinger om biler som har havnet ut p\u00e5 glatta, sier han til F\u00e6drelandsvennen onsdag morgen.<\/p>\n","protected":false},"excerpt":{"rendered":"\u2013 Fra H\u00e5nes og inn til Kristiansand sentrum var venstrefila helt speilblank, forteller bilf\u00f8rer Christoffer Nordby til F\u00e6drelandsvennen.&hellip;\n","protected":false},"author":2,"featured_media":136683,"comment_status":"","ping_status":"","sticky":false,"template":"","format":"standard","meta":{"footnotes":""},"categories":[10],"tags":[20,21,24,25,9149,15,331,22,23,13,30,28,29,14,16,1899,26,27,3867],"class_list":{"0":"post-136682","1":"post","2":"type-post","3":"status-publish","4":"format-standard","5":"has-post-thumbnail","7":"category-norge","8":"tag-breaking-news","9":"tag-breakingnews","10":"tag-featured-news","11":"tag-featurednews","12":"tag-glatt","13":"tag-headlines","14":"tag-kristiansand","15":"tag-latest-news","16":"tag-latestnews","17":"tag-news","18":"tag-no","19":"tag-norge","20":"tag-norway","21":"tag-nyheter","22":"tag-overskrifter","23":"tag-statens-vegvesen","24":"tag-top-stories","25":"tag-topstories","26":"tag-vegtrafikksentralen"},"share_on_mastodon":{"url":"https:\/\/pubeurope.com\/@no\/115892028917315353","error":""},"_links":{"self":[{"href":"https:\/\/www.europesays.com\/no\/wp-json\/wp\/v2\/posts\/136682","targetHints":{"allow":["GET"]}}],"collection":[{"href":"https:\/\/www.europesays.com\/no\/wp-json\/wp\/v2\/posts"}],"about":[{"href":"https:\/\/www.europesays.com\/no\/wp-json\/wp\/v2\/types\/post"}],"author":[{"embeddable":true,"href":"https:\/\/www.europesays.com\/no\/wp-json\/wp\/v2\/users\/2"}],"replies":[{"embeddable":true,"href":"https:\/\/www.europesays.com\/no\/wp-json\/wp\/v2\/comments?post=136682"}],"version-history":[{"count":0,"href":"https:\/\/www.europesays.com\/no\/wp-json\/wp\/v2\/posts\/136682\/revisions"}],"wp:featuredmedia":[{"embeddable":true,"href":"https:\/\/www.europesays.com\/no\/wp-json\/wp\/v2\/media\/136683"}],"wp:attachment":[{"href":"https:\/\/www.europesays.com\/no\/wp-json\/wp\/v2\/media?parent=136682"}],"wp:term":[{"taxonomy":"category","embeddable":true,"href":"https:\/\/www.europesays.com\/no\/wp-json\/wp\/v2\/categories?post=136682"},{"taxonomy":"post_tag","embeddable":true,"href":"https:\/\/www.europesays.com\/no\/wp-json\/wp\/v2\/tags?post=136682"}],"curies":[{"name":"wp","href":"https:\/\/api.w.org\/{rel}","templated":true}]}}