{"id":136688,"date":"2026-01-14T06:32:07","date_gmt":"2026-01-14T06:32:07","guid":{"rendered":"https:\/\/www.europesays.com\/no\/136688\/"},"modified":"2026-01-14T06:32:07","modified_gmt":"2026-01-14T06:32:07","slug":"nyheter-gausdal-haerverk-i-lillehammer-sentrum-og-brann-i-lastebil","status":"publish","type":"post","link":"https:\/\/www.europesays.com\/no\/136688\/","title":{"rendered":"Nyheter, Gausdal | H\u00e6rverk i Lillehammer sentrum og brann i lastebil"},"content":{"rendered":"\n<p>Rundt klokka tre ringte alarmen hos et vekterselskap i Lillehammer. En vekter rykket ut til Apotek1 i Kirkegata, og det som m\u00f8tte han var ei knust rute.<\/p>\n<p>\u2013 Det framst\u00e5r tvilsomt om noen har v\u00e6rt inne i lokalene, opplyser Frode \u00d8vre\u00e5s i politiet.<\/p>\n<p>Det er sikret videooverv\u00e5kning fra stedet, og politiet har opprettet sak. I l\u00f8pet av onsdag kommer en glassmester til apoteket for \u00e5 fikse den \u00f8delagte d\u00f8ra.<\/p>\n<p>Omtrent akkurat to timer ble det varslet om brann i Gausdal. N\u00e6rmere bestemt i Svatsum. En br\u00f8ytebil skal v\u00e6re i full fyr og n\u00f8detatene rykket ut til stedet.<\/p>\n<p>\u2013 Sj\u00e5f\u00f8ren merka at det begynte \u00e5 brenne, og kom seg ut i trygghet. Han m\u00e5tte forlate bilen midt i vegen, sier \u00d8vre\u00e5s til GD.<\/p>\n<p>\u2013 Er bilen totalskadd?<\/p>\n<p>\u2013 Hytta p\u00e5 bilen er utbrent, svarer operasjonslederen.<\/p>\n<p>Sj\u00e5f\u00f8ren skal v\u00e6re uskadd og i trygghet. Politiet har tatt avh\u00f8r av han etter hendelsen, som skjedde om lag halvannen kilometer s\u00f8r for Vis-Knut Heimen. Brannen skal v\u00e6re slukka rundt klokka halv sju onsdag morgen.<\/p>\n<p>Bilen st\u00e5r midt p\u00e5 fylkesveg 255 som vil v\u00e6re stengt en periode framover til bilen er berget.<\/p>\n<p>\u2013 Planen er \u00e5 f\u00e5 dratt den ut i gr\u00f8fta og inn p\u00e5 ei lomme fram til berging kommer, sier \u00d8vre\u00e5s.<\/p>\n","protected":false},"excerpt":{"rendered":"Rundt klokka tre ringte alarmen hos et vekterselskap i Lillehammer. En vekter rykket ut til Apotek1 i Kirkegata,&hellip;\n","protected":false},"author":2,"featured_media":136689,"comment_status":"","ping_status":"","sticky":false,"template":"","format":"standard","meta":{"footnotes":""},"categories":[10],"tags":[36,20,21,24,25,1428,15,22,23,1427,13,30,28,29,14,16,1510,26,27,224],"class_list":{"0":"post-136688","1":"post","2":"type-post","3":"status-publish","4":"format-standard","5":"has-post-thumbnail","7":"category-norge","8":"tag-art","9":"tag-breaking-news","10":"tag-breakingnews","11":"tag-featured-news","12":"tag-featurednews","13":"tag-gausdal","14":"tag-headlines","15":"tag-latest-news","16":"tag-latestnews","17":"tag-lillehammer","18":"tag-news","19":"tag-no","20":"tag-norge","21":"tag-norway","22":"tag-nyheter","23":"tag-overskrifter","24":"tag-story","25":"tag-top-stories","26":"tag-topstories","27":"tag-trafikk"},"share_on_mastodon":{"url":"https:\/\/pubeurope.com\/@no\/115892056522495341","error":""},"_links":{"self":[{"href":"https:\/\/www.europesays.com\/no\/wp-json\/wp\/v2\/posts\/136688","targetHints":{"allow":["GET"]}}],"collection":[{"href":"https:\/\/www.europesays.com\/no\/wp-json\/wp\/v2\/posts"}],"about":[{"href":"https:\/\/www.europesays.com\/no\/wp-json\/wp\/v2\/types\/post"}],"author":[{"embeddable":true,"href":"https:\/\/www.europesays.com\/no\/wp-json\/wp\/v2\/users\/2"}],"replies":[{"embeddable":true,"href":"https:\/\/www.europesays.com\/no\/wp-json\/wp\/v2\/comments?post=136688"}],"version-history":[{"count":0,"href":"https:\/\/www.europesays.com\/no\/wp-json\/wp\/v2\/posts\/136688\/revisions"}],"wp:featuredmedia":[{"embeddable":true,"href":"https:\/\/www.europesays.com\/no\/wp-json\/wp\/v2\/media\/136689"}],"wp:attachment":[{"href":"https:\/\/www.europesays.com\/no\/wp-json\/wp\/v2\/media?parent=136688"}],"wp:term":[{"taxonomy":"category","embeddable":true,"href":"https:\/\/www.europesays.com\/no\/wp-json\/wp\/v2\/categories?post=136688"},{"taxonomy":"post_tag","embeddable":true,"href":"https:\/\/www.europesays.com\/no\/wp-json\/wp\/v2\/tags?post=136688"}],"curies":[{"name":"wp","href":"https:\/\/api.w.org\/{rel}","templated":true}]}}