{"id":136690,"date":"2026-01-14T06:33:11","date_gmt":"2026-01-14T06:33:11","guid":{"rendered":"https:\/\/www.europesays.com\/no\/136690\/"},"modified":"2026-01-14T06:33:11","modified_gmt":"2026-01-14T06:33:11","slug":"asheim-sa-nei-til-kutt-i-sykelonna-na-har-han-snudd","status":"publish","type":"post","link":"https:\/\/www.europesays.com\/no\/136690\/","title":{"rendered":"Asheim sa nei til kutt i sykel\u00f8nna. N\u00e5 har han snudd"},"content":{"rendered":"<p class=\"byline\">Aslak Bodahl<\/p>\n<p class=\"epost\">aslak@lomedia.no<\/p>\n<p class=\"tekst\">\u2013 Jeg synes det er ekstremt passivt hvis vi p\u00e5 Stortinget, som hvert \u00e5r bevilger penger til \u00e5 finansiere sykel\u00f8nnsordningen, bare skal overlate sp\u00f8rsm\u00e5let om full l\u00f8nn under sykdom til partene i arbeidslivet, sier Henrik Asheim til FriFagbevegelse.\u00a0<\/p>\n<p class=\"tekst\">Han tror flere politikere i ulike partier, ogs\u00e5 i Ap, ser at \u00abvi er n\u00f8dt til \u00e5 ta grep ogs\u00e5 fra politisk side hvis ikke sykefrav\u00e6ret g\u00e5r mer ned enn n\u00e5\u00bb. <\/p>\n<p class=\"tekst\">Norge har et h\u00f8yt sykefrav\u00e6r sammenlignet med v\u00e5re naboland, <a target=\"_blank\" rel=\"noopener nofollow\" href=\"https:\/\/www.ssb.no\/arbeid-og-lonn\/arbeidsmiljo-sykefravaer-og-arbeidskonflikter\/artikler\/sykefravaeret-i-norge-oker-mer-enn-i-nabolandene\">avstanden til Sverige og Danmark<\/a> har \u00f8kt de siste \u00e5rene.<\/p>\n<p class=\"tekst\">\u2013 Jeg tror ganske mange i Ap ser det samme som jeg ser, mener H\u00f8yres nestleder.\u00a0<\/p>\n<p class=\"tekst\">\u2013 Vi er n\u00f8dt til \u00e5 ta tak i dette. Vi er n\u00f8dt til \u00e5 komme med tiltak som kanskje strammer inn p\u00e5 inngangsvilk\u00e5rene i ordningen. S\u00e6rlig hvis vi skal beholde en raus sykel\u00f8nnsordning. Da m\u00e5 vi gj\u00f8re andre grep, ogs\u00e5 fra myndighetenes side, for \u00e5 f\u00e5 ned sykefrav\u00e6ret, sier han.\u00a0<\/p>\n<p class=\"mellomtittel\">Snudd p\u00e5 et halvt \u00e5r<\/p>\n<p class=\"tekst\">Etter \u00e5 ha forfektet at det er mulig \u00e5 redusere sykefrav\u00e6ret og f\u00e5 folk tilbake i jobb uten \u00e5 kutte i sykepengene folk f\u00e5r utbetalt, \u00e5pner n\u00e5 alts\u00e5 Henrik Asheim for kutt i sykel\u00f8nnen.<\/p>\n<p class=\"tekst\">\u2013 Hvis vi skal diskutere sykel\u00f8nnsordningen, kan vi ikke avvise at kutt kan v\u00e6re aktuelt, sa H\u00f8yre-nestlederen til <a target=\"_blank\" rel=\"noopener nofollow\" href=\"https:\/\/www.dn.no\/politikk\/asheim-vil-endre-sykelonnsordningen-ber-hoyre-snu\/2-1-1926200\">Dagens N\u00e6ringsliv<\/a> mandag kveld.\u00a0<\/p>\n<p class=\"tekst\">Uttalelsen vekker ikke bare reaksjoner i fagbevegelsen og p\u00e5 venstresiden. <\/p>\n<p class=\"tekst\">Den st\u00e5r ogs\u00e5 i kontrast til innlegget som Asheim hadde <a target=\"_blank\" rel=\"noopener nofollow\" href=\"https:\/\/hoyre.no\/2025\/08\/08\/nei-hoyre-vil-ikke-kutte-i-sykelonna-vi-vil-redusere-fravaeret\/\">i Avisa Nordland og p\u00e5 H\u00f8yres sider<\/a> i valgkampen i fjor.<\/p>\n<p class=\"tekst\">I artikkelen i august 2025 skrev han at \u00abH\u00f8yre ikke er for \u00e5 kutte i sykepengene til arbeidstakere\u00bb, og at \u00abdet har vi ikke v\u00e6rt p\u00e5 over 20 \u00e5r, noe b\u00e5de Arbeiderpartiet og LO vet godt\u00bb.<\/p>\n<p class=\"tekst\">Asheim p\u00e5sto at Arbeiderpartiet og LO hadde bestemt seg for \u00e5 bygge valgkampen sin p\u00e5 usannheter om H\u00f8yres politikk. Han refererte til innlegget \u00abSykel\u00f8nnsordningen: Hvem kan vi stole p\u00e5?\u00bb og hevdet at LO og Ap insinuerte at H\u00f8yre vil kutte i sykel\u00f8nna.\u00a0<\/p>\n<p class=\"tekst\">\u00abDet f\u00f8yer seg inn i rekken av usannheter fra venstresiden og LO om H\u00f8yres politikk,\u00bb skrev han.\u00a0<\/p>\n<p class=\"tekst\">\u2013 Vi er for hundre prosent l\u00f8nn under sykdom. Det st\u00e5r eksplisitt i programmet v\u00e5rt. Det var grunnen til at jeg reagerte da. Det st\u00e5r ogs\u00e5 at vi skal sette ned en kommisjon for \u00e5 se p\u00e5 sykefrav\u00e6ret og komme med nye tiltak. Det er v\u00e5rt utgangspunkt, sier Asheim.<\/p>\n<p class=\"faktatittel\">Fakta<\/p>\n<p class=\"fakta\">I dag har sjuke arbeidsfolk full l\u00f8nn i ett \u00e5r.<\/p>\n<p class=\"fakta\">Det er arbeidsgiver som betaler for de 16 f\u00f8rste dagene, og deretter tar Nav over \u2013 og betaler full l\u00f8nn opp til 744.000 kroner (6G).\u00a0\u00a0<\/p>\n<p class=\"fakta\">Vi har hatt full l\u00f8nn under sykdom i ett \u00e5r i Norge siden 1978.\u00a0<\/p>\n<p class=\"fakta\">Arbeidstakere f\u00e5r en overgang fra 100 prosent kompensasjonsgrad i ett \u00e5r til 66 prosent kompensasjonsgrad n\u00e5r man kommer over p\u00e5 arbeidsavklaringspenger (AAP).\u00a0<\/p>\n<p class=\"mellomtittel\">Asheim:\u2013 Dette er m\u00e5let mitt<\/p>\n<p class=\"tekst\">\u2013 Men det er en forskjell p\u00e5 det du skrev da og det du sier n\u00e5?<\/p>\n<p class=\"tekst\">\u2013 Ja, men hvis vi f\u00f8rst skal sette oss ned for \u00e5 diskutere ordningen, kan vi ikke si at noe \u2013 som for eksempel kompensasjonsgraden i sykepengene \u2013 ikke er aktuelt \u00e5 diskutere. Da blir det overskrifter som i DN. Det kommer jeg ikke unna, og det skj\u00f8nner jeg, sier Asheim.\u00a0<\/p>\n<p class=\"tekst\">\u2013 Hvis du leser saken i DN, st\u00e5r det ikke at jeg vil kutte i sykel\u00f8nna. Det som er mitt m\u00e5l \u2013 og som jeg mener er veldig viktig n\u00e5 \u2013 er at vi kommer oss opp av disse diskusjonene i skyttergravene, sier han.<\/p>\n<p class=\"tekst\">Han viser til at <a target=\"_blank\" rel=\"noopener nofollow\" href=\"https:\/\/frifagbevegelse.no\/loaktuelt\/er-sykelonna-fredet-na-dette-ma-du-vite-om-den-nye-iaavtalen-6.158.1114268.5a0500a36a\">avtalen om et inkluderende arbeidsliv (IA-avtalen)<\/a> sl\u00e5r fast at partene skulle bruke 2025 og 2026 til \u00e5 innhente kunnskap om sykel\u00f8nnsordningen.<\/p>\n<p class=\"tekst\">\u2013 N\u00e5r kunnskapsinnhentingen skal legges fram, mener jeg det er rom for \u00e5 f\u00e5 til brede politiske forlik om hva vi kan gj\u00f8re for \u00e5 f\u00e5 ned sykefrav\u00e6ret, sier H\u00f8yre-nestlederen.\u00a0<\/p>\n<p class=\"tekst\">Asheim sier det er en grunn til at han formulerer seg som han gj\u00f8r i DN.<\/p>\n<p class=\"tekst\">\u2013 Vi har en veldig sjener\u00f8s sykel\u00f8nnsordning, og hvis vi skal beholde den, m\u00e5 vi kanskje diskutere flere ting \u2013 blant annet inngangsvilk\u00e5rene for sykefrav\u00e6r, hvordan vi kan s\u00f8rge for at f\u00e6rre faller over p\u00e5 arbeidsavklaringspenger (AAP) og hvordan vi kan f\u00e5 ned langtidsfrav\u00e6ret.\u00a0\u00a0<\/p>\n<p class=\"mellomtittel\">Vil unng\u00e5 krigserkl\u00e6ringer<\/p>\n<p class=\"tekst\">Overskriftene som Asheim sier at han m\u00e5 regne med etter \u00e5 ha \u00e5pnet opp for kutt i sykel\u00f8nna, er egentlig et fors\u00f8k p\u00e5 \u00e5 stille f\u00f8lgende sp\u00f8rsm\u00e5l:<\/p>\n<p class=\"tekst\">\u2013 Vi har g\u00e5tt p\u00e5 den samme stien helt siden IA-avtalen ble til i 2001, og politikerne har v\u00e6rt helt avkoblet denne diskusjonen mens sykefrav\u00e6ret har v\u00e6rt varig h\u00f8yt. Hva kan vi i fellesskap gj\u00f8re uten at det blir store krigserkl\u00e6ringer? sp\u00f8r han.\u00a0<\/p>\n<p class=\"tekst\">\u2013 Hovedregelen har v\u00e6rt at partene i arbeidslivet n\u00e6rmest alene diskuterer dette, sier Asheim.<\/p>\n<p class=\"tekst\">Han oppfatter reaksjonen fra HK-leder Christopher Beckham som en av krigserkl\u00e6ringene.<\/p>\n<p class=\"tekst\">Forbundslederen kaller Asheims utspill i DN for <a target=\"_blank\" rel=\"noopener nofollow\" href=\"https:\/\/frifagbevegelse.no\/nyheter\/hoyre-apner-for-kutt-i-sykelonna-det-skaper-kraftige-reaksjoner-i-lo-6.158.1186920.22abc9e6f0\">\u00abet imponerende l\u00f8ftebrudd fra H\u00f8yre\u00bb<\/a>.<\/p>\n<p class=\"tekst\">\u2013 I valgkampen, og senest for 35 dager siden, ga de velgerne et l\u00f8fte om \u00e5 frede sykel\u00f8nnsordningen. H\u00f8yre er ikke til \u00e5 stole p\u00e5, mener Beckham.<\/p>\n<p class=\"tekst\">\u2013 Det er nettopp slike diskusjoner i skyttergravene jeg advarer mot, svarer Asheim.<\/p>\n<p class=\"tekst\">Han presiserer at sykefrav\u00e6ret falt i 2025, men at det jevnt over er h\u00f8yt.<\/p>\n<p class=\"tekst\">\u2013 Beckham representerer fagbevegelsen, en av partene i trepartssamarbeidet, og sier at det n\u00e6rmest er krig etter uttalelsen min. Det er ingen partier bortsett fra Venstre som har noe annet enn hundre prosent l\u00f8nn under sykdom i programmene sine, sier Asheim.<\/p>\n<p class=\"mellomtittel\">\u2013 Et samfunnsproblem<\/p>\n<p class=\"tekst\">N\u00e5 vil han, sammen med partikollega Anna Molberg, \u00abinvitere partiene p\u00e5 Stortinget til et forlik om sykel\u00f8nnsordningen for \u00e5 redusere sykefrav\u00e6ret betydelig.\u00bb<\/p>\n<p class=\"tekst\">Asheim \u00f8nsker \u00e5 stille f\u00f8lgende sp\u00f8rsm\u00e5l:<\/p>\n<p class=\"tekst\">\u2022 Hvordan fungerer ordningen i dag?<\/p>\n<p class=\"tekst\">\u2022 Skal man f\u00e5 hundre prosent sykepenger i ett \u00e5r og deretter g\u00e5 over p\u00e5 66 prosent av l\u00f8nn?\u00a0<\/p>\n<p class=\"tekst\">\u2022 Har vi et velfungerende system?<\/p>\n<p class=\"tekst\">\u2022 Er det noe annet vi kan gj\u00f8re for \u00e5 hindre at s\u00e5 mange g\u00e5r over p\u00e5 AAP etter bare ett \u00e5r?<\/p>\n<p class=\"tekst\">\u2022 Skal vi v\u00e6re mer katolske enn paven p\u00e5 at det systemet vi har, ogs\u00e5 er det beste?<\/p>\n<p class=\"tekst\">\u2013 Hvis noen r\u00f8rer noe i dette systemet, oppfattes det som en krigserkl\u00e6ring, og det har bare f\u00f8rt til at sykefrav\u00e6ret i Norge har v\u00e6rt varig mye h\u00f8yere enn landene rundt oss, sier Asheim<\/p>\n<p class=\"tekst\">\u2013 Sykefrav\u00e6ret, i velferden s\u00e5 vel som i kommunene, er jevnt over s\u00e5 h\u00f8yt at det g\u00e5r utover barnehagene og eldreomsorgen, mener H\u00f8yre-nestlederen.<\/p>\n<p class=\"tekst\">\u2013 Dette er et samfunnsproblem som handler om velferden v\u00e5r. Da er det i overkant passivt at vi i over 20 \u00e5r i norsk politikk \u2013 synes jeg \u2013 avviser denne diskusjonen p\u00e5 grunn av den type trusler som Christopher Beckham kommer med n\u00e5, sier Henrik Asheim.<\/p>\n","protected":false},"excerpt":{"rendered":"Aslak Bodahl aslak@lomedia.no \u2013 Jeg synes det er ekstremt passivt hvis vi p\u00e5 Stortinget, som hvert \u00e5r bevilger&hellip;\n","protected":false},"author":2,"featured_media":136691,"comment_status":"","ping_status":"","sticky":false,"template":"","format":"standard","meta":{"footnotes":""},"categories":[5],"tags":[20,21,24,25,15,19,22,23,17,18,13,30,28,29,14,16,26,27],"class_list":{"0":"post-136690","1":"post","2":"type-post","3":"status-publish","4":"format-standard","5":"has-post-thumbnail","7":"category-overskrifter","8":"tag-breaking-news","9":"tag-breakingnews","10":"tag-featured-news","11":"tag-featurednews","12":"tag-headlines","13":"tag-hovedoppslag","14":"tag-latest-news","15":"tag-latestnews","16":"tag-main-news","17":"tag-mainnews","18":"tag-news","19":"tag-no","20":"tag-norge","21":"tag-norway","22":"tag-nyheter","23":"tag-overskrifter","24":"tag-top-stories","25":"tag-topstories"},"share_on_mastodon":{"url":"https:\/\/pubeurope.com\/@no\/115892060314261780","error":""},"_links":{"self":[{"href":"https:\/\/www.europesays.com\/no\/wp-json\/wp\/v2\/posts\/136690","targetHints":{"allow":["GET"]}}],"collection":[{"href":"https:\/\/www.europesays.com\/no\/wp-json\/wp\/v2\/posts"}],"about":[{"href":"https:\/\/www.europesays.com\/no\/wp-json\/wp\/v2\/types\/post"}],"author":[{"embeddable":true,"href":"https:\/\/www.europesays.com\/no\/wp-json\/wp\/v2\/users\/2"}],"replies":[{"embeddable":true,"href":"https:\/\/www.europesays.com\/no\/wp-json\/wp\/v2\/comments?post=136690"}],"version-history":[{"count":0,"href":"https:\/\/www.europesays.com\/no\/wp-json\/wp\/v2\/posts\/136690\/revisions"}],"wp:featuredmedia":[{"embeddable":true,"href":"https:\/\/www.europesays.com\/no\/wp-json\/wp\/v2\/media\/136691"}],"wp:attachment":[{"href":"https:\/\/www.europesays.com\/no\/wp-json\/wp\/v2\/media?parent=136690"}],"wp:term":[{"taxonomy":"category","embeddable":true,"href":"https:\/\/www.europesays.com\/no\/wp-json\/wp\/v2\/categories?post=136690"},{"taxonomy":"post_tag","embeddable":true,"href":"https:\/\/www.europesays.com\/no\/wp-json\/wp\/v2\/tags?post=136690"}],"curies":[{"name":"wp","href":"https:\/\/api.w.org\/{rel}","templated":true}]}}