{"id":136697,"date":"2026-01-14T06:40:12","date_gmt":"2026-01-14T06:40:12","guid":{"rendered":"https:\/\/www.europesays.com\/no\/136697\/"},"modified":"2026-01-14T06:40:12","modified_gmt":"2026-01-14T06:40:12","slug":"sivert-guttorm-bakken-bisettes-i-lillehammer-nrk-innlandet-lokale-nyheter-tv-og-radio","status":"publish","type":"post","link":"https:\/\/www.europesays.com\/no\/136697\/","title":{"rendered":"Sivert Guttorm Bakken bisettes i Lillehammer \u2013 NRK Innlandet \u2013 Lokale nyheter, TV og radio"},"content":{"rendered":"<p>Saken oppsummert:<\/p>\n<ul>\n<li>Sivert Guttorm Bakken (27), skiskytter og verdenscupvinner, ble bisatt fra Nordre \u00c5l kirke i Lillehammer tirsdag.<\/li>\n<li>Familie, venner, skiskyttermilj\u00f8et og verdenscuplaget var til stede for \u00e5 ta en siste avskjed.<\/li>\n<li>Bakken ble funnet d\u00f8d p\u00e5 et hotellrom i Italia lille julaften, og d\u00f8ds\u00e5rsaken er fortsatt ukjent.<\/li>\n<li>Landslagssjef Per Arne Botnan og andre kolleger minnes hans dedikasjon og prestasjoner, inkludert seieren i Holmenkollen i 2022.<\/li>\n<li>Generalsekret\u00e6ren i Norges Skiskytterforbund beskrev Bakken som en viktig lagkamerat som gjorde alle rundt seg bedre.<\/li>\n<li>Bakken hadde nylig gjort comeback etter sykdom og oppn\u00e5dde sterke resultater f\u00f8r sin plutselige bortgang.<\/li>\n<\/ul>\n<p>Oppsummeringen er laget av en KI-tjeneste fra OpenAI. Innholdet er kvalitetssikret av NRKs journalister f\u00f8r publisering.<\/p>\n<p>Tirsdag ble skiskytter Sivert Guttorm Bakken bisatt fra Nordre \u00c5l kirke i Lillehammer.<\/p>\n<p>B\u00e5de venner, familie og flere fra skiskyttermilj\u00f8et, var samlet for \u00e5 ta farvel med skiskytteren i en fullsatt kirke.<\/p>\n<p>Ogs\u00e5 store deler av verdenscuplaget var til stede i kirken tirsdag.\n<\/p>\n<p><img decoding=\"async\"   src=\"data:image\/gif;base64,R0lGODlhAQABAIAAAAAAAP\/\/\/yH5BAEAAAAALAAAAAABAAEAAAIBRAA7\" loading=\"eager\" alt=\"et bord med et bilde p\u00e5\" title=\"Foto: Geir Olsen \/ NTB\"\/><\/p>\n<p class=\"\">Kirka hvor Bakken bisettes er helt fullsatt.<\/p>\n<p>Foto: Geir Olsen \/ NTB<\/p>\n<p><strong>\u2013 Det var utrolig trist, det var veldig mange flotte ord, som beskriv Sivert slik han var. Han var ekte og \u00e6rlig. Han var hel ved, sa skiskytter Vetle Sj\u00e5stad Christiansen etter seremonien.<\/strong><\/p>\n<p>Christiansen sa videre at han vil huske Bakken som den \u00abnysgjerrige utforskeren han var\u00bb, og ta med seg alle de fine minnene de har sammen videre, b\u00e5de i karrieren og livet.<\/p>\n<p>\u2013 N\u00e5 har vi kommet oss gjennom f\u00f8rste kapittel, av en bok som sikkert er 20 kapitler lang.<\/p>\n<p><img decoding=\"async\"   src=\"data:image\/gif;base64,R0lGODlhAQABAIAAAAAAAP\/\/\/yH5BAEAAAAALAAAAAABAAEAAAIBRAA7\" loading=\"eager\" alt=\"En mann i dress og lue st\u00e5r ute og blir intervjuet. Han holder en mikrofon, mens flere personer rundt ham tar bilder med mobiltelefoner. Omgivelsene er sn\u00f8dekte med tr\u00e6r og bakgrunn av fjell. Det ser ut til \u00e5 v\u00e6re vinter, og lysforholdene er dempet. (Bildebeskrivelsen er laget av en KI-tjeneste)\" title=\"Foto: Geir Olsen \/ NTB\"\/><\/p>\n<p class=\"\">En tydelig preget Vetle Sj\u00e5stad Christiansen m\u00f8tte pressen etter bisettelsen var over.<\/p>\n<p>Foto: Geir Olsen \/ NTB<\/p>\n<p>\u2013 Blir spesielt<\/p>\n<p>Skiskytter Sturla Holm L\u00e6greid var tirsdag p\u00e5 plass i Nordre \u00c5l kirke i Lillehammer, for \u00e5 ta et siste farvel med Sivert Bakken.<\/p>\n<p>\u2013 Det blir spesielt, men jeg er sikker p\u00e5 at det blir fint, sa han til pressen p\u00e5 sp\u00f8rsm\u00e5l om hvordan han trodde seremonien ville bli.<\/p>\n<p>L\u00e6greid er forberedt p\u00e5 at tiden fremover med konkurranser vil bli spesiell.<\/p>\n<p>\u2013 Det blir min f\u00f8rste tilbakekomst n\u00e5.<\/p>\n<p><img decoding=\"async\"   src=\"data:image\/gif;base64,R0lGODlhAQABAIAAAAAAAP\/\/\/yH5BAEAAAAALAAAAAABAAEAAAIBRAA7\" loading=\"eager\" alt=\"d\" title=\"Foto: Hauk Andreas Fossen \/ NRK\"\/><\/p>\n<p class=\"\">Lagkamerat Sturla Holm L\u00e6greid var til stede for \u00e5 ta farvel med Bakken.<\/p>\n<p>Foto: Hauk Andreas Fossen \/ NRK<\/p>\n<p>Emilie Nordskar, generalsekret\u00e6r i Norges Skiskytterforbund var ogs\u00e5 til stede i bisettelsen.<\/p>\n<p>\u2013 Det kommer til \u00e5 bli en tung dag for alle som er her, men ogs\u00e5 godt \u00e5 f\u00e5 samlet oss og gitt Sivert en verdig avskjed, sa hun til NRK rett f\u00f8r bisettelsen.<\/p>\n<p>Hun er ikke i tvil om at Bakken var en viktig person i skiskyttermilj\u00f8et.<\/p>\n<p>\u2013 Vi har mista en lagkamerat som gjorde oss alle bedre. Det har v\u00e6rt de tyngste tre ukene p\u00e5 jobb for meg.<\/p>\n<p><img decoding=\"async\"   src=\"data:image\/gif;base64,R0lGODlhAQABAIAAAAAAAP\/\/\/yH5BAEAAAAALAAAAAABAAEAAAIBRAA7\" loading=\"eager\" alt=\"Et svart likbil st\u00e5r parkert p\u00e5 en sn\u00f8dekt gravplass. Omr\u00e5det er preget av gravsteiner, delvis dekket av sn\u00f8. Tr\u00e6rne i bakgrunnen har sn\u00f8 p\u00e5 greinene, som bidrar til den vinterlige atmosf\u00e6ren. Bildet formidler et stille og respektfullt milj\u00f8.\" title=\"Foto: Ruth Barsten\/NRK\"\/><\/p>\n<p class=\"\">Bisatt: Sivert Bakken er bisatt.<\/p>\n<p>Foto: Ruth Barsten\/NRK<\/p>\n<p>Ogs\u00e5 landslagssjef, Per Arne Botnan var p\u00e5 plass i bisettelsen. Han har fulgt Bakken siden f\u00f8rste gang han deltok i ungdoms-OL.<\/p>\n<p>\u2013 Det sterkeste jeg har sett er m\u00e5ten han kom tilbake p\u00e5 etter sykdom. Dedikasjonen for \u00e5 komme tilbake til det niv\u00e5et han var p\u00e5 allerede i \u00e5r, sa landslagssjefen.<\/p>\n<p><img decoding=\"async\"   src=\"data:image\/gif;base64,R0lGODlhAQABAIAAAAAAAP\/\/\/yH5BAEAAAAALAAAAAABAAEAAAIBRAA7\" loading=\"eager\" alt=\"en person med hvitt hodeplagg\" title=\"Foto: Geir Olsen \/ NTB\"\/><\/p>\n<p class=\"\">Landslagssjef, Per Arne Botnan.<\/p>\n<p>Foto: Geir Olsen \/ NTB<\/p>\n<p>Minnestund i Ruhpolding<\/p>\n<p>Samtidig som bisettelsen fant sted i Lillehammer, ble det ogs\u00e5 gjennomf\u00f8rt en minnestund i Ruhpolding for de skiskytterne som er der.<\/p>\n<p>\u2013 Det var veldig fint \u00e5 kunne samles, tenne lys, se p\u00e5 videoer og bilder av Sivert og legge p\u00e5 noen roser, sier skiskytter Juni Arnekleiv.<\/p>\n<p>\u2013 Det tror jeg alle trengte. Det var en veldig fin minnestund, men selvf\u00f8lgelig veldig trist.<\/p>\n<p>Ukjent d\u00f8ds\u00e5rsak<\/p>\n<p>Bakken ble funnet d\u00f8d p\u00e5 <a href=\"https:\/\/www.nrk.no\/sport\/sivert-guttorm-bakken-er-dod-_-skiskytterfamilien-i-sorg-1.17704338\" ec-id=\"pp:article:1.17704338\" ec-name=\"hotellrommet sitt i Lavaz\u00e8 lille julaften\" rel=\"nofollow noopener\" target=\"_blank\">hotellrommet sitt i Lavaz\u00e8 lille julaften<\/a>.<\/p>\n<p>Rekruttlandslagsl\u00f8peren var p\u00e5 et h\u00f8ydeopphold sammen med flere andre norske skiskyttere da han d\u00f8de.<\/p>\n<p>Det var lagkamerat, Johan Olav Botn, <a href=\"https:\/\/www.nrk.no\/sport\/johan-olav-botn-fant-lagkompisen-sivert-guttorm-bakken-dod_-_-er-i-en-slags-sjokktilstand-1.17712267\" ec-id=\"pp:article:1.17712267\" ec-name=\"som fant Bakken d\u00f8d.\" rel=\"nofollow noopener\" target=\"_blank\">som fant Bakken d\u00f8d.<\/a><\/p>\n<p>\u2013 Det var en t\u00f8ff periode for oss alle. Man er i en slags sjokktilstand ogs\u00e5 begynner man \u00e5 forst\u00e5 hva som har skjedd gradvis dag for dag. Heldigvis s\u00e5 hadde vi hverandre der, og vi tok godt vare p\u00e5 hverandre, har Botn tidligere sagt til NRK.<\/p>\n<p><img decoding=\"async\"   src=\"data:image\/gif;base64,R0lGODlhAQABAIAAAAAAAP\/\/\/yH5BAEAAAAALAAAAAABAAEAAAIBRAA7\" loading=\"eager\" alt=\"En skil\u00f8per poserer med to ski i hendene og gir tommel opp. Han har p\u00e5 seg sportskl\u00e6r med logoer fra forskjellige sponsorer. Bakgrunnen viser en sn\u00f8dekt skiarena med startomr\u00e5det synlig. Flere personer er til stede, og det er klart v\u00e6r. (Bildebeskrivelsen er laget av en KI-tjeneste)\" title=\"Foto: Geir Olsen \/ NTB\"\/><\/p>\n<p class=\"\">Sivert Bakken bisattes tirsdag.<\/p>\n<p>Foto: Geir Olsen \/ NTB<\/p>\n<p>D\u00f8ds\u00e5rsaken er forel\u00f8pig ukjent. Italienske myndigheter har opplyst at <a href=\"https:\/\/www.nrk.no\/sport\/fortsatt-ikke-klart-hvorfor-skiskytter-sivert-guttorm-bakken-dode-1.17706926\" ec-id=\"pp:article:1.17706926\" ec-name=\"fristen for den rettsmedisinske unders\u00f8kelsen er satt til 7. mars\" rel=\"nofollow noopener\" target=\"_blank\">fristen for den rettsmedisinske unders\u00f8kelsen er satt til 7. mars<\/a>.<\/p>\n<p>Bakken ble <a href=\"https:\/\/www.nrk.no\/sport\/avdode-sivert-guttorm-bakken-ble-funnet-med-hoydemaske-1.17704988\" ec-id=\"pp:article:1.17704988\" ec-name=\"funnet med h\u00f8ydemaske\" rel=\"nofollow noopener\" target=\"_blank\">funnet med h\u00f8ydemaske<\/a>, if\u00f8lge Norges Skiskytterforbund.<\/p>\n<p>    \u2190<\/p>\n<ul data-scroll-container=\"\" role=\"list\" aria-label=\"Bildegalleri\">\n<li><img alt=\"et rom med bord og stoler\"  width=\"3840\" height=\"2557\" loading=\"lazy\"\/> Foto: Geir Olsen \/ NTB <\/li>\n<li><img alt=\"d\"  width=\"3840\" height=\"2557\" loading=\"lazy\"\/> Foto: Geir Olsen \/ NTB <\/li>\n<li><img alt=\"En stor blomsterkrans med hvite roser, krysantemum og orkideer ligger p\u00e5 en m\u00f8rk flate. Kransen har en satinb\u00e5nd med teksten &quot;Takk for fine idretts\u00f8yeblikk, hvil i fred&quot; og &quot;Olympiatoppen&quot;. Omgivelsene er n\u00f8ytrale, uten synlige forstyrrelser. Bildekomposisjonen fokuserer p\u00e5 blomsterdekorasjonen og b\u00e5ndet. (Bildebeskrivelsen er laget av en KI-tjeneste)\"  width=\"3840\" height=\"5754\" loading=\"lazy\"\/> Foto: Geir Olsen \/ NTB <\/li>\n<li><img alt=\"Et bord er dekket med en hvit duk, med en tent lysestake og et bilde av en person i en ramme. Ved siden av bildet st\u00e5r en informasjonsplakat med opplysninger om bidrag til et minnesfond. I bakgrunnen er det blomsterdekorasjoner og stoler i en ceremoniel setting. Bilder av fjell pryder hefte som ogs\u00e5 ligger p\u00e5 bordet. (Bildebeskrivelsen er laget av en KI-tjeneste)\"  width=\"3840\" height=\"2557\" loading=\"lazy\"\/> Foto: Geir Olsen \/ NTB <\/li>\n<\/ul>\n<p>\u2192<\/p>\n<p>Vant i Holmenkollen<\/p>\n<p>Bakken vant sitt f\u00f8rste og eneste verdenscuprenn i skiskyting i Holmenkollen i 2022. Samme sesong vant han fellesstartcupen.<\/p>\n<p>Bakken vant sitt f\u00f8rste og eneste verdenscuprenn i skiskyting i Holmenkollen 2022. Her er \u00f8yeblikket.<\/p>\n<p>Etter en sykdomsperiode etter 2021\/22-sesongen, var han tilbake i konkurranse i fjor.<\/p>\n<p>Denne sesongen gikk han verdenscup for f\u00f8rste gang siden seieren i Holmenkollen. Han markerte seg med tre topp-ti-plasseringer i verdenscup\u00e5pningen i \u00d6stersund, men m\u00e5tte st\u00e5 over verdenscuprunden i Hochfilzen.<\/p>\n<p>Uken f\u00f8r han d\u00f8de var han tilbake i verdenscupen, hvor han markerte seg med en femteplass p\u00e5 sprinten i franske Le Grand-Bornand.<\/p>\n<p>Han var ogs\u00e5 tatt ut til verdenscuprunden i tyske Oberhof forrige uke, og hadde kurs mot en plass i den norske OL-troppen.<\/p>\n<p>    \u2190<\/p>\n<ul data-scroll-container=\"\" role=\"list\" aria-label=\"Bildegalleri\">\n<li><img alt=\"En seiersglad ut\u00f8ver st\u00e5r med en trof i h\u00e5nden og gj\u00f8r et triumferende gest. (Bildebeskrivelsen er laget av en KI-tjeneste)\"  width=\"3840\" height=\"2560\" loading=\"lazy\"\/>\n<p>Sivert Guttorm Bakken vant fellesstarten i Holmenkollen i 2022.<\/p>\n<p> Foto: Terje Bendiksby \/ NTB <\/li>\n<li><img alt=\"To personer st\u00e5r p\u00e5 en plattform, en i svart jakke og en annen i gr\u00f8nn jakke med lue.  (Bildebeskrivelsen er laget av en KI-tjeneste)\"  width=\"3840\" height=\"2559\" loading=\"lazy\"\/>\n<p>Bakken sammen med kong Harald i 2022. <\/p>\n<p> Foto: Terje Bendiksby \/ NTB <\/li>\n<li><img alt=\"Tre ut\u00f8vere stiller p\u00e5 seierspallen etter en biathlon konkurranse.  (Bildebeskrivelsen er laget av en KI-tjeneste)\"  width=\"3840\" height=\"2560\" loading=\"lazy\"\/>\n<p>\u00d8verst p\u00e5 pallen sammen med Sturla Holm L\u00e6gereid og Emilien Jacquelin fra Frankrike.<\/p>\n<p> Foto: Terje Bendiksby \/ NTB <\/li>\n<li><img alt=\"En skiskytter er avbildet mens han sikter med gev\u00e6ret sitt under et konkurransearrangement. (Bildebeskrivelsen er laget av en KI-tjeneste)\"  width=\"3840\" height=\"2560\" loading=\"lazy\"\/>\n<p>Bakken under verdenscupen i \u00d6stersund tidligere i desember. <\/p>\n<p> Foto: Bj\u00f6rn Larsson Rosvall \/ AP \/ NTB <\/li>\n<li><img alt=\"Fem personer st\u00e5r p\u00e5 en scene under en medaljeutdeling, if\u00f8rt sportskl\u00e6r og medaljer. . (Bildebeskrivelsen er laget av en KI-tjeneste)\"  width=\"3840\" height=\"2560\" loading=\"lazy\"\/>\n<p>Bakken vant gull i lagkonkurransen i ungdoms-OL p\u00e5 Lillehammer i 2016, sammen med Marthe Kr\u00e5kstad Johansen, Marit \u00d8ygard og Fredrik Bucher-Johannessen<\/p>\n<p> Foto: Geir Olsen \/ NTB <\/li>\n<\/ul>\n<p>\u2192<\/p>\n<p>I 2016 vant han to gull i ungdoms-OL p\u00e5 Lillehammer, ett individuelt og ett p\u00e5 blandet stafett.<\/p>\n<p>Publisert<\/p>\n<p>13.01.2026, kl. 07.12<\/p>\n<p>Oppdatert<\/p>\n<p>13.01.2026, kl. 18.56<\/p>\n","protected":false},"excerpt":{"rendered":"Saken oppsummert: Sivert Guttorm Bakken (27), skiskytter og verdenscupvinner, ble bisatt fra Nordre \u00c5l kirke i Lillehammer tirsdag.&hellip;\n","protected":false},"author":2,"featured_media":136698,"comment_status":"","ping_status":"","sticky":false,"template":"","format":"standard","meta":{"footnotes":""},"categories":[5],"tags":[20,21,24,25,15,19,22,23,17,18,13,30,28,29,14,16,26,27],"class_list":{"0":"post-136697","1":"post","2":"type-post","3":"status-publish","4":"format-standard","5":"has-post-thumbnail","7":"category-overskrifter","8":"tag-breaking-news","9":"tag-breakingnews","10":"tag-featured-news","11":"tag-featurednews","12":"tag-headlines","13":"tag-hovedoppslag","14":"tag-latest-news","15":"tag-latestnews","16":"tag-main-news","17":"tag-mainnews","18":"tag-news","19":"tag-no","20":"tag-norge","21":"tag-norway","22":"tag-nyheter","23":"tag-overskrifter","24":"tag-top-stories","25":"tag-topstories"},"share_on_mastodon":{"url":"https:\/\/pubeurope.com\/@no\/115892087925963329","error":""},"_links":{"self":[{"href":"https:\/\/www.europesays.com\/no\/wp-json\/wp\/v2\/posts\/136697","targetHints":{"allow":["GET"]}}],"collection":[{"href":"https:\/\/www.europesays.com\/no\/wp-json\/wp\/v2\/posts"}],"about":[{"href":"https:\/\/www.europesays.com\/no\/wp-json\/wp\/v2\/types\/post"}],"author":[{"embeddable":true,"href":"https:\/\/www.europesays.com\/no\/wp-json\/wp\/v2\/users\/2"}],"replies":[{"embeddable":true,"href":"https:\/\/www.europesays.com\/no\/wp-json\/wp\/v2\/comments?post=136697"}],"version-history":[{"count":0,"href":"https:\/\/www.europesays.com\/no\/wp-json\/wp\/v2\/posts\/136697\/revisions"}],"wp:featuredmedia":[{"embeddable":true,"href":"https:\/\/www.europesays.com\/no\/wp-json\/wp\/v2\/media\/136698"}],"wp:attachment":[{"href":"https:\/\/www.europesays.com\/no\/wp-json\/wp\/v2\/media?parent=136697"}],"wp:term":[{"taxonomy":"category","embeddable":true,"href":"https:\/\/www.europesays.com\/no\/wp-json\/wp\/v2\/categories?post=136697"},{"taxonomy":"post_tag","embeddable":true,"href":"https:\/\/www.europesays.com\/no\/wp-json\/wp\/v2\/tags?post=136697"}],"curies":[{"name":"wp","href":"https:\/\/api.w.org\/{rel}","templated":true}]}}