{"id":136710,"date":"2026-01-14T06:54:10","date_gmt":"2026-01-14T06:54:10","guid":{"rendered":"https:\/\/www.europesays.com\/no\/136710\/"},"modified":"2026-01-14T06:54:10","modified_gmt":"2026-01-14T06:54:10","slug":"ruter-priser-billettene-blir-dyrere-kommer-samtidig-med-lofte-om-priskutt","status":"publish","type":"post","link":"https:\/\/www.europesays.com\/no\/136710\/","title":{"rendered":"Ruter, Priser | Billettene blir dyrere: Kommer samtidig med l\u00f8fte om priskutt"},"content":{"rendered":"\n<p>Hvert \u00e5r justerer Ruter billettprisene p\u00e5 kollektivtransporten i Oslo og Akershus.<\/p>\n<p>I \u00e5r \u00f8ker prisene med 3,5 prosent fra 25. januar.<\/p>\n<p>\u2013 Hvis du kj\u00f8per f\u00f8r 25. januar er det \u00abgamle\u00bb priser som gjelder. Endringen gjelder for alle typer billetter, sier \u00d8ystein Dahl Johansen, pressevakt i Ruter.<\/p>\n<p>Se hva prisjusteringen utgj\u00f8r i kroner p\u00e5 hver billettype lenger ned i artikkelen!<\/p>\n<p>    Vil du se neste video?<\/p>\n<p>    <a href=\"https:\/\/www.nettavisen.no\/nyheter\/pete-hegseth-avbryter-plutselig-marco-rubio-klikker-pa-direkten\/v\/5-95-2813524\" class=\"recommend-poster\" data-adp-clicklabel=\"video-recommend\" data-adp-clickvalue=\"poster\" rel=\"nofollow noopener\" target=\"_blank\"><br \/>\n      <img decoding=\"async\" width=\"200\" height=\"200\" loading=\"lazy\" src=\"https:\/\/www.europesays.com\/no\/wp-content\/uploads\/2026\/01\/Hegseth+til+cue.jpg\" alt=\"\" class=\"brick-c-cFOWSL\" style=\"--brick-image-ratio: 200 \/ 200;\"\/><\/p>\n<p>Avbryter plutselig: Klikker p\u00e5 direkten1:05<\/p>\n<p>    <\/a><\/p>\n<p>Etterlyser svar<\/p>\n<p>Et m\u00e5nedskort for voksne i \u00e9n eller flere soner i Akershus blir 34-87 kroner dyrere etter prisjusteringen.<\/p>\n<p>Allerede n\u00e5 varsler samferdselsr\u00e5d H\u00e5kon Snortheim (H) i Akershus fylkeskommune at m\u00e5nedsprisene vil bli kuttet.<\/p>\n<p>\u00c5rsaken er at regjeringen har bevilget 620 millioner kroner til fylkene for \u00e5 redusere prisen p\u00e5 periodebilletter i kollektivtransporten.<\/p>\n<p>\u2013 B\u00e5de vi og Oslo er helt enige om \u00e5 sette ned prisen p\u00e5 m\u00e5nedskort s\u00e5 fort vi f\u00e5r pengene. Men vi vet fortsatt ikke hvordan ordningen blir utformet eller hvor mye vi f\u00e5r, sier Snortheim.<\/p>\n<p>Sammen med Oslo har fylkesr\u00e5det n\u00e5 sendt et brev til regjeringen der de ber om mer informasjon.<\/p>\n<p>\u2013 Det haster \u00e5 f\u00e5 klarhet i n\u00e5r pengene kommer. Vi er likevel helt enige om \u00e5 gjennomf\u00f8re en stor prisreduksjon i 2026 s\u00e5 fort det lar seg gj\u00f8re, sier Snortheim.<\/p>\n<p><b>Les ogs\u00e5: <a class=\"simple-relation related-teaser article--c-eRUmMG article--c-eRUmMG-fZoQSp-design-nettavisen article--c-eRUmMG-gwthdJ-cv\" href=\"https:\/\/www.nettavisen.no\/trobbel-med-ruter-appen-kunne-reise-gratis\/s\/5-95-2807125\" rel=\"nofollow noopener\" target=\"_blank\">Tr\u00f8bbel med Ruter-appen: \u2013 Kunne reise gratis<\/a><\/b><\/p>\n<p>\u00d8ker b\u00f8tene<\/p>\n<p>Akershus fylkeskommune opprettholder<\/p>\n<p>Rabatten inneb\u00e6rer at de reisende kan f\u00e5 opptil 40 prosent rabatt p\u00e5 enkeltbilletter.<\/p>\n<p><b>Les ogs\u00e5: <a class=\"simple-relation related-teaser article--c-eRUmMG article--c-eRUmMG-fZoQSp-design-nettavisen article--c-eRUmMG-gwthdJ-cv\" href=\"https:\/\/www.nettavisen.no\/meny-kutter-brus-prisen-77-prosent\/s\/5-95-2820166\" rel=\"nofollow noopener\" target=\"_blank\">Meny kutter brus-prisen 77 prosent<\/a><\/b><\/p>\n<p>Samtidig \u00f8ker Ruter gebyrene for \u00e5 reise uten gyldig billett.<\/p>\n<p>B\u00f8tene \u00f8ker fra 1.200 til 1.250 kroner hvis du betaler p\u00e5 stedet, og fra 1.470 til 1.530 kroner hvis du tar faktura.<\/p>\n","protected":false},"excerpt":{"rendered":"Hvert \u00e5r justerer Ruter billettprisene p\u00e5 kollektivtransporten i Oslo og Akershus. I \u00e5r \u00f8ker prisene med 3,5 prosent&hellip;\n","protected":false},"author":2,"featured_media":136711,"comment_status":"","ping_status":"","sticky":false,"template":"","format":"standard","meta":{"footnotes":""},"categories":[5],"tags":[20,21,24,25,15,19,22,23,17,18,13,30,28,29,14,16,26,27],"class_list":{"0":"post-136710","1":"post","2":"type-post","3":"status-publish","4":"format-standard","5":"has-post-thumbnail","7":"category-overskrifter","8":"tag-breaking-news","9":"tag-breakingnews","10":"tag-featured-news","11":"tag-featurednews","12":"tag-headlines","13":"tag-hovedoppslag","14":"tag-latest-news","15":"tag-latestnews","16":"tag-main-news","17":"tag-mainnews","18":"tag-news","19":"tag-no","20":"tag-norge","21":"tag-norway","22":"tag-nyheter","23":"tag-overskrifter","24":"tag-top-stories","25":"tag-topstories"},"share_on_mastodon":{"url":"https:\/\/pubeurope.com\/@no\/115892142965015323","error":""},"_links":{"self":[{"href":"https:\/\/www.europesays.com\/no\/wp-json\/wp\/v2\/posts\/136710","targetHints":{"allow":["GET"]}}],"collection":[{"href":"https:\/\/www.europesays.com\/no\/wp-json\/wp\/v2\/posts"}],"about":[{"href":"https:\/\/www.europesays.com\/no\/wp-json\/wp\/v2\/types\/post"}],"author":[{"embeddable":true,"href":"https:\/\/www.europesays.com\/no\/wp-json\/wp\/v2\/users\/2"}],"replies":[{"embeddable":true,"href":"https:\/\/www.europesays.com\/no\/wp-json\/wp\/v2\/comments?post=136710"}],"version-history":[{"count":0,"href":"https:\/\/www.europesays.com\/no\/wp-json\/wp\/v2\/posts\/136710\/revisions"}],"wp:featuredmedia":[{"embeddable":true,"href":"https:\/\/www.europesays.com\/no\/wp-json\/wp\/v2\/media\/136711"}],"wp:attachment":[{"href":"https:\/\/www.europesays.com\/no\/wp-json\/wp\/v2\/media?parent=136710"}],"wp:term":[{"taxonomy":"category","embeddable":true,"href":"https:\/\/www.europesays.com\/no\/wp-json\/wp\/v2\/categories?post=136710"},{"taxonomy":"post_tag","embeddable":true,"href":"https:\/\/www.europesays.com\/no\/wp-json\/wp\/v2\/tags?post=136710"}],"curies":[{"name":"wp","href":"https:\/\/api.w.org\/{rel}","templated":true}]}}