{"id":136718,"date":"2026-01-14T07:01:20","date_gmt":"2026-01-14T07:01:20","guid":{"rendered":"https:\/\/www.europesays.com\/no\/136718\/"},"modified":"2026-01-14T07:01:20","modified_gmt":"2026-01-14T07:01:20","slug":"tv-2-og-viaplay-far-kritikk-etter-prisokning","status":"publish","type":"post","link":"https:\/\/www.europesays.com\/no\/136718\/","title":{"rendered":"TV 2 og Viaplay f\u00e5r kritikk etter pris\u00f8kning"},"content":{"rendered":"\n<p class=\"_lead_o9xde_2 _lead_xtcu6_50 layout-component text-serif-m layout-normal text-serif-l layout-component layout-wide layout-padded _wide_17hqh_1 layout-padded\">Tidligere avisredakt\u00f8r Gard Michalsen sier rett ut at han heretter ser p\u00e5 tv-fotball p\u00e5 en ulovlig nettside.<\/p>\n<p><img alt=\"Gard Michalsen var tidligere ansvarlig redakt\u00f8r for E24.  Foto: Gisle Oddstad \/ VG\" class=\"_image_qp4xg_65 layout-component layout-wide\" data-fullscreen- data-track-element-type=\"Article image fullscreen\" data-track-name=\"ImageFullscreen\" fetchpriority=\"high\" decoding=\"sync\" loading=\"eager\" height=\"4480\" itemprop=\"image\"  src=\"https:\/\/www.europesays.com\/no\/wp-content\/uploads\/2026\/01\/508a1831-f6d6-42a9-bb6f-e0b1ea0ff848.jpeg\"  style=\"object-position:0% 0%\" width=\"6720\"\/>Gard Michalsen var tidligere ansvarlig redakt\u00f8r for E24.  Foto: Gisle Oddstad \/ VG<\/p>\n<ul aria-hidden=\"true\" class=\"_images_ntbth_112\">\n<li><a class=\"_link_ntbth_117\" href=\"https:\/\/www.vg.no\/forfatter\/niklas-furuhaug\" style=\"z-index:1\" title=\"Niklas Furuhaug\" rel=\"nofollow noopener\" target=\"_blank\"><img alt=\"Bilde av Niklas Furuhaug\" class=\"_image_ntbth_93\" fetchpriority=\"low\" loading=\"lazy\" decoding=\"async\" itemprop=\"image\"  src=\"https:\/\/www.europesays.com\/no\/wp-content\/uploads\/2026\/01\/1768374079_23_33fdfcbd-e0c5-4c37-b05a-fa360d5d41e4.jpeg\"  width=\"480\"\/><\/a><\/li>\n<\/ul>\n<p> Oppdatert mandag 12. januar kl. 20:14    <\/p>\n<ul class=\"_list_o9xde_3 _list_64s2r_85 _unordered_o9xde_106 text-sans-m\">\n<li class=\"_item_o9xde_30\">Gard Michalsen har sagt opp TV 2 og Viaplay for \u00e5 abonnere p\u00e5 en ulovlig IPTV-nettside.<\/li>\n<li class=\"_item_o9xde_30\">Michalsen reagerer p\u00e5 at man n\u00e5 m\u00e5 ha tilleggspakke for \u00e5 se FA-cup-kamper.<\/li>\n<li class=\"_item_o9xde_30\">Daglig leder i Liverpool.no, Tore Hansen, kritiserer ogs\u00e5 kommunikasjonen fra TV-selskapene.<\/li>\n<\/ul>\n<p>Vis mer <\/p>\n<p class=\"_paragraph_o9xde_4 _paragraph_xtcu6_10 layout-component text-serif-m layout-normal text-serif-m layout-padded\">Under g\u00e5rsdagens kamp mellom Manchester United og Brighton rant det inn med innlegg p\u00e5 nettstedet XXSosialt medium &#8211; tidligere kjent som Twitter. og innsendte sp\u00f8rsm\u00e5l til VG.<\/p>\n<p class=\"_paragraph_o9xde_4 _paragraph_xtcu6_10 layout-component text-serif-m layout-normal text-serif-m layout-padded\">Flere fotballsupportere var forbannet etter at de fant ut at de m\u00e5tte ha en tilleggspakke for \u00e5 se ulike FA-cupkamper hos rettighetshaverne TV 2 og <a href=\"https:\/\/www.vg.no\/tag\/viaplay?utm_source=vg-article&amp;utm_medium=auto-tagger&amp;utm_campaign=JOJrE8\" class=\"_link_o9xde_39\" rel=\"nofollow noopener\" target=\"_blank\">Viaplay<\/a>. <\/p>\n<p>Dette er tilleggspakken flere reagerer p\u00e5:<\/p>\n<p class=\"_paragraph_o9xde_4 _paragraph_xtcu6_10 _paragraph_16v91_10 layout-component text-serif-m layout-normal text-sans-m layout-padded\">Viaplay og TV 2 deler rettighetene til FA-cupen denne sesongen. Det betyr at ikke alle kampene vises med vanlig Viaplay-abonnement. Selv om du har <strong class=\"_strong_o9xde_25\">Viaplay Total<\/strong>, som koster 799 kroner i m\u00e5neden, f\u00e5r du bare sett kampene som Viaplay selv har rettigheter til.<\/p>\n<p class=\"_paragraph_o9xde_4 _paragraph_xtcu6_10 _paragraph_16v91_10 layout-component text-serif-m layout-normal text-sans-m layout-padded\">Hvis du vil se enkelte kamper, som for eksempel Manchester United\u2013Brighton, m\u00e5 du oppgradere til <strong class=\"_strong_o9xde_25\">Viaplay Total Pluss<\/strong>, som koster 849 kroner i m\u00e5neden (eller 699 kroner med 12 m\u00e5neders binding). Alternativt kan du se kampen via <strong class=\"_strong_o9xde_25\">TV 2 Play<\/strong>, men da m\u00e5 du ogs\u00e5 betale ekstra for tilleggspakken <strong class=\"_strong_o9xde_25\">\u00abMer fotball\u00bb, <\/strong>som koster 99 kroner ekstra i m\u00e5neden.<\/p>\n<p class=\"_paragraph_o9xde_4 _paragraph_xtcu6_10 _paragraph_16v91_10 layout-component text-serif-m layout-normal text-sans-m layout-padded\">Dette informerte TV 2 om i <a href=\"https:\/\/www.tv2.no\/sport\/tv-2-play-utvider-med-fotballpakke-fra-viaplay\/18435901\/\" class=\"_link_o9xde_39\" rel=\"nofollow noopener\" target=\"_blank\">en artikkel<\/a> 6. januar. <\/p>\n<p>Vis mer<\/p>\n<p class=\"_paragraph_o9xde_4 _paragraph_xtcu6_10 layout-component text-serif-m layout-normal text-serif-m layout-padded\">\u00abS\u00e5nn. Takk for meg, TV 2 og Viaplay. Vi ses n\u00e5r dere lager apper som virker, og slutter \u00e5 pisse p\u00e5 kundene. Dagens FA Cup-tull blir trolig spikeren i kista for ganske mange. Det er egentlig utrolig at det g\u00e5r an \u00e5 finne p\u00e5 noe s\u00e5 d\u00e5rlig\u00bb, skrev Gard Michalsen p\u00e5 X i g\u00e5r.<\/p>\n<p><img decoding=\"async\" alt=\"Bilde av Gard Michalsen\" class=\"_image_ygndg_42\" height=\"60\" itemprop=\"image\" loading=\"lazy\"  src=\"https:\/\/www.europesays.com\/no\/wp-content\/uploads\/2026\/01\/866d400e-10d3-4b3d-8033-ae4ddd71b224.jpeg\"  width=\"40\"\/><strong class=\"_name_ygndg_51 title-serif-xs\">Gard Michalsen<\/strong><\/p>\n<p class=\"_paragraph_o9xde_4 text-sans-m _description_ygndg_56\">Tidligere redakt\u00f8r i E24, Medier24 og Finnmarken.<\/p>\n<p class=\"_paragraph_o9xde_4 _paragraph_xtcu6_10 layout-component text-serif-m layout-normal text-serif-m layout-padded\">I innlegget har han ogs\u00e5 et skjermbilde av en ulovlig IPTV-nettsideIPTV-nettsideTV-innhold sendt over internett med IP-teknologi., der han n\u00e5 har tegnet et abonnement. <\/p>\n<p class=\"_paragraph_o9xde_4 _paragraph_xtcu6_10 layout-component text-serif-m layout-normal text-serif-m layout-padded\">\u2013 Du vet du bryter loven?<\/p>\n<p class=\"_paragraph_o9xde_4 _paragraph_xtcu6_10 layout-component text-serif-m layout-normal text-serif-m layout-padded\">\u2013 Det gj\u00f8r jeg sikkert. Viaplay og TV 2 vet hvor de finner meg. De vet hvem jeg er, s\u00e5 de kan bare ringe hvis de lurer p\u00e5 noe, eller vil anmelde meg, svarer Michalsen til VG.<\/p>\n<p>\u00c5ndsverkloven \u00a73<\/p>\n<p class=\"_paragraph_o9xde_4 _paragraph_xtcu6_10 _paragraph_16v91_10 layout-component text-serif-m layout-normal text-sans-m layout-padded\">Det er ikke tillatt \u00e5 str\u00f8mme eller p\u00e5 annen m\u00e5te bruke \u00e5ndsverk som \u00e5penbart i strid med denne loven er gjort tilgjengelig for allmennheten p\u00e5 Internett eller annet elektronisk kommunikasjonsnett n\u00e5r bruk fra den ulovlige kilden er egnet til \u00e5 skade opphavers \u00f8konomiske interesser i vesentlig grad.<\/p>\n<p>Vis mer<\/p>\n<p class=\"_paragraph_o9xde_4 _paragraph_xtcu6_10 layout-component text-serif-m layout-normal layout-padded\"><strong class=\"_strong_o9xde_25\">Les ogs\u00e5:<\/strong> <a href=\"https:\/\/www.vg.no\/i\/8Jnmxx\" data-track-element-type=\"Link\" data-track-id=\"link:8Jnmxx\" class=\"_link_o9xde_39\" rel=\"nofollow noopener\" target=\"_blank\">\u00abAndreas\u00bb bryter loven i Norge \u2013 men i Sverige er dette tillatt<\/a><\/p>\n<p class=\"_paragraph_o9xde_4 _paragraph_xtcu6_10 layout-component text-serif-m layout-normal text-serif-m layout-padded\">Han sier at det strider mot alle hans prinsipper \u00e5 bryte loven, og at det gj\u00f8r vondt som tidligere redakt\u00f8r \u00e5 g\u00e5 over til IPTV, men at \u00abn\u00e5r ingen spr\u00e5k funker\u00bb mener Michalsen at dette den eneste m\u00e5ten \u00e5 si ifra p\u00e5 som kunde. <\/p>\n<p class=\"_paragraph_o9xde_4 _paragraph_xtcu6_10 layout-component text-serif-m layout-normal text-serif-m layout-padded\">Michalsen presiserer at han har v\u00e6rt bruker av TV 2 og Viaplay i 15\u201320 \u00e5r, og at han sa opp sportspakkene rett f\u00f8r nytt\u00e5r og ikke etter FA-cuphelgen.<\/p>\n<p>Derfor sier Michalsen opp TV-abonnementene:<\/p>\n<p class=\"_paragraph_o9xde_4 _paragraph_xtcu6_10 _paragraph_16v91_10 layout-component text-serif-m layout-normal text-sans-m layout-padded\">Gard Michalsen mener Viaplay og TV 2 har for h\u00f8ye kostnader for sport, uten at tjenestene har levert stabil kvalitet.<\/p>\n<p class=\"_paragraph_o9xde_4 _paragraph_xtcu6_10 _paragraph_16v91_10 layout-component text-serif-m layout-normal text-sans-m layout-padded\">Han peker s\u00e6rlig p\u00e5 gjentatte tekniske problemer i Viaplay-appen, blant annet ved innlogging og bytte mellom enheter. Han hevder \u00e5 ha klaget gjentatte ganger over flere \u00e5r uten at han har opplevd reell respons fra Viaplay. <\/p>\n<p class=\"_paragraph_o9xde_4 _paragraph_xtcu6_10 _paragraph_16v91_10 layout-component text-serif-m layout-normal text-sans-m layout-padded\">FA-cuphelgen, der kunder med \u00abfull pakke\u00bb likevel m\u00e5tte betale ekstra for \u00e5 se kamp, ble ikke den utl\u00f8sende \u00e5rsaken, men han sier det var enda en dr\u00e5pe som fikk begeret til \u00e5 renne over.<\/p>\n<p>Vis mer<\/p>\n<p class=\"_paragraph_o9xde_4 _paragraph_xtcu6_10 layout-component text-serif-m layout-normal text-serif-m layout-padded\">Den tidligere redakt\u00f8ren er ikke alene om kritikken mot TV 2 og Viaplay.<\/p>\n<p class=\"_paragraph_o9xde_4 _paragraph_xtcu6_10 layout-component text-serif-m layout-normal text-serif-m layout-padded\">Viaplays pressekontakt for sport, Jon E. S\u00e6ter, bekrefter i en e-post til VG at de har f\u00e5tt tilbakemeldinger \u00absom tyder p\u00e5 at en del ikke har f\u00e5tt med seg at det har skjedd en endring i rettighetsbildet\u00bb.<\/p>\n<p>Slik svarer Viaplay:<\/p>\n<p class=\"_paragraph_o9xde_4 _paragraph_xtcu6_10 _paragraph_16v91_10 layout-component text-serif-m layout-normal text-sans-m layout-padded\">\u00abVi har f\u00e5tt noen tilbakemeldinger som tyder p\u00e5 at en del ikke har f\u00e5tt med seg at det har skjedd en endring i rettighetsbildet.\u202f<\/p>\n<p class=\"_paragraph_o9xde_4 _paragraph_xtcu6_10 _paragraph_16v91_10 layout-component text-serif-m layout-normal text-sans-m layout-padded\">Vi har informert om hvordan man kan se kampene i v\u00e5re fotballsendinger og i v\u00e5re kanaler i sosiale medier, men vil v\u00e6re p\u00e5passelig med \u00e5 informere grundigere i forkant av 4. runde av FA-cupen.\u202f<\/p>\n<p class=\"_paragraph_o9xde_4 _paragraph_xtcu6_10 _paragraph_16v91_10 layout-component text-serif-m layout-normal text-sans-m layout-padded\">Rettigheter er naturlig i endring over tid, og for innev\u00e6rende periode er rettighetene til FA-cupen fornyet sammen med TV2.\u202f Vi er likeverdige partnere i dette samarbeidet, og kampene er dermed fordelt likt mellom oss. <\/p>\n<p class=\"_paragraph_o9xde_4 _paragraph_xtcu6_10 _paragraph_16v91_10 layout-component text-serif-m layout-normal text-sans-m layout-padded\">Vi delte rettighetene i fjor ogs\u00e5, men nytt av \u00e5ret er at man n\u00e5 kan se TV 2s del av FA-cupen \u2013 pluss mye annen sport fra TV2 \u2013 p\u00e5 Viaplay. For \u00e5 f\u00e5 denne tilgangen m\u00e5 man oppgradere til et av v\u00e5re pluss-abonnementer.\u00bb<\/p>\n<p>Vis mer<\/p>\n<p class=\"_paragraph_o9xde_4 _paragraph_xtcu6_10 layout-component text-serif-m layout-normal text-serif-m layout-padded\">\u2013 Vi vil v\u00e6re p\u00e5passelig med \u00e5 informere grundigere i forkant av 4. runde av FA-cupen, skriver han videre.<\/p>\n<p class=\"_paragraph_o9xde_4 _paragraph_xtcu6_10 layout-component text-serif-m layout-normal text-serif-m layout-padded\">TV 2s pressesjef Jan-Petter Dahl henviser til pressemeldingen kanalen har sendt ut om utvidelsen av fotballpakken fra Viaplay.<\/p>\n<p class=\"_paragraph_o9xde_4 _paragraph_xtcu6_10 layout-component text-serif-m layout-normal text-serif-m layout-padded\">Der st\u00e5r det at avtalen omfatter 3000 fotballkamper i \u00e5ret.<\/p>\n<p class=\"_paragraph_o9xde_4 _paragraph_xtcu6_10 layout-component text-serif-m layout-normal text-serif-m layout-padded\">I pressemeldingen sier sportsredakt\u00f8r i TV 2 Vegard Jansen Hagen at samarbeidet gj\u00f8res blant annet for \u00e5 tilgjengeliggj\u00f8re flere rettigheter.<\/p>\n<p class=\"_paragraph_o9xde_4 _paragraph_xtcu6_10 layout-component text-serif-m layout-normal text-serif-m layout-padded\">\u2013 Vi vet at mange fotballelskere \u00f8nsker at fotballen de f\u00f8lger skal bli mer tilgjengelig, sier han.<\/p>\n<p class=\"_paragraph_o9xde_4 _paragraph_xtcu6_10 layout-component text-serif-m layout-normal text-serif-m layout-padded\">Ogs\u00e5 Tore Hansen, daglig leder i Liverpool.no, reagerer spesielt p\u00e5 Viaplay og deres kommunikasjon.<\/p>\n<p class=\"_paragraph_o9xde_4 _paragraph_xtcu6_10 layout-component text-serif-m layout-normal text-serif-m layout-padded\">\u2013 Folk m\u00e5 kunne st\u00e5 opp om morgenen og vite om de f\u00e5r se kampen. Det er prioritet nummer \u00e9n, sier Hansen.<\/p>\n<p><img decoding=\"async\" alt=\"Bilde av Tore Hansen\" class=\"_image_ygndg_42\" height=\"27\" itemprop=\"image\" loading=\"lazy\"  src=\"https:\/\/www.europesays.com\/no\/wp-content\/uploads\/2026\/01\/ce07b559-0b1c-45e7-bef0-a65dad7c6161.jpeg\"  width=\"40\"\/><strong class=\"_name_ygndg_51 title-serif-xs\">Tore Hansen<\/strong><\/p>\n<p class=\"_paragraph_o9xde_4 text-sans-m _description_ygndg_56\">Daglig leder i Liverpool sin supporterklubb<\/p>\n<p class=\"_paragraph_o9xde_4 _paragraph_xtcu6_10 layout-component text-serif-m layout-normal text-serif-m layout-padded\">Favorittlaget hans m\u00f8ter Barnsley i FA-cupen mandag kveld. Hansen sier han er usikker p\u00e5 hva som kreves for \u00e5 f\u00f8lge matchen, og at han ikke kjente til tilleggspakken f\u00f8rst s\u00f8ndag.<\/p>\n<p class=\"_paragraph_o9xde_4 _paragraph_xtcu6_10 layout-component text-serif-m layout-normal text-serif-m layout-padded\">\u2013 Det r\u00e5der kaos. TV-selskapene kunne ha gjort dette p\u00e5 en mye bedre m\u00e5te, sier Hansen.<\/p>\n<p class=\"_paragraph_o9xde_4 _paragraph_xtcu6_10 layout-component text-serif-m layout-normal text-serif-m layout-padded\">Viaplay opplyser at mandagens Liverpool-kamp kan sees uten det s\u00e5kalte pluss-abonnementet, og med Viaplay Total eller Viaplay Medium vil man tilgang.<\/p>\n<ul class=\"_list_o9xde_3 _list_xtcu6_9 _unordered_o9xde_106 layout-component text-serif-m layout-normal text-serif-m layout-padded\">\n<li class=\"_item_o9xde_30\">Liverpool \u2013 Barnsley har avspark kl. 20.45 og sendes p\u00e5 V Sport 1 \/ Viaplay. Den kan ogs\u00e5 f\u00f8lges i <a href=\"https:\/\/vglive.vg.no\/fotball\/liverpool-barnsley-fc\/730083\/rapport\" class=\"_link_o9xde_39\" rel=\"nofollow noopener\" target=\"_blank\">VG Live<\/a>. <\/li>\n<\/ul>\n","protected":false},"excerpt":{"rendered":"Tidligere avisredakt\u00f8r Gard Michalsen sier rett ut at han heretter ser p\u00e5 tv-fotball p\u00e5 en ulovlig nettside. Gard&hellip;\n","protected":false},"author":2,"featured_media":136719,"comment_status":"","ping_status":"","sticky":false,"template":"","format":"standard","meta":{"footnotes":""},"categories":[5],"tags":[20,21,15395,24,25,92,15,19,22,23,17,18,13,30,28,29,14,16,7239,26,27,3305,2728],"class_list":{"0":"post-136718","1":"post","2":"type-post","3":"status-publish","4":"format-standard","5":"has-post-thumbnail","7":"category-overskrifter","8":"tag-breaking-news","9":"tag-breakingnews","10":"tag-fa-cupen","11":"tag-featured-news","12":"tag-featurednews","13":"tag-fotball","14":"tag-headlines","15":"tag-hovedoppslag","16":"tag-latest-news","17":"tag-latestnews","18":"tag-main-news","19":"tag-mainnews","20":"tag-news","21":"tag-no","22":"tag-norge","23":"tag-norway","24":"tag-nyheter","25":"tag-overskrifter","26":"tag-stromming","27":"tag-top-stories","28":"tag-topstories","29":"tag-tv-2-play","30":"tag-viaplay"},"share_on_mastodon":{"url":"https:\/\/pubeurope.com\/@no\/115892170622696938","error":""},"_links":{"self":[{"href":"https:\/\/www.europesays.com\/no\/wp-json\/wp\/v2\/posts\/136718","targetHints":{"allow":["GET"]}}],"collection":[{"href":"https:\/\/www.europesays.com\/no\/wp-json\/wp\/v2\/posts"}],"about":[{"href":"https:\/\/www.europesays.com\/no\/wp-json\/wp\/v2\/types\/post"}],"author":[{"embeddable":true,"href":"https:\/\/www.europesays.com\/no\/wp-json\/wp\/v2\/users\/2"}],"replies":[{"embeddable":true,"href":"https:\/\/www.europesays.com\/no\/wp-json\/wp\/v2\/comments?post=136718"}],"version-history":[{"count":0,"href":"https:\/\/www.europesays.com\/no\/wp-json\/wp\/v2\/posts\/136718\/revisions"}],"wp:featuredmedia":[{"embeddable":true,"href":"https:\/\/www.europesays.com\/no\/wp-json\/wp\/v2\/media\/136719"}],"wp:attachment":[{"href":"https:\/\/www.europesays.com\/no\/wp-json\/wp\/v2\/media?parent=136718"}],"wp:term":[{"taxonomy":"category","embeddable":true,"href":"https:\/\/www.europesays.com\/no\/wp-json\/wp\/v2\/categories?post=136718"},{"taxonomy":"post_tag","embeddable":true,"href":"https:\/\/www.europesays.com\/no\/wp-json\/wp\/v2\/tags?post=136718"}],"curies":[{"name":"wp","href":"https:\/\/api.w.org\/{rel}","templated":true}]}}