{"id":136724,"date":"2026-01-14T07:06:08","date_gmt":"2026-01-14T07:06:08","guid":{"rendered":"https:\/\/www.europesays.com\/no\/136724\/"},"modified":"2026-01-14T07:06:08","modified_gmt":"2026-01-14T07:06:08","slug":"trump-viste-fingeren-til-fabrikkarbeider","status":"publish","type":"post","link":"https:\/\/www.europesays.com\/no\/136724\/","title":{"rendered":"Trump viste fingeren til fabrikkarbeider"},"content":{"rendered":"\n<p class=\"_lead_o9xde_2 _lead_xtcu6_50 layout-component text-serif-m layout-normal text-serif-l layout-component layout-wide layout-padded _wide_17hqh_1 layout-padded\">Under et bes\u00f8k p\u00e5 en Ford-fabrikk tirsdag, viste Donald Trump fingeren til en arbeider som ropte \u00abpedofilbeskytter\u00bb mot presidenten.<\/p>\n<p><img alt=\"Donald Trump fikk se produksjonen av Fords F-150 pickup da han bes\u00f8kte en av bilprodusentens fabrikker. Da en arbeider ropte \u00abpedofilbeskytter\u00bb, svarte presidenten med \u00e5 vise fingeren.  Foto: Evan Vucci \/ AP \/ NTB\" class=\"_image_qp4xg_65 layout-component layout-wide\" data-fullscreen- data-track-element-type=\"Article image fullscreen\" data-track-name=\"ImageFullscreen\" fetchpriority=\"high\" decoding=\"sync\" loading=\"eager\" height=\"3048\" itemprop=\"image\"  src=\"https:\/\/www.europesays.com\/no\/wp-content\/uploads\/2026\/01\/aeeb2aec-ab9d-48e7-92b1-c81b5c1e6017.png\"  style=\"object-position:0% 0%\" width=\"4571\"\/>Donald Trump fikk se produksjonen av Fords F-150 pickup da han bes\u00f8kte en av bilprodusentens fabrikker. Da en arbeider ropte \u00abpedofilbeskytter\u00bb, svarte presidenten med \u00e5 vise fingeren.  Foto: Evan Vucci \/ AP \/ NTB<\/p>\n<ul aria-hidden=\"true\" class=\"_images_ntbth_112\">\n<li><a class=\"_link_ntbth_117\" href=\"https:\/\/www.vg.no\/forfatter\/ntb\" style=\"z-index:1\" title=\"NTB\" rel=\"nofollow noopener\" target=\"_blank\"><img alt=\"Bilde av NTB\" class=\"_image_ntbth_93\" fetchpriority=\"low\" loading=\"lazy\" decoding=\"async\" itemprop=\"image\"  src=\"https:\/\/www.europesays.com\/no\/wp-content\/uploads\/2026\/01\/1768374368_612_c33980b0-5d07-4027-84a1-813f90a7c8d6.png\"  width=\"480\"\/><\/a><\/li>\n<\/ul>\n<p> Oppdatert onsdag 14. januar kl. 07:41     <\/p>\n<p class=\"_paragraph_o9xde_4 _paragraph_xtcu6_10 layout-component text-serif-m layout-normal text-serif-m layout-padded\"> \u00d8yeblikket ble fanget opp p\u00e5 en video som er <a href=\"https:\/\/www.tmz.com\/2026\/01\/13\/trump-flips-off-ford-worker\/\" class=\"_link_o9xde_39\" rel=\"nofollow noopener\" target=\"_blank\">delt av nettstedet TMZ<\/a>. En rekke andre medier, inkludert nyhetsbyr\u00e5ene Reuters og AFP, har ogs\u00e5 omtalt hendelsen. <\/p>\n<p class=\"_paragraph_o9xde_4 _paragraph_xtcu6_10 layout-component text-serif-m layout-normal text-serif-m layout-padded\">Trump var p\u00e5 bes\u00f8k p\u00e5 en fabrikk som produserer Fords pickup F-150 da en arbeider kom med kritikk av presidentens h\u00e5ndtering av Epstein-saken. P\u00e5 videoen kan man h\u00f8re at mannen kaller Trump en \u00abpedofilbeskytter\u00bb. <\/p>\n<p class=\"_paragraph_o9xde_4 _paragraph_xtcu6_10 layout-component text-serif-m layout-normal text-serif-m layout-padded\">Presidenten reagerer tilsynelatende med flere banneord f\u00f8r han viser fingeren til fabrikkarbeideren.<\/p>\n<p class=\"_paragraph_o9xde_4 _paragraph_xtcu6_10 layout-component text-serif-m layout-normal text-serif-m layout-padded\">Det hvite hus bestrider ikke at videoen av hendelsen er ekte.<\/p>\n<p class=\"_paragraph_o9xde_4 _paragraph_xtcu6_10 layout-component text-serif-m layout-normal text-serif-m layout-padded\">\u2013 En galning skrek vilt og ropte skjellsord i et fullstendig raserianfall, og presidenten kom med en passende og utvetydig respons, sier talsperson Steven Cheung i Det hvite hus.<\/p>\n","protected":false},"excerpt":{"rendered":"Under et bes\u00f8k p\u00e5 en Ford-fabrikk tirsdag, viste Donald Trump fingeren til en arbeider som ropte \u00abpedofilbeskytter\u00bb mot&hellip;\n","protected":false},"author":2,"featured_media":136725,"comment_status":"","ping_status":"","sticky":false,"template":"","format":"standard","meta":{"footnotes":""},"categories":[12],"tags":[20,21,55,24,25,15,22,23,13,30,28,29,14,16,26,27,42,43,44,45],"class_list":{"0":"post-136724","1":"post","2":"type-post","3":"status-publish","4":"format-standard","5":"has-post-thumbnail","7":"category-verden","8":"tag-breaking-news","9":"tag-breakingnews","10":"tag-donald-trump","11":"tag-featured-news","12":"tag-featurednews","13":"tag-headlines","14":"tag-latest-news","15":"tag-latestnews","16":"tag-news","17":"tag-no","18":"tag-norge","19":"tag-norway","20":"tag-nyheter","21":"tag-overskrifter","22":"tag-top-stories","23":"tag-topstories","24":"tag-verden","25":"tag-world","26":"tag-world-news","27":"tag-worldnews"},"share_on_mastodon":{"url":"https:\/\/pubeurope.com\/@no\/115892190216628987","error":""},"_links":{"self":[{"href":"https:\/\/www.europesays.com\/no\/wp-json\/wp\/v2\/posts\/136724","targetHints":{"allow":["GET"]}}],"collection":[{"href":"https:\/\/www.europesays.com\/no\/wp-json\/wp\/v2\/posts"}],"about":[{"href":"https:\/\/www.europesays.com\/no\/wp-json\/wp\/v2\/types\/post"}],"author":[{"embeddable":true,"href":"https:\/\/www.europesays.com\/no\/wp-json\/wp\/v2\/users\/2"}],"replies":[{"embeddable":true,"href":"https:\/\/www.europesays.com\/no\/wp-json\/wp\/v2\/comments?post=136724"}],"version-history":[{"count":0,"href":"https:\/\/www.europesays.com\/no\/wp-json\/wp\/v2\/posts\/136724\/revisions"}],"wp:featuredmedia":[{"embeddable":true,"href":"https:\/\/www.europesays.com\/no\/wp-json\/wp\/v2\/media\/136725"}],"wp:attachment":[{"href":"https:\/\/www.europesays.com\/no\/wp-json\/wp\/v2\/media?parent=136724"}],"wp:term":[{"taxonomy":"category","embeddable":true,"href":"https:\/\/www.europesays.com\/no\/wp-json\/wp\/v2\/categories?post=136724"},{"taxonomy":"post_tag","embeddable":true,"href":"https:\/\/www.europesays.com\/no\/wp-json\/wp\/v2\/tags?post=136724"}],"curies":[{"name":"wp","href":"https:\/\/api.w.org\/{rel}","templated":true}]}}