{"id":136726,"date":"2026-01-14T07:07:23","date_gmt":"2026-01-14T07:07:23","guid":{"rendered":"https:\/\/www.europesays.com\/no\/136726\/"},"modified":"2026-01-14T07:07:23","modified_gmt":"2026-01-14T07:07:23","slug":"jan-christian-vestre-helse-nord","status":"publish","type":"post","link":"https:\/\/www.europesays.com\/no\/136726\/","title":{"rendered":"Jan Christian Vestre, Helse Nord"},"content":{"rendered":"\n<p><a href=\"https:\/\/www.an.no\/han-mistet-jobben-pa-grunn-av-trusler-returen-hans-provoserer\/o\/5-4-2307596\" rel=\"Follow nofollow noopener\" target=\"_blank\">(Avisa Nordland)<\/a>: Utnevnelsen av Tor Ingebrigtsen som fast medlem i Helse Nord-styret er ikke noe annet enn en r\u00f8d klut. Den tidligere UNN-sjefen var sv\u00e6rt delaktig i det som utviklet seg til \u00e5 bli en av de mest betente konfliktene i nord. At<a href=\"https:\/\/www.an.no\/styreutnevnelsen-vekker-reaksjoner-han-var-i-sterk-konflikt-om-etablering-av-pci-i-bodo\/s\/5-4-2307704\" rel=\"Follow nofollow noopener\" target=\"_blank\"> Ingebrigtsen<\/a> m\u00e5tte g\u00e5 av som UNN-direkt\u00f8r som f\u00f8lge av hans opptreden i PCI-saken, sier det meste.<\/p>\n<p>Selv om det for tiden er forholdsvis rolig rundt det svake PCI-tilbudet i Nordland, kommer saken garantert til \u00e5 blusse opp igjen \u2013 takket v\u00e6re budskapet fra helse- og omsorgsministeren sist fredag. Han presenterte da det nye styret i Helse Nord for de neste to \u00e5rene, og ett navn skapte reaksjoner. \u00c5 se Tor Ingebrigtsens navn p\u00e5 den listen fikk det til \u00e5 g\u00e5 kaldt nedover ryggen p\u00e5 mange som har v\u00e6rt involvert i PCI-saken helt siden forslaget om \u00e5 etablere et PCI-tilbud i Bod\u00f8 ble kjent. P\u00e5 det tidspunktet hadde mange i Nord-Norge et enda d\u00e5rligere PCI-tilbud enn i dag. Likevel gikk den dav\u00e6rende UNN-direkt\u00f8ren kraftig ut mot \u00e5 etablere et PCI-senter i Bod\u00f8, av frykt for at fagmilj\u00f8et ved UNN skulle forvitre.<\/p>\n<p>Helseministeren vet \u2013 eller b\u00f8r vite \u2013 hvem han henter inn i varmen.<a rel=\"Follow nofollow noopener\" href=\"https:\/\/tidsskriftet.no\/2019\/04\/intervju\/nar-det-stormer-pa-toppen\" target=\"_blank\"> I et portrettintervju i Tidsskrift for Den norske legeforening<\/a> beskrives det hvordan Ingebrigtsen som direkt\u00f8r var \u00aben klar motstander av et PCI-senter i Bod\u00f8\u00bb og kjempet for \u00e5 sikre at UNN fortsatt skulle v\u00e6re regionens ubestridte hjertesenter. Han st\u00e5r fortsatt p\u00e5 at det var vedtaket om PCI i Bod\u00f8 som var \u00aben d\u00e5rlig beslutning\u00bb, og sier at det han angrer, er formen \u2013 ikke budskapet.<\/p>\n<p>Det er en form som kostet ham jobben. 11. desember 2017 ringte UNN-direkt\u00f8ren styreleder i Helse Nord, Marianne Telle, to dager f\u00f8r styret skulle behandle PCI-saken. Telle har senere fortalt at hun oppfattet samtalen som s\u00e5 alvorlig at hun vurderte politianmeldelse, og omtalte ordene \u00abdu vil bli knust\u00bb som vanskelig \u00e5 misforst\u00e5. Mens Helse Nord-direkt\u00f8r Lars Vorland slo fast at \u00abtrusler skal vi ikke ha i Helse Nord\u00bb, var det nettopp denne episoden som utl\u00f8ste Ingebrigtsens avgang.<\/p>\n<p><b>Les ogs\u00e5: F<a href=\"https:\/\/www.nettavisen.no\/norsk-debatt\/stores-garantier-skjer-ikke-rykker-stadig-narmere-stromkrise\/o\/5-95-2820398\" rel=\"Follow nofollow noopener\" target=\"_blank\">innmark rykker stadig n\u00e6rmere en enorm str\u00f8mkrise<\/a><\/b><\/p>\n<p>PwC-rapporten som gjennomgikk forl\u00f8pet, beskrev flere lovbrudd og brudd p\u00e5 god lederpraksis, og ga kritikk b\u00e5de til Helse Nord, UNN og Ingebrigtsen selv. Ingebrigtsen har etterp\u00e5 fors\u00f8kt \u00e5 rydde i eget etterm\u00e6le. Han sier i et intervju: \u00abJeg har respekt for at hun oppfattet samtalen slik hun gjorde. Og jeg har beklaget det. Men jeg holder fast ved at jeg ikke har fremsatt trusler mot henne.\u00bb For fagmilj\u00f8 og politikere i Nordland st\u00e5r likevel faktum igjen: en sykehusdirekt\u00f8r som gikk s\u00e5 hardt inn i PCI-striden at han til slutt m\u00e5tte trekke seg.<\/p>\n<p>Ved \u00e5 utnevne ham til styremedlem, sender Vestre et tydelig politisk signal om hvilke stemmer han vil ha rundt bordet. I pressemeldingen om nye styremedlemmer heter det n\u00f8kternt at styrene skal bidra til \u00abstabile og gode spesialisthelsetjenester i hele landet\u00bb, men samtidig settes en av hovedmotstanderne mot PCI i Bod\u00f8 inn i det \u00f8verste regionale styringsorganet. I en situasjon der mistilliten til Helse Nord i store deler av Nordland allerede er betydelig, fremst\u00e5r dette mer som en demonstrasjon av makt enn som et fors\u00f8k p\u00e5 \u00e5 bygge bro.<\/p>\n<p>For pasienter og fagfolk i Nordland forsterker dette inntrykket av at deres behov igjen taper mot hensynet til Troms\u00f8 og UNN. Ingebrigtsen har selv formulert sin karriere som et prosjekt for \u00e5 \u00abbygge et likeverdig og godt nordnorsk helsevesen\u00bb, med Universitetssykehuset i Nord-Norge som motor. N\u00e5r den samme mannen n\u00e5 hentes inn igjen, etter \u00e5 ha kjempet mot PCI i Bod\u00f8, leses det ikke som en invitasjon til forsoning \u2013 men som et tydelig valg av side fra helseministeren.<\/p>\n<p>I Tor Ingebrigtsens kamp mot PCI-etableringen i Bod\u00f8 var det et sv\u00e6rt viktig poeng at dette kom til \u00e5 svekke fagmilj\u00f8et i Troms\u00f8 \u2013 de fikk ikke gjennomf\u00f8re mange nok PCI-prosedyrer, ble det hevdet. Hovedsporet hans \u2013 og kolleger p\u00e5 UNN \u2013 har v\u00e6rt at volumet av PCI-inngrep kom til \u00e5 bli for lavt dersom Bod\u00f8 bygges opp, og at dette vil svekke kvalitet og fagmilj\u00f8 i Troms\u00f8.<\/p>\n<p><b>Les ogs\u00e5: <a href=\"https:\/\/www.nettavisen.no\/norsk-debatt\/nord-norge-bor-deles-opp\/o\/5-95-2816499\" rel=\"Follow nofollow noopener\" target=\"_blank\">Nord-Norge: Hvil i fred og takk for alt<\/a><\/b><\/p>\n<p>Men n\u00e5 er jo ikke dette et gyldig argument lenger. Alle legene som utf\u00f8rer PCI i Nord-Norge, er ansatt ved UNN \u2013 ogs\u00e5 de som gj\u00f8r inngrep i Bod\u00f8. Kanskje dette er et faktum som kan f\u00e5 Tor Ingebrigtsen til \u00e5 revurdere sitt standpunkt?<\/p>\n<p>Det nye styremedlemmet i Helse Nord har ogs\u00e5 en sv\u00e6rt tett kobling til foretakets administrerende direkt\u00f8r. Marit Lind var hans assisterende direkt\u00f8r da Ingebrigtsen m\u00e5tte g\u00e5 fra UNN, og hun hentet inn Ingebrigtsen i et fagteam da hun ble konstituert adm. direkt\u00f8r i Helse Nord. Et mange\u00e5rig n\u00e6rt samarbeid skal n\u00e5 videref\u00f8res ved at Lind f\u00e5r Ingebrigtsen i sitt styre.<\/p>\n<p>Styresammensetningen for \u00f8vrig bekrefter at Arbeiderpartiet fortsetter \u00e5 se p\u00e5 sykehusdrift som om det handler om en ordin\u00e6r bedrift. Dette er trist, men ikke s\u00e5 uventet. Partiet innf\u00f8rte foretaksmodellen, og til tross for \u00e5penbare svakheter tviholder det fortsatt p\u00e5 systemet.<\/p>\n<p>Hvis Jan Christian Vestre faktisk \u00f8nsker ro rundt Helse Nord, m\u00e5 han begynne med \u00e5 ta den politiske uroen p\u00e5 alvor. Det gj\u00f8r han ikke ved \u00e5 l\u00f8fte Tor Ingebrigtsen inn i styret, og samtidig holde fast ved en foretaksmodell som har mistet legitimitet i store deler av Nord-Norge. Sp\u00f8rsm\u00e5let n\u00e5 er ikke om PCI-striden blusser opp igjen \u2013 men om helseministeren har noen plan for hvordan han skal h\u00e5ndtere den n\u00e5r den gj\u00f8r det.<\/p>\n","protected":false},"excerpt":{"rendered":"(Avisa Nordland): Utnevnelsen av Tor Ingebrigtsen som fast medlem i Helse Nord-styret er ikke noe annet enn en&hellip;\n","protected":false},"author":2,"featured_media":136727,"comment_status":"","ping_status":"","sticky":false,"template":"","format":"standard","meta":{"footnotes":""},"categories":[10],"tags":[20,21,24,25,15,22,23,13,30,28,29,14,16,26,27],"class_list":{"0":"post-136726","1":"post","2":"type-post","3":"status-publish","4":"format-standard","5":"has-post-thumbnail","7":"category-norge","8":"tag-breaking-news","9":"tag-breakingnews","10":"tag-featured-news","11":"tag-featurednews","12":"tag-headlines","13":"tag-latest-news","14":"tag-latestnews","15":"tag-news","16":"tag-no","17":"tag-norge","18":"tag-norway","19":"tag-nyheter","20":"tag-overskrifter","21":"tag-top-stories","22":"tag-topstories"},"share_on_mastodon":{"url":"https:\/\/pubeurope.com\/@no\/115892194213702499","error":""},"_links":{"self":[{"href":"https:\/\/www.europesays.com\/no\/wp-json\/wp\/v2\/posts\/136726","targetHints":{"allow":["GET"]}}],"collection":[{"href":"https:\/\/www.europesays.com\/no\/wp-json\/wp\/v2\/posts"}],"about":[{"href":"https:\/\/www.europesays.com\/no\/wp-json\/wp\/v2\/types\/post"}],"author":[{"embeddable":true,"href":"https:\/\/www.europesays.com\/no\/wp-json\/wp\/v2\/users\/2"}],"replies":[{"embeddable":true,"href":"https:\/\/www.europesays.com\/no\/wp-json\/wp\/v2\/comments?post=136726"}],"version-history":[{"count":0,"href":"https:\/\/www.europesays.com\/no\/wp-json\/wp\/v2\/posts\/136726\/revisions"}],"wp:featuredmedia":[{"embeddable":true,"href":"https:\/\/www.europesays.com\/no\/wp-json\/wp\/v2\/media\/136727"}],"wp:attachment":[{"href":"https:\/\/www.europesays.com\/no\/wp-json\/wp\/v2\/media?parent=136726"}],"wp:term":[{"taxonomy":"category","embeddable":true,"href":"https:\/\/www.europesays.com\/no\/wp-json\/wp\/v2\/categories?post=136726"},{"taxonomy":"post_tag","embeddable":true,"href":"https:\/\/www.europesays.com\/no\/wp-json\/wp\/v2\/tags?post=136726"}],"curies":[{"name":"wp","href":"https:\/\/api.w.org\/{rel}","templated":true}]}}