{"id":136731,"date":"2026-01-14T07:17:19","date_gmt":"2026-01-14T07:17:19","guid":{"rendered":"https:\/\/www.europesays.com\/no\/136731\/"},"modified":"2026-01-14T07:17:19","modified_gmt":"2026-01-14T07:17:19","slug":"hendelser-skien-kjorte-av-veien-og-inn-i-en-stolpe","status":"publish","type":"post","link":"https:\/\/www.europesays.com\/no\/136731\/","title":{"rendered":"Hendelser, Skien | Kj\u00f8rte av veien og inn i en stolpe"},"content":{"rendered":"\n<p>Operasjonsleder Eskil Hagen Olsen hos S\u00f8r-\u00d8st politidistrikt opplyser at det er en bil som har kj\u00f8rt av veien og truffet en stolpe p\u00e5 stedet. <\/p>\n<p>TAs fotograf melder at bilen ligger plantet i gr\u00f8ften et godt stykke unna veien. <\/p>\n<p>Politiet fikk melding om hendelsen klokken 22.29.<\/p>\n<p>Politiet melder at det ikke er noen personskade i forbindelse med hendelsen. Trafikken ble dirigert forbi p\u00e5 stedet. <\/p>\n<p>\u2013 F\u00f8rer er en mann i slutten av ten\u00e5rene. Han er kjenner uaktsom kj\u00f8ring, og anmeldes for dette, opplyser Hagen Olsen. Bilen blir hentet av bilberger.<\/p>\n","protected":false},"excerpt":{"rendered":"Operasjonsleder Eskil Hagen Olsen hos S\u00f8r-\u00d8st politidistrikt opplyser at det er en bil som har kj\u00f8rt av veien&hellip;\n","protected":false},"author":2,"featured_media":136732,"comment_status":"","ping_status":"","sticky":false,"template":"","format":"standard","meta":{"footnotes":""},"categories":[10],"tags":[36,20,21,24,25,15,168,22,23,13,30,28,29,14,16,393,1510,26,27,666],"class_list":{"0":"post-136731","1":"post","2":"type-post","3":"status-publish","4":"format-standard","5":"has-post-thumbnail","7":"category-norge","8":"tag-art","9":"tag-breaking-news","10":"tag-breakingnews","11":"tag-featured-news","12":"tag-featurednews","13":"tag-headlines","14":"tag-hendelser","15":"tag-latest-news","16":"tag-latestnews","17":"tag-news","18":"tag-no","19":"tag-norge","20":"tag-norway","21":"tag-nyheter","22":"tag-overskrifter","23":"tag-skien","24":"tag-story","25":"tag-top-stories","26":"tag-topstories","27":"tag-trafikkulykke"},"share_on_mastodon":{"url":"https:\/\/pubeurope.com\/@no\/115892233353523057","error":""},"_links":{"self":[{"href":"https:\/\/www.europesays.com\/no\/wp-json\/wp\/v2\/posts\/136731","targetHints":{"allow":["GET"]}}],"collection":[{"href":"https:\/\/www.europesays.com\/no\/wp-json\/wp\/v2\/posts"}],"about":[{"href":"https:\/\/www.europesays.com\/no\/wp-json\/wp\/v2\/types\/post"}],"author":[{"embeddable":true,"href":"https:\/\/www.europesays.com\/no\/wp-json\/wp\/v2\/users\/2"}],"replies":[{"embeddable":true,"href":"https:\/\/www.europesays.com\/no\/wp-json\/wp\/v2\/comments?post=136731"}],"version-history":[{"count":0,"href":"https:\/\/www.europesays.com\/no\/wp-json\/wp\/v2\/posts\/136731\/revisions"}],"wp:featuredmedia":[{"embeddable":true,"href":"https:\/\/www.europesays.com\/no\/wp-json\/wp\/v2\/media\/136732"}],"wp:attachment":[{"href":"https:\/\/www.europesays.com\/no\/wp-json\/wp\/v2\/media?parent=136731"}],"wp:term":[{"taxonomy":"category","embeddable":true,"href":"https:\/\/www.europesays.com\/no\/wp-json\/wp\/v2\/categories?post=136731"},{"taxonomy":"post_tag","embeddable":true,"href":"https:\/\/www.europesays.com\/no\/wp-json\/wp\/v2\/tags?post=136731"}],"curies":[{"name":"wp","href":"https:\/\/api.w.org\/{rel}","templated":true}]}}