{"id":136737,"date":"2026-01-14T07:25:23","date_gmt":"2026-01-14T07:25:23","guid":{"rendered":"https:\/\/www.europesays.com\/no\/136737\/"},"modified":"2026-01-14T07:25:23","modified_gmt":"2026-01-14T07:25:23","slug":"soreide-vil-ha-sykelonnsreform","status":"publish","type":"post","link":"https:\/\/www.europesays.com\/no\/136737\/","title":{"rendered":"S\u00f8reide vil ha sykel\u00f8nnsreform"},"content":{"rendered":"<p>    P\u00e5troppende H\u00f8yre-leder Ine Eriksen S\u00f8reide vil ha forlik om sykel\u00f8nn i 2027 og ber alle partier om \u00e5 se fordomsfritt p\u00e5 hva som fungerer og ikke fungerer.<\/p>\n<p>\n        Ine Eriksen S\u00f8reide ventes \u00e5 bli valgt til ny H\u00f8yre-leder under landsm\u00f8tet i februar.<br \/>\n        Gorm Kallestad \/ NTB\n    <\/p>\n<p class=\"kicker t30 tertiary color_mobile_tertiary\" style=\"\">Innenriks<\/p>\n<p>\n\u2013 Jeg mener det er utrolig viktig for b\u00e6rekraften i systemet, og for at vi skal klare \u00e5 f\u00e5 flere av de 700.000 som st\u00e5r utenfor arbeid eller utdanning, inn i jobb eller utdanning, at vi t\u00f8r \u00e5 se fordomsfritt p\u00e5 hva som fungerer bra i dagens system, og hva som ikke fungerer, sier S\u00f8reide til <a href=\"https:\/\/www.dn.no\/politikk\/ine-eriksen-soreide-vil-ha-sykelonnsreform\/2-1-1927368\" target=\"_blank\" rel=\"nofollow noopener\">Dagens N\u00e6ringsliv<\/a>.<\/p>\n<p>Hun opplever at partene i arbeidslivet gj\u00f8r det i sin kunnskapsinnhenting som skal v\u00e6re klar i 2026, men at det har manglet det hun omtaler som et tydelig politisk p\u00e5trykk for forbedringer.<\/p>\n<p>\u2013 Vi skal ha et system som er b\u00e6rekraftig ogs\u00e5 for de som kommer etter oss. Da m\u00e5 vi s\u00f8rge for \u00e5 reformere og legge til rette for at alle som kan bidra ogs\u00e5 f\u00e5r gjort det, sier hun.<\/p>\n<p>Utviklingen kommer etter at H\u00f8yre-nestleder Henrik Asheim og partifellen Anna Molberg mandag gikk ut med et forslag om et bredt forlik om sykel\u00f8nnsordningen i Stortinget for \u00e5 f\u00e5 ned sykefrav\u00e6ret. LO og Fagforbundet har v\u00e6rt kritiske til utspillet.<\/p>\n<p>Sykel\u00f8nnsordningen har lenge v\u00e6rt et politisk betent tema. Ap og Frp har sagt nei til \u00e5 endre ordningen.<\/p>\n<p>I 2024 var sykefrav\u00e6ret p\u00e5 sitt h\u00f8yeste p\u00e5 15 \u00e5r, men i 2025 var trenden nedadg\u00e5ende.<\/p>\n","protected":false},"excerpt":{"rendered":"P\u00e5troppende H\u00f8yre-leder Ine Eriksen S\u00f8reide vil ha forlik om sykel\u00f8nn i 2027 og ber alle partier om \u00e5&hellip;\n","protected":false},"author":2,"featured_media":136738,"comment_status":"","ping_status":"","sticky":false,"template":"","format":"standard","meta":{"footnotes":""},"categories":[5],"tags":[20,21,24,25,15,19,22,23,17,18,13,30,28,29,14,16,26,27],"class_list":{"0":"post-136737","1":"post","2":"type-post","3":"status-publish","4":"format-standard","5":"has-post-thumbnail","7":"category-overskrifter","8":"tag-breaking-news","9":"tag-breakingnews","10":"tag-featured-news","11":"tag-featurednews","12":"tag-headlines","13":"tag-hovedoppslag","14":"tag-latest-news","15":"tag-latestnews","16":"tag-main-news","17":"tag-mainnews","18":"tag-news","19":"tag-no","20":"tag-norge","21":"tag-norway","22":"tag-nyheter","23":"tag-overskrifter","24":"tag-top-stories","25":"tag-topstories"},"share_on_mastodon":{"url":"https:\/\/pubeurope.com\/@no\/115892265011894313","error":""},"_links":{"self":[{"href":"https:\/\/www.europesays.com\/no\/wp-json\/wp\/v2\/posts\/136737","targetHints":{"allow":["GET"]}}],"collection":[{"href":"https:\/\/www.europesays.com\/no\/wp-json\/wp\/v2\/posts"}],"about":[{"href":"https:\/\/www.europesays.com\/no\/wp-json\/wp\/v2\/types\/post"}],"author":[{"embeddable":true,"href":"https:\/\/www.europesays.com\/no\/wp-json\/wp\/v2\/users\/2"}],"replies":[{"embeddable":true,"href":"https:\/\/www.europesays.com\/no\/wp-json\/wp\/v2\/comments?post=136737"}],"version-history":[{"count":0,"href":"https:\/\/www.europesays.com\/no\/wp-json\/wp\/v2\/posts\/136737\/revisions"}],"wp:featuredmedia":[{"embeddable":true,"href":"https:\/\/www.europesays.com\/no\/wp-json\/wp\/v2\/media\/136738"}],"wp:attachment":[{"href":"https:\/\/www.europesays.com\/no\/wp-json\/wp\/v2\/media?parent=136737"}],"wp:term":[{"taxonomy":"category","embeddable":true,"href":"https:\/\/www.europesays.com\/no\/wp-json\/wp\/v2\/categories?post=136737"},{"taxonomy":"post_tag","embeddable":true,"href":"https:\/\/www.europesays.com\/no\/wp-json\/wp\/v2\/tags?post=136737"}],"curies":[{"name":"wp","href":"https:\/\/api.w.org\/{rel}","templated":true}]}}