{"id":136749,"date":"2026-01-14T07:39:11","date_gmt":"2026-01-14T07:39:11","guid":{"rendered":"https:\/\/www.europesays.com\/no\/136749\/"},"modified":"2026-01-14T07:39:11","modified_gmt":"2026-01-14T07:39:11","slug":"roper-gladnyhet-3","status":"publish","type":"post","link":"https:\/\/www.europesays.com\/no\/136749\/","title":{"rendered":"R\u00f8per gladnyhet"},"content":{"rendered":"<p class=\"kicker \" style=\"\">Bahare Viken:\u00a0<\/p>\n<p>    Programlederen har funnet kj\u00e6rligheten.<\/p>\n<p>\n    SMILER: Bahare Viken fikk en hyggelig start p\u00e5 det nye \u00e5ret. Foto: Tore Skaar \/ Se og H\u00f8r\n  <\/p>\n<p> Programleder Bahare Viken (32) har f\u00e5tt seg kj\u00e6reste.Det melder hun selv i onsdagens episode av podkasten \u00abH\u00f8vla\u00bb.<\/p>\n<p>&#8211; Jeg har f\u00e5tt meg kj\u00e6reste. Det er fortsatt uvant \u00e5 si det, men ikke unaturlig, sier hun i episoden.<\/p>\n<p>    <a itemprop=\"url\" href=\"https:\/\/www.seher.no\/kjendis\/ikke-skjedd-pa-fire-ar\/84092201\" rel=\"nofollow noopener\" target=\"_blank\"><\/p>\n<p>        <img loading=\"lazy\" decoding=\"async\" src=\"https:\/\/www.europesays.com\/no\/wp-content\/uploads\/2026\/01\/84094012.webp.webp\" width=\"980\" height=\"441\" title=\"Ikke skjedd p\u00e5 fire \u00e5r\" alt=\"\" class=\"lazyload\" style=\"--aspect-ratio-image: 2.22; \"\/><\/p>\n<p>        Ikke skjedd p\u00e5 fire \u00e5r<\/p>\n<p>    <\/a><\/p>\n<p>32-\u00e5ringen legger til at det ikke har g\u00e5tt s\u00e5 lang tid:<\/p>\n<p>&#8211; Det skjedde p\u00e5 nytt\u00e5rsaften.<\/p>\n<p>Viken har tidligere r\u00f8pet at hun har datet, men kj\u00e6reste har hun ikke hatt p\u00e5 mange \u00e5r &#8211; inntil n\u00e5:<\/p>\n<p>&#8211; N\u00e5 er det bare oss to for alltid, sier Viken.<\/p>\n<p>        FULL KRANGEL: Etter \u00e5 ha kommet skjevt ut i f\u00f8rste uke av \u00abFarmen kjendis\u00bb, eskalerer det ytterligere mellom Bahare Viken og Cristian Brennhovd. Slik gikk det da vi inviterte dem inn for \u00e5 l\u00f8se konflikten. Video: Thea Hope\/ R\u00f8d L\u00f8per<\/p>\n<p>Det siste \u00e5ret har 32-\u00e5ringen, gjennom \u00abH\u00f8vla\u00bb, dykket ned i kjendisers sexliv.<\/p>\n<p>Under onsdagens episode har imidlertid venninne og influenser Nora Angeltveit (36) en \u00abtakeover\u00bb av podkasten for \u00e5 intervjue Viken, og det er da hun slipper nyheten. Viken sier at hennes nye kj\u00e6reste er en god st\u00f8ttespiller, og r\u00f8per at de ble sammen for omtrent tre m\u00e5neder siden.<\/p>\n<p>        <img loading=\"lazy\" decoding=\"async\" src=\"https:\/\/www.europesays.com\/no\/wp-content\/uploads\/2026\/01\/84096206.webp.webp\" width=\"667\" height=\"474\" title=\"VENNER: Nora Angeltveit og Bahare Viken er gode venninner. I onsdagens episode av \u00abH\u00f8vla\u00bb er f\u00f8rstnevnte gjest. Foto: Andreas Fadum \/ Se og H\u00f8r\" alt=\"\" class=\"\" style=\"--aspect-ratio-image: 1.41; \"\/><\/p>\n<p>\n        VENNER: Nora Angeltveit og Bahare Viken er gode venninner. I onsdagens episode av \u00abH\u00f8vla\u00bb er f\u00f8rstnevnte gjest. Foto: Andreas Fadum \/ Se og H\u00f8r\n    <\/p>\n<p>Bahare Viken ble et kjent navn for mange gjennom NRKs valgsendinger i 2021, der hun ledet valgmaraton p\u00e5 NRK P3 og frontet nyhetsavdelingens unge satsing i samarbeid med \u00abDebatten\u00bb.<\/p>\n<p>I fjor tok hun over VGTV-podkasten \u00abH\u00f8vla\u00bb som f\u00f8rst ble ledet av komiker Martha Leivestad &#8211; og om kort tid er hun aktuell i den fjerde sesongen av TV 2-programmet \u00abSpillet\u00bb. <\/p>\n","protected":false},"excerpt":{"rendered":"Bahare Viken:\u00a0 Programlederen har funnet kj\u00e6rligheten. SMILER: Bahare Viken fikk en hyggelig start p\u00e5 det nye \u00e5ret. Foto:&hellip;\n","protected":false},"author":2,"featured_media":136750,"comment_status":"","ping_status":"","sticky":false,"template":"","format":"standard","meta":{"footnotes":""},"categories":[5],"tags":[11583,20,21,24,25,15,19,479,2543,22,23,17,18,13,30,28,29,14,16,26,27],"class_list":{"0":"post-136749","1":"post","2":"type-post","3":"status-publish","4":"format-standard","5":"has-post-thumbnail","7":"category-overskrifter","8":"tag-bahare-viken","9":"tag-breaking-news","10":"tag-breakingnews","11":"tag-featured-news","12":"tag-featurednews","13":"tag-headlines","14":"tag-hovedoppslag","15":"tag-kjendis","16":"tag-kjendisdesken","17":"tag-latest-news","18":"tag-latestnews","19":"tag-main-news","20":"tag-mainnews","21":"tag-news","22":"tag-no","23":"tag-norge","24":"tag-norway","25":"tag-nyheter","26":"tag-overskrifter","27":"tag-top-stories","28":"tag-topstories"},"share_on_mastodon":{"url":"https:\/\/pubeurope.com\/@no\/115892319988161523","error":""},"_links":{"self":[{"href":"https:\/\/www.europesays.com\/no\/wp-json\/wp\/v2\/posts\/136749","targetHints":{"allow":["GET"]}}],"collection":[{"href":"https:\/\/www.europesays.com\/no\/wp-json\/wp\/v2\/posts"}],"about":[{"href":"https:\/\/www.europesays.com\/no\/wp-json\/wp\/v2\/types\/post"}],"author":[{"embeddable":true,"href":"https:\/\/www.europesays.com\/no\/wp-json\/wp\/v2\/users\/2"}],"replies":[{"embeddable":true,"href":"https:\/\/www.europesays.com\/no\/wp-json\/wp\/v2\/comments?post=136749"}],"version-history":[{"count":0,"href":"https:\/\/www.europesays.com\/no\/wp-json\/wp\/v2\/posts\/136749\/revisions"}],"wp:featuredmedia":[{"embeddable":true,"href":"https:\/\/www.europesays.com\/no\/wp-json\/wp\/v2\/media\/136750"}],"wp:attachment":[{"href":"https:\/\/www.europesays.com\/no\/wp-json\/wp\/v2\/media?parent=136749"}],"wp:term":[{"taxonomy":"category","embeddable":true,"href":"https:\/\/www.europesays.com\/no\/wp-json\/wp\/v2\/categories?post=136749"},{"taxonomy":"post_tag","embeddable":true,"href":"https:\/\/www.europesays.com\/no\/wp-json\/wp\/v2\/tags?post=136749"}],"curies":[{"name":"wp","href":"https:\/\/api.w.org\/{rel}","templated":true}]}}