{"id":136761,"date":"2026-01-14T07:51:23","date_gmt":"2026-01-14T07:51:23","guid":{"rendered":"https:\/\/www.europesays.com\/no\/136761\/"},"modified":"2026-01-14T07:51:23","modified_gmt":"2026-01-14T07:51:23","slug":"katolske-national-catholic-reporter-ut-mot-jd-vance-etter-ice-drapet-pa-renee-good-relevant-og-viktig-sier-redaktor-oivind-varkoy-i-segl","status":"publish","type":"post","link":"https:\/\/www.europesays.com\/no\/136761\/","title":{"rendered":"Katolske National Catholic Reporter ut mot JD Vance etter Ice-drapet p\u00e5 Renee Good. \u2013 Relevant og viktig, sier redakt\u00f8r \u00d8ivind Vark\u00f8y i Segl"},"content":{"rendered":"<p>    USA: Profilert katolsk avis kaller J.D. Vances uttalelser om avd\u00f8de Renee Good \u00aben moralsk flekk p\u00e5 v\u00e5r katolske tro\u00bb. \u2013 Korset b\u00f8r ikke tas som gissel i et politisk program, sier \u00d8ivind Vark\u00f8y.<\/p>\n<p>\n        FORSVARER DRAP: Renee Good, som ble skutt og drept onsdag av en Ice-betjent, er en \u00abforskrudd venstreorientert\u00bb person som kan skylde seg selv for sin d\u00f8d, if\u00f8lge USAs katolske visepresident J.D. Vance.<br \/>\n        Evan Vucci \/ AP \/ NTB\n    <\/p>\n<p>                Bestill abonnement her<\/p>\n<p>\n                    <a style=\"\" class=\"lab-paywall-teaser-offer-button\" href=\"http:\/\/kampanje.vl.no\/betalingsmur\" rel=\"nofollow noopener\" target=\"_blank\">KJ\u00d8P<\/a>\n                <\/p>\n","protected":false},"excerpt":{"rendered":"USA: Profilert katolsk avis kaller J.D. Vances uttalelser om avd\u00f8de Renee Good \u00aben moralsk flekk p\u00e5 v\u00e5r katolske&hellip;\n","protected":false},"author":2,"featured_media":136762,"comment_status":"","ping_status":"","sticky":false,"template":"","format":"standard","meta":{"footnotes":""},"categories":[12],"tags":[20,21,24,25,15,22,23,13,30,28,29,14,16,26,27,42,43,44,45],"class_list":{"0":"post-136761","1":"post","2":"type-post","3":"status-publish","4":"format-standard","5":"has-post-thumbnail","7":"category-verden","8":"tag-breaking-news","9":"tag-breakingnews","10":"tag-featured-news","11":"tag-featurednews","12":"tag-headlines","13":"tag-latest-news","14":"tag-latestnews","15":"tag-news","16":"tag-no","17":"tag-norge","18":"tag-norway","19":"tag-nyheter","20":"tag-overskrifter","21":"tag-top-stories","22":"tag-topstories","23":"tag-verden","24":"tag-world","25":"tag-world-news","26":"tag-worldnews"},"share_on_mastodon":{"url":"https:\/\/pubeurope.com\/@no\/115892367166105798","error":""},"_links":{"self":[{"href":"https:\/\/www.europesays.com\/no\/wp-json\/wp\/v2\/posts\/136761","targetHints":{"allow":["GET"]}}],"collection":[{"href":"https:\/\/www.europesays.com\/no\/wp-json\/wp\/v2\/posts"}],"about":[{"href":"https:\/\/www.europesays.com\/no\/wp-json\/wp\/v2\/types\/post"}],"author":[{"embeddable":true,"href":"https:\/\/www.europesays.com\/no\/wp-json\/wp\/v2\/users\/2"}],"replies":[{"embeddable":true,"href":"https:\/\/www.europesays.com\/no\/wp-json\/wp\/v2\/comments?post=136761"}],"version-history":[{"count":0,"href":"https:\/\/www.europesays.com\/no\/wp-json\/wp\/v2\/posts\/136761\/revisions"}],"wp:featuredmedia":[{"embeddable":true,"href":"https:\/\/www.europesays.com\/no\/wp-json\/wp\/v2\/media\/136762"}],"wp:attachment":[{"href":"https:\/\/www.europesays.com\/no\/wp-json\/wp\/v2\/media?parent=136761"}],"wp:term":[{"taxonomy":"category","embeddable":true,"href":"https:\/\/www.europesays.com\/no\/wp-json\/wp\/v2\/categories?post=136761"},{"taxonomy":"post_tag","embeddable":true,"href":"https:\/\/www.europesays.com\/no\/wp-json\/wp\/v2\/tags?post=136761"}],"curies":[{"name":"wp","href":"https:\/\/api.w.org\/{rel}","templated":true}]}}