{"id":136778,"date":"2026-01-14T08:10:07","date_gmt":"2026-01-14T08:10:07","guid":{"rendered":"https:\/\/www.europesays.com\/no\/136778\/"},"modified":"2026-01-14T08:10:07","modified_gmt":"2026-01-14T08:10:07","slug":"universets-ultimate-blindvei-en-astronaut-i-et-svart-hull-vil-oppleve-et-radbrekkende-fenomen","status":"publish","type":"post","link":"https:\/\/www.europesays.com\/no\/136778\/","title":{"rendered":"Universets ultimate blindvei \u2013 en astronaut i et svart hull vil oppleve et radbrekkende fenomen"},"content":{"rendered":"<p>I filmen Interstellar fra 2014 n\u00e5r helten Cooper og mannskapet hans et svart hull kalt Gargantua i sin desperate jakt p\u00e5 en beboelig planet.<\/p>\n<p>For \u00e5 gi kollegaen Amelia en sjanse til \u00e5 n\u00e5 m\u00e5let, ofrer Cooper seg selv og dykker ned i det svarte hullet.<\/p>\n<p>Overraskende nok havner han i en tesserakt, et flerdimensjonalt rom der tiden er et fysisk objekt. Derfor kan han sende meldinger tilbake til datteren Murphy i fortiden og sikre en lykkelig slutt.<\/p>\n<p>En ekte astronaut i et ekte svart hull ville imidlertid m\u00f8te en ublid skjebne.<\/p>\n","protected":false},"excerpt":{"rendered":"I filmen Interstellar fra 2014 n\u00e5r helten Cooper og mannskapet hans et svart hull kalt Gargantua i sin&hellip;\n","protected":false},"author":2,"featured_media":136779,"comment_status":"","ping_status":"","sticky":false,"template":"","format":"standard","meta":{"footnotes":""},"categories":[57],"tags":[30,28,29,65,63,64,66,70,69,67,68],"class_list":{"0":"post-136778","1":"post","2":"type-post","3":"status-publish","4":"format-standard","5":"has-post-thumbnail","7":"category-vitenskap-og-teknologi","8":"tag-no","9":"tag-norge","10":"tag-norway","11":"tag-science","12":"tag-science-and-technology","13":"tag-scienceandtechnology","14":"tag-technology","15":"tag-teknologi","16":"tag-vitenskap","17":"tag-vitenskap-og-teknologi","18":"tag-vitenskapteknologi"},"share_on_mastodon":{"url":"https:\/\/pubeurope.com\/@no\/115892441763741954","error":""},"_links":{"self":[{"href":"https:\/\/www.europesays.com\/no\/wp-json\/wp\/v2\/posts\/136778","targetHints":{"allow":["GET"]}}],"collection":[{"href":"https:\/\/www.europesays.com\/no\/wp-json\/wp\/v2\/posts"}],"about":[{"href":"https:\/\/www.europesays.com\/no\/wp-json\/wp\/v2\/types\/post"}],"author":[{"embeddable":true,"href":"https:\/\/www.europesays.com\/no\/wp-json\/wp\/v2\/users\/2"}],"replies":[{"embeddable":true,"href":"https:\/\/www.europesays.com\/no\/wp-json\/wp\/v2\/comments?post=136778"}],"version-history":[{"count":0,"href":"https:\/\/www.europesays.com\/no\/wp-json\/wp\/v2\/posts\/136778\/revisions"}],"wp:featuredmedia":[{"embeddable":true,"href":"https:\/\/www.europesays.com\/no\/wp-json\/wp\/v2\/media\/136779"}],"wp:attachment":[{"href":"https:\/\/www.europesays.com\/no\/wp-json\/wp\/v2\/media?parent=136778"}],"wp:term":[{"taxonomy":"category","embeddable":true,"href":"https:\/\/www.europesays.com\/no\/wp-json\/wp\/v2\/categories?post=136778"},{"taxonomy":"post_tag","embeddable":true,"href":"https:\/\/www.europesays.com\/no\/wp-json\/wp\/v2\/tags?post=136778"}],"curies":[{"name":"wp","href":"https:\/\/api.w.org\/{rel}","templated":true}]}}