{"id":136782,"date":"2026-01-14T08:14:07","date_gmt":"2026-01-14T08:14:07","guid":{"rendered":"https:\/\/www.europesays.com\/no\/136782\/"},"modified":"2026-01-14T08:14:07","modified_gmt":"2026-01-14T08:14:07","slug":"familie-har-fatt-beskjed-om-at-erfan-soltani-26-skal-henges-i-dag-nrk-urix-utenriksnyheter-og-dokumentarer","status":"publish","type":"post","link":"https:\/\/www.europesays.com\/no\/136782\/","title":{"rendered":"Familie har f\u00e5tt beskjed om at Erfan Soltani (26) skal henges i dag \u2013 NRK Urix \u2013 Utenriksnyheter og -dokumentarer"},"content":{"rendered":"<p>Forrige uke skal Erfan Soltani (26) ha g\u00e5tt ut i gatene i Teheran i protest mot regimet.<\/p>\n<p>Der skal han ha blitt p\u00e5grepet.<\/p>\n<p><strong>N\u00e5 gjenst\u00e5r det bare timer f\u00f8r han skal henrettes,<a href=\"https:\/\/www.bbc.com\/news\/articles\/cr57vmznmd9o\" ec-id=\"https:\/\/www.bbc.com\/news\/articles\/cr57vmznmd9o\" ec-name=\"if\u00f8lge BBC\" rel=\"nofollow noopener\" target=\"_blank\"> if\u00f8lge BBC<\/a>, som har snakket med familiemedlemmer av Soltani.<\/strong><\/p>\n<p><img decoding=\"async\"   src=\"data:image\/gif;base64,R0lGODlhAQABAIAAAAAAAP\/\/\/yH5BAEAAAAALAAAAAABAAEAAAIBRAA7\" loading=\"eager\" alt=\"Demonstranter samles rundt et b\u00e5l i en gate i Teheran i m\u00f8rket. Noen personer hever hendene. Omr\u00e5det er svakt opplyst av gatebelysning og bygninger i bakgrunnen.\" title=\"Foto: NTB\"\/><\/p>\n<p class=\"\">Demonstranter i Teheran fredag 9. januar. Bildet er verifisert av AP.\n<\/p>\n<p>Foto: NTB<\/p>\n<p>Han ble d\u00f8mt til d\u00f8den bare to dager etter han ble p\u00e5grepet, if\u00f8lge en slektning som har snakket med BBC.<\/p>\n<p>Familien skal ha f\u00e5tt beskjed om at \u00abd\u00f8dsdommen er endelig\u00bb og vil bli fullbyrdet onsdag. F\u00f8r det skal de f\u00e5 et \u00abkort m\u00f8te\u00bb med ham, if\u00f8lge den norskbaserte menneskerettighetsorganisasjonen <a href=\"https:\/\/hengaw.net\/en\/news\/2026\/01\/article-83\" ec-id=\"https:\/\/hengaw.net\/en\/news\/2026\/01\/article-83\" ec-name=\"Hengaw.\" rel=\"nofollow noopener\" target=\"_blank\">Hengaw.<\/a><\/p>\n<p>\u2013 Aldri f\u00f8r har en sak blitt behandlet s\u00e5 raskt, sier organisasjonen til BBC.<\/p>\n<p><strong>Hengaw frykter at Soltani blir den f\u00f8rste i en lang rekke med henrettelser.<\/strong><\/p>\n<p>NRK har bedt den iranske ambassaden i Norge om en kommentar til p\u00e5standene om at Soltani skal henrettes. Ambassaden har forel\u00f8pig ikke besvart henvendelsen.<\/p>\n<p>Tusenvis arrestert<\/p>\n<p>Ogs\u00e5 Amnesty advarer mot at flere kan komme til \u00e5 f\u00f8lge Soltanis skjebne.<\/p>\n<p><strong>\u2013 Nok en gang tyr regimet til raske rettssaker og vilk\u00e5rlige henrettelser for \u00e5 knuse motstand, sier Amnesty if\u00f8lge <a href=\"https:\/\/www.theguardian.com\/world\/2026\/jan\/14\/iran-protests-erfan-soltani-donald-trump-warning-executions-hangings\" ec-id=\"https:\/\/www.theguardian.com\/world\/2026\/jan\/14\/iran-protests-erfan-soltani-donald-trump-warning-executions-hangings\" ec-name=\"The Guardian.\" rel=\"nofollow noopener\" target=\"_blank\">The Guardian.<\/a><\/strong><\/p>\n<p><img decoding=\"async\"   src=\"data:image\/gif;base64,R0lGODlhAQABAIAAAAAAAP\/\/\/yH5BAEAAAAALAAAAAABAAEAAAIBRAA7\" loading=\"eager\" alt=\"En stor folkemengde g\u00e5r i m\u00f8rket langs en gate, omkranset av bygninger. Noen av personene har p\u00e5 seg hetter eller jakker. Gatene er opplyst av gatelykter, og bilene st\u00e5r parkert p\u00e5 kanten.\" title=\"Foto: NTB\"\/><\/p>\n<p class=\"\">Demonstranter i hovedstaden Teherans gater 8. januar. Bildet er verifisert av nyhetsbyr\u00e5et AP.<\/p>\n<p>Foto: NTB<\/p>\n<p>Minst 2.572 mennesker er drept som f\u00f8lge av demonstrasjonene de siste to ukene, if\u00f8lge den amerikanske menneskerettighetsorganisasjonen HRANA.<\/p>\n<p>Blant dem skal 12 v\u00e6re barn.<\/p>\n<p>    Dette m\u00e5 du vite om protestene i Iran<\/p>\n<ul aria-labelledby=\"9ede9f95-b4da-4271-98d2-adfaecbe7097\" role=\"list\">\n<li>Hvorfor demonstrerer iranerne?\n<p>Det er flere grunner til at iranere n\u00e5 demonstrerer. <\/p>\n<p>Den utl\u00f8sende faktoren i denne omgang var inflasjon og svak nasjonal valuta. Protestene br\u00f8t ut p\u00e5 markedene i hovedstaden Teheran, der kj\u00f8pmenn stengte bodene sine og tok til gatene.<\/p>\n<p>Iran har store \u00f8konomiske problemer, med lite h\u00e5p om vekst det kommende \u00e5ret.<\/p>\n<p>I tillegg har flere iranere en dyp mistillit til regimet. En rekke korrupsjonsskandaler blant innflytelsesrike familier og statsansatte har skapt stor misn\u00f8ye blant befolkningen. <\/p>\n<\/li>\n<li>Hvordan svarer iranske myndigheter?\n<p>I begynnelsen av januar ba ayatolla Ali Khamenei regjeringen om \u00e5 g\u00e5 i samtale med demonstrantene og kue oppr\u00f8ret.<\/p>\n<p>Som svar p\u00e5 protestene har regimet blant annet avlyst flyvninger, stengt telefonlinjene og sperret internett-tilgangen i landet.<\/p>\n<p>Hundrevis av demonstranter skal v\u00e6re drept og tusenvis er fengslet av regimet.<\/p>\n<p>I en uttalelse p\u00e5 nasjonal TV 9. januar hevder Khamenei at demonstrantene handler p\u00e5 vegne av Trump og USA.<\/p>\n<\/li>\n<li>Hvorfor har myndighetene blokkert tilgangen p\u00e5 internett?\n<p>Iranske myndigheter har gjentatte ganger gjennom historien kuttet internett i fors\u00f8k p\u00e5 \u00e5 kvele demonstrasjoner og uro. De gjorde det under demonstrasjonene i b\u00e5de 2019, 2022 og n\u00e5 i 2026. <\/p>\n<p>Form\u00e5let er blant annet \u00e5 hindre organisering av protester og kontrollere informasjonsflyten. Flere frykter ogs\u00e5 at det er for \u00e5 hindre at overgrep blir dokumentert, da mange har blitt drept mens internett har v\u00e6rt nede f\u00f8r.<\/p>\n<\/li>\n<li>Er dette f\u00f8rste gang iranerne demonstrerer mot myndighetene?\n<p>Nei.<\/p>\n<p>Iran har de siste \u00e5rene hatt flere omfattende protester hvor folk har uttrykt dyp misn\u00f8ye med myndighetene og krevd at regimet g\u00e5r av.<\/p>\n<p>Dette er de st\u00f8rste demonstrasjonene i landet siden Mahsa Amini d\u00f8de i moralpolitiets varetekt i 2022, et d\u00f8dsfall som utl\u00f8ste den landsomfattende \u00abKvinne, liv, frihet\u00bb- bevegelsen, uro og protester. <\/p>\n<\/li>\n<li>Hva skjer framover?\n<p>Irans utenrikspolitiske posisjon er svekket, noe som gj\u00f8r den \u00f8konomiske situasjonen i landet ustabil. <\/p>\n<p>Ultrakonservative Khamenei (86) er landets \u00f8verste leder. Det er fremdeles uvisst hvem som blir hans arvtaker.<\/p>\n<p>Iran har mistet n\u00e6re allierte etter avsettelsen av Nicol\u00e1s Maduro i Venezuela og Bashar Al-Assad i Syria i fjor. Andre Iran-st\u00f8ttede grupper i Midt\u00f8sten som Hamas og Hizbollah er ogs\u00e5 kraftig svekket. <\/p>\n<p>Med f\u00e6rre venner i resten av verden kan det bli vanskeligere for Iran \u00e5 eksportere olje til andre land, som igjen p\u00e5virker landets allerede svake \u00f8konomi.<\/p>\n<\/li>\n<\/ul>\n<p>I tillegg skal mer enn 18.000 v\u00e6re arrestert, if\u00f8lge HRANA.<\/p>\n<p>Blant dem er 26-\u00e5ringen Soltani trolig den f\u00f8rste som henrettes, if\u00f8lge BBC.<\/p>\n<p>Trump: \u2013 Kraftige tiltak<\/p>\n<p>USAs president Donald Trump <a href=\"https:\/\/www.nrk.no\/urix\/regimet-sier-at-2000-er-drept-i-iran-1.17725543\" ec-id=\"pp:article:1.17725543\" ec-name=\"oppfordrer iranere til \u00e5 fortsette demonstrasjonene\" rel=\"nofollow noopener\" target=\"_blank\">oppfordrer iranere til \u00e5 fortsette demonstrasjonene<\/a> mot regimet.<\/p>\n<p>\u2013 TA KONTROLL OVER INSTITUSJONER!! HJELP ER P\u00c5 VEI, skrev Trump med store bokstaver p\u00e5 TruthSocial tirsdag.<\/p>\n<p><img decoding=\"async\"   src=\"data:image\/gif;base64,R0lGODlhAQABAIAAAAAAAP\/\/\/yH5BAEAAAAALAAAAAABAAEAAAIBRAA7\" loading=\"eager\" alt=\"Donald Trump med caps \" title=\"Foto: Evelyn Hockstein \/ Reuters \/ NTB\"\/><\/p>\n<p class=\"\">Donald Trump sier regimet Iran kommer til \u00e5 se konsekvenser dersom de henger demonstranter. <\/p>\n<p>Foto: Evelyn Hockstein \/ Reuters \/ NTB<\/p>\n<p>Presidenten sier at USA vil iverksette kraftige tiltak dersom regimet henretter demonstranter.<\/p>\n<p><strong>\u2013 Hvis de henger dem, kommer de til \u00e5 se ting. Vi vil iverksette sv\u00e6rt kraftige tiltak hvis de gj\u00f8r noe slikt, sa Trump til CBS News i et intervju tirsdag.<\/strong><\/p>\n<p>Det iranske regimet sier p\u00e5 sin side at amerikanerne pr\u00f8ver \u00e5 konstruere et p\u00e5skudd for \u00e5 angripe Iran.<\/p>\n<p>Kinesiske myndigheter er imot innblanding i Irans interne anliggender, uttaler utenriksdepartementet etter Trumps kommentarer.<\/p>\n<p>Publisert<\/p>\n<p>14.01.2026, kl. 08.45<\/p>\n<p>Oppdatert<\/p>\n<p>14.01.2026, kl. 08.57<\/p>\n","protected":false},"excerpt":{"rendered":"Forrige uke skal Erfan Soltani (26) ha g\u00e5tt ut i gatene i Teheran i protest mot regimet. Der&hellip;\n","protected":false},"author":2,"featured_media":136783,"comment_status":"","ping_status":"","sticky":false,"template":"","format":"standard","meta":{"footnotes":""},"categories":[5],"tags":[20,21,24,25,15,19,22,23,17,18,13,30,28,29,14,16,26,27],"class_list":{"0":"post-136782","1":"post","2":"type-post","3":"status-publish","4":"format-standard","5":"has-post-thumbnail","7":"category-overskrifter","8":"tag-breaking-news","9":"tag-breakingnews","10":"tag-featured-news","11":"tag-featurednews","12":"tag-headlines","13":"tag-hovedoppslag","14":"tag-latest-news","15":"tag-latestnews","16":"tag-main-news","17":"tag-mainnews","18":"tag-news","19":"tag-no","20":"tag-norge","21":"tag-norway","22":"tag-nyheter","23":"tag-overskrifter","24":"tag-top-stories","25":"tag-topstories"},"share_on_mastodon":{"url":"https:\/\/pubeurope.com\/@no\/115892457455805490","error":""},"_links":{"self":[{"href":"https:\/\/www.europesays.com\/no\/wp-json\/wp\/v2\/posts\/136782","targetHints":{"allow":["GET"]}}],"collection":[{"href":"https:\/\/www.europesays.com\/no\/wp-json\/wp\/v2\/posts"}],"about":[{"href":"https:\/\/www.europesays.com\/no\/wp-json\/wp\/v2\/types\/post"}],"author":[{"embeddable":true,"href":"https:\/\/www.europesays.com\/no\/wp-json\/wp\/v2\/users\/2"}],"replies":[{"embeddable":true,"href":"https:\/\/www.europesays.com\/no\/wp-json\/wp\/v2\/comments?post=136782"}],"version-history":[{"count":0,"href":"https:\/\/www.europesays.com\/no\/wp-json\/wp\/v2\/posts\/136782\/revisions"}],"wp:featuredmedia":[{"embeddable":true,"href":"https:\/\/www.europesays.com\/no\/wp-json\/wp\/v2\/media\/136783"}],"wp:attachment":[{"href":"https:\/\/www.europesays.com\/no\/wp-json\/wp\/v2\/media?parent=136782"}],"wp:term":[{"taxonomy":"category","embeddable":true,"href":"https:\/\/www.europesays.com\/no\/wp-json\/wp\/v2\/categories?post=136782"},{"taxonomy":"post_tag","embeddable":true,"href":"https:\/\/www.europesays.com\/no\/wp-json\/wp\/v2\/tags?post=136782"}],"curies":[{"name":"wp","href":"https:\/\/api.w.org\/{rel}","templated":true}]}}