{"id":136788,"date":"2026-01-14T08:21:13","date_gmt":"2026-01-14T08:21:13","guid":{"rendered":"https:\/\/www.europesays.com\/no\/136788\/"},"modified":"2026-01-14T08:21:13","modified_gmt":"2026-01-14T08:21:13","slug":"snokaos-i-sor-norge-men-snart-kommer-regnet","status":"publish","type":"post","link":"https:\/\/www.europesays.com\/no\/136788\/","title":{"rendered":"Sn\u00f8kaos i S\u00f8r-Norge \u2013 men snart kommer regnet"},"content":{"rendered":"\n<p class=\"_lead_o9xde_2 _lead_xtcu6_50 layout-component text-serif-m layout-normal text-serif-l layout-component layout-wide layout-padded _wide_17hqh_1 layout-padded\">V\u00e6ret veksler mye de neste dagene. <\/p>\n<p><img alt=\"En traktor br\u00f8yter sn\u00f8 fra veien i et nabolag i Nittedal, onsdag morgen. Foto: Stian Lysberg Solum \/ NTB\" class=\"_image_qp4xg_65 layout-component layout-wide\" data-fullscreen- data-track-element-type=\"Article image fullscreen\" data-track-name=\"ImageFullscreen\" fetchpriority=\"high\" decoding=\"sync\" loading=\"eager\" height=\"5760\" itemprop=\"image\"  src=\"https:\/\/www.europesays.com\/no\/wp-content\/uploads\/2026\/01\/b9fac686-7e38-4b84-8438-2a7e620faef6.jpeg\"  style=\"object-position:0% 0%\" width=\"8640\"\/>En traktor br\u00f8yter sn\u00f8 fra veien i et nabolag i Nittedal, onsdag morgen. Foto: Stian Lysberg Solum \/ NTB<\/p>\n<ul aria-hidden=\"true\" class=\"_images_ntbth_112\">\n<li><a class=\"_link_ntbth_117\" href=\"https:\/\/www.vg.no\/forfatter\/emma-fondenes-oevreboe\" style=\"z-index:1\" title=\"Emma Fondenes \u00d8vreb\u00f8\" rel=\"nofollow noopener\" target=\"_blank\"><img alt=\"Bilde av Emma Fondenes \u00d8vreb\u00f8\" class=\"_image_ntbth_93\" fetchpriority=\"low\" loading=\"lazy\" decoding=\"async\" itemprop=\"image\"  src=\"https:\/\/www.europesays.com\/no\/wp-content\/uploads\/2026\/01\/1768378871_370_a3715f19-7e77-4fbf-b20f-7d6f5cb479de.jpeg\"  width=\"480\"\/><\/a><\/li>\n<\/ul>\n<p> Oppdatert onsdag 14. januar kl. 08:51     <\/p>\n<p class=\"_paragraph_o9xde_4 _paragraph_xtcu6_10 layout-component text-serif-m layout-normal text-serif-m layout-padded\">S\u00f8r-Norge har f\u00e5tt store sn\u00f8mengder det siste d\u00f8gnet. Det har <a href=\"https:\/\/www.vg.no\/nyheter\/i\/XM8Wjg\/venter-store-mengder-snoe-paa-oestlandet-kan-bli-krevende\" data-track-element-type=\"Link\" data-track-id=\"link:XM8Wjg\" class=\"_link_o9xde_39\" rel=\"nofollow noopener\" target=\"_blank\">skapt tr\u00f8bbel i trafikken<\/a>.<\/p>\n<p class=\"_paragraph_o9xde_4 _paragraph_xtcu6_10 layout-component text-serif-m layout-normal text-serif-m layout-padded\">Kongsberg har f\u00e5tt 21 centimeter sn\u00f8 i l\u00f8pet av de siste 24 timene, mens p\u00e5 Blindern i Oslo har det kommet 14 centimeter. I Vestfold har det kommet rundt 20 centimeter. <\/p>\n<p>   <img decoding=\"async\" alt=\"Tips oss illustrasjon\" src=\"https:\/\/www.europesays.com\/no\/wp-content\/uploads\/2025\/10\/pssst-small.webp.webp\"\/>    <\/p>\n<p class=\"title-serif-s\">Har du tips?<\/p>\n<p class=\"text-sans-m\">Send oss informasjon, bilder eller video.<\/p>\n<p>  <a href=\"https:\/\/www.vg.no\/tips-oss\" rel=\"nofollow noopener\" target=\"_blank\"> Tips oss <\/a>   <\/p>\n<p class=\"_paragraph_o9xde_4 _paragraph_xtcu6_10 layout-component text-serif-m layout-normal text-serif-m layout-padded\">P\u00e5 kysten av Vestfold og \u00d8stfold har nedb\u00f8ren allerede g\u00e5tt over til regn, noe som kan gi glatte veier. Innover i landet holder minusgradene seg lenger.<\/p>\n<p class=\"_paragraph_o9xde_4 _paragraph_xtcu6_10 layout-component text-serif-m layout-normal text-serif-m layout-padded\">\u2013 Sn\u00f8v\u00e6ret holder seg til i ettermiddag. Da blir det til og med klar himmel. Da vil ogs\u00e5 temperaturen falle og vi g\u00e5r tilbake til minusgrader, sier statsmeteorolog Charalampos Sarchosidis til VG.<\/p>\n<p><img decoding=\"async\" alt=\"Bilde av Charalampos Sarchosidis\" class=\"_image_ygndg_42\" height=\"27\" itemprop=\"image\" loading=\"lazy\"  src=\"https:\/\/www.europesays.com\/no\/wp-content\/uploads\/2026\/01\/a3904c07-529e-4692-9add-483da7b90063.jpeg\"  width=\"40\"\/><strong class=\"_name_ygndg_51 title-serif-xs\">Charalampos Sarchosidis<\/strong><\/p>\n<p class=\"_paragraph_o9xde_4 text-sans-m _description_ygndg_56\">Statsmeteorolog<\/p>\n<p class=\"_paragraph_o9xde_4 _paragraph_xtcu6_10 layout-component text-serif-m layout-normal text-serif-m layout-padded\">Han advarer om at det kan fryse p\u00e5 steder hvor det har v\u00e6rt sn\u00f8smelting, s\u00e6rlig langs kysten. I Fredrikstad er det onsdag morgen to grader, men det natt til torsdag blir rundt seks minusgrader.<\/p>\n<p class=\"_paragraph_o9xde_4 _paragraph_xtcu6_10 layout-component text-serif-m layout-normal text-serif-m layout-padded\">\u2013 Vi skal ikke v\u00e5kne til mer sn\u00f8 i morgen, men vi vet aldri hvordan sj\u00e5f\u00f8rene oppf\u00f8rer seg, men jeg tror mange har blitt vant til v\u00e6ret. Kj\u00f8r etter forholdene, oppfordrer meterologen.<\/p>\n<p>Foto: Ole Berg-Rusten \/ NTB<\/p>\n<p class=\"_paragraph_o9xde_4 _paragraph_xtcu6_10 layout-component text-serif-m layout-normal text-serif-m layout-padded\">Tidlig onsdag morgen meldte \u00d8st politidistrikt om flere trailere som sto p\u00e5 E6 nordg\u00e5ende ved avkj\u00f8ringen til Assurdiagonalen i Nordre Follo. Disse skapte trafikale utfordringer i morgentrafikken.<\/p>\n<p class=\"_paragraph_o9xde_4 _paragraph_xtcu6_10 layout-component text-serif-m layout-normal text-serif-m layout-padded\">P\u00e5 E18 i Kristiansand kolliderte fire biler p\u00e5 strekningen Str\u00f8mme til H\u00e5nes onsdag morgen. To personer ble fraktet til sykehus.<\/p>\n<p><img alt=\"En trailer kj\u00f8rte ut av E18 ved Kr\u00e5kstad hagesenter i \u00c5s onsdag morgen.  Foto: VG-tipser\" class=\"_image_qp4xg_65 layout-component layout-normal\" data-fullscreen- data-track-element-type=\"Article image fullscreen\" data-track-name=\"ImageFullscreen\" decoding=\"async\" loading=\"lazy\" height=\"1397\" itemprop=\"image\"  src=\"https:\/\/www.europesays.com\/no\/wp-content\/uploads\/2026\/01\/d5387afd-5cce-47ed-81e4-f87cbae1b711.jpeg\"  style=\"object-position:0% 0%\" width=\"2244\"\/>En trailer kj\u00f8rte ut av E18 ved Kr\u00e5kstad hagesenter i \u00c5s onsdag morgen.  Foto: VG-tipser<\/p>\n<p class=\"_paragraph_o9xde_4 _paragraph_xtcu6_10 layout-component text-serif-m layout-normal text-serif-m layout-padded\">Meteorologen forklarer hvorfor v\u00e6ret svinger s\u00e5 mye for tiden:<\/p>\n<p class=\"_paragraph_o9xde_4 _paragraph_xtcu6_10 layout-component text-serif-m layout-normal text-serif-m layout-padded\">\u2013 Det er ingen h\u00f8ytrykkh\u00f8ytrykkEt h\u00f8ytrykk er et omr\u00e5de hvor lufttrykket er h\u00f8yere enn i omgivelsene ved samme h\u00f8yde over havet. H\u00f8ytrykk gir gjerne godt, rolig v\u00e6r, med svake vinder, men kan ogs\u00e5 v\u00e6re forbundet med t\u00e5ke. i n\u00e6rheten. Det kommer lavtrykklavtrykkLavtrykk er et omr\u00e5de hvor lufttrykket er lavere enn i omgivelsene ved samme h\u00f8yde over havet. inn og det gir varierende v\u00e6r. De neste dagene blir det nok litt og opp ned. <\/p>\n<p> Regn<\/p>\n<p class=\"_paragraph_o9xde_4 _paragraph_xtcu6_10 layout-component text-serif-m layout-normal text-serif-m layout-padded\">Torsdag ettermiddag kommer det nedb\u00f8r igjen, som begynner som sn\u00f8 f\u00f8r temperaturen sakte g\u00e5r oppover. Vestfold og \u00d8stfold vil f\u00e5 sludd og regn fra torsdag.<\/p>\n<p class=\"_paragraph_o9xde_4 _paragraph_xtcu6_10 layout-component text-serif-m layout-normal text-serif-m layout-padded\">\u2013 Fredag som vil skape utfordringer p\u00e5 veien. Da kommer det plussgrader igjen, sier meterologen.<\/p>\n<p class=\"_paragraph_o9xde_4 _paragraph_xtcu6_10 layout-component text-serif-m layout-normal text-serif-m layout-padded\">Regnet vil ogs\u00e5 n\u00e5 Oslo-omr\u00e5det i l\u00f8pet av torsdag kveld eller natt til fredag. <\/p>\n<p class=\"_paragraph_o9xde_4 _paragraph_xtcu6_10 layout-component text-serif-m layout-normal text-serif-m layout-padded\">P\u00e5 Vestlandet regner det allerede, og det er ikke snakk om sn\u00f8 med mindre du kommer opp i h\u00f8yden. Selv Nord-Norge vil f\u00e5 plussgrader i l\u00f8pet av helgen, og da blir det regn ogs\u00e5 der.<\/p>\n<p class=\"_paragraph_o9xde_4 _paragraph_xtcu6_10 layout-component text-serif-m layout-normal text-serif-m layout-padded\">De neste dagene blir det vindfullt i nord.<\/p>\n<p class=\"_paragraph_o9xde_4 _paragraph_xtcu6_10 layout-component text-serif-m layout-normal text-serif-m layout-padded\">\u2013 Mildluften kommer seg opp til Nord-Norge og ikke bare til S\u00f8r-Norge. S\u00e5 folk m\u00e5 v\u00e6re obs p\u00e5 overgangen der ogs\u00e5.<\/p>\n<p>    <img decoding=\"async\" alt=\"Tips oss illustrasjon\" src=\"https:\/\/www.europesays.com\/no\/wp-content\/uploads\/2025\/10\/pssst-small.webp.webp\"\/>    <\/p>\n<p class=\"title-serif-s\">Har du tips?<\/p>\n<p class=\"text-sans-m\">Send oss informasjon, bilder eller video.<\/p>\n<p>  <a href=\"https:\/\/www.vg.no\/tips-oss\" rel=\"nofollow noopener\" target=\"_blank\"> Tips oss <\/a>      <\/p>\n","protected":false},"excerpt":{"rendered":"V\u00e6ret veksler mye de neste dagene. En traktor br\u00f8yter sn\u00f8 fra veien i et nabolag i Nittedal, onsdag&hellip;\n","protected":false},"author":2,"featured_media":136789,"comment_status":"","ping_status":"","sticky":false,"template":"","format":"standard","meta":{"footnotes":""},"categories":[10],"tags":[20,21,24,25,15,22,23,3153,13,30,28,29,14,16,6527,26,27,553,46],"class_list":{"0":"post-136788","1":"post","2":"type-post","3":"status-publish","4":"format-standard","5":"has-post-thumbnail","7":"category-norge","8":"tag-breaking-news","9":"tag-breakingnews","10":"tag-featured-news","11":"tag-featurednews","12":"tag-headlines","13":"tag-latest-news","14":"tag-latestnews","15":"tag-nedbor","16":"tag-news","17":"tag-no","18":"tag-norge","19":"tag-norway","20":"tag-nyheter","21":"tag-overskrifter","22":"tag-sno","23":"tag-top-stories","24":"tag-topstories","25":"tag-vaer","26":"tag-vgai"},"share_on_mastodon":{"url":"https:\/\/pubeurope.com\/@no\/115892485264541427","error":""},"_links":{"self":[{"href":"https:\/\/www.europesays.com\/no\/wp-json\/wp\/v2\/posts\/136788","targetHints":{"allow":["GET"]}}],"collection":[{"href":"https:\/\/www.europesays.com\/no\/wp-json\/wp\/v2\/posts"}],"about":[{"href":"https:\/\/www.europesays.com\/no\/wp-json\/wp\/v2\/types\/post"}],"author":[{"embeddable":true,"href":"https:\/\/www.europesays.com\/no\/wp-json\/wp\/v2\/users\/2"}],"replies":[{"embeddable":true,"href":"https:\/\/www.europesays.com\/no\/wp-json\/wp\/v2\/comments?post=136788"}],"version-history":[{"count":0,"href":"https:\/\/www.europesays.com\/no\/wp-json\/wp\/v2\/posts\/136788\/revisions"}],"wp:featuredmedia":[{"embeddable":true,"href":"https:\/\/www.europesays.com\/no\/wp-json\/wp\/v2\/media\/136789"}],"wp:attachment":[{"href":"https:\/\/www.europesays.com\/no\/wp-json\/wp\/v2\/media?parent=136788"}],"wp:term":[{"taxonomy":"category","embeddable":true,"href":"https:\/\/www.europesays.com\/no\/wp-json\/wp\/v2\/categories?post=136788"},{"taxonomy":"post_tag","embeddable":true,"href":"https:\/\/www.europesays.com\/no\/wp-json\/wp\/v2\/tags?post=136788"}],"curies":[{"name":"wp","href":"https:\/\/api.w.org\/{rel}","templated":true}]}}