{"id":136800,"date":"2026-01-14T08:29:08","date_gmt":"2026-01-14T08:29:08","guid":{"rendered":"https:\/\/www.europesays.com\/no\/136800\/"},"modified":"2026-01-14T08:29:08","modified_gmt":"2026-01-14T08:29:08","slug":"seksuelle-overgrep-mobilkamera-skal-ha-snikfilmet-over-80-kvinner","status":"publish","type":"post","link":"https:\/\/www.europesays.com\/no\/136800\/","title":{"rendered":"Seksuelle overgrep, Mobilkamera | Skal ha snikfilmet over 80 kvinner"},"content":{"rendered":"\n<p>Mannen i slutten av 20-\u00e5rene er fra \u00d8stfold. Mellom h\u00f8sten 2024 og sommeren 2025 skal han ha snikfilmet 83 kvinner og tre menn. Fokuset for mannen var kvinnekroppen.<\/p>\n<p>Handlingene rammes av straffeloven paragraf 298 som omhandler seksuelt krenkende atferd. Paragrafen har en strafferamme p\u00e5 bot eller ett \u00e5rs fengsel.<\/p>\n<p><b>Les ogs\u00e5:<\/b> <a href=\"https:\/\/www.nettavisen.no\/video\/kvinne-ble-filmet-gjennom-soveromsvinduet\/s\/5-95-2607024\" rel=\"Follow nofollow noopener\" target=\"_blank\">Forskrekket kvinne ringte politiet: \u2013 Veldig skremmende<\/a><\/p>\n<p>Mange av kvinnene ble filmet gjennom vinduene mens de var i sitt eget hjem. Andre kvinner ble filmet under skj\u00f8rtet p\u00e5 nattklubber. Over 40 kvinner ble snikfilmet mens de var p\u00e5 toalettet p\u00e5 utesteder. Dette skjedde blant annet p\u00e5 utestedene Proud Mary og SALT i Oslo.<\/p>\n<p>Mange av kvinnene som mannen har filmet, vet enn\u00e5 ikke i dag at de har blitt filmet. Politiet vet heller ikke hvem mange av kvinnene er.<\/p>\n<p>Politiadvokat Marcus Nicolay Lyngstad sier til <a href=\"https:\/\/www.nrk.no\/stor-oslo\/skal-ha-a-ha-snikfilmet-over-80-kvinner-i-oslo-1.17719230\" rel=\"Follow nofollow noopener\" target=\"_blank\">NRK <\/a>at mannen brukte sin egen mobiltelefon n\u00e5r han filmet kvinnene.<\/p>\n<p>Mannens forsvarer, John Christian Elden, har tidligere sagt til <a href=\"https:\/\/www.tv2.no\/nyheter\/innenriks\/mann-tatt-for-a-snikfilme-over-80-kvinner-i-oslo\/18112579\/\" rel=\"Follow nofollow noopener\" target=\"_blank\">TV 2<\/a> at mannen tidligere har erkjent straffskyld.<\/p>\n","protected":false},"excerpt":{"rendered":"Mannen i slutten av 20-\u00e5rene er fra \u00d8stfold. Mellom h\u00f8sten 2024 og sommeren 2025 skal han ha snikfilmet&hellip;\n","protected":false},"author":2,"featured_media":136801,"comment_status":"","ping_status":"","sticky":false,"template":"","format":"standard","meta":{"footnotes":""},"categories":[5],"tags":[20,21,24,25,15,19,22,23,17,18,13,30,28,29,14,16,26,27],"class_list":{"0":"post-136800","1":"post","2":"type-post","3":"status-publish","4":"format-standard","5":"has-post-thumbnail","7":"category-overskrifter","8":"tag-breaking-news","9":"tag-breakingnews","10":"tag-featured-news","11":"tag-featurednews","12":"tag-headlines","13":"tag-hovedoppslag","14":"tag-latest-news","15":"tag-latestnews","16":"tag-main-news","17":"tag-mainnews","18":"tag-news","19":"tag-no","20":"tag-norge","21":"tag-norway","22":"tag-nyheter","23":"tag-overskrifter","24":"tag-top-stories","25":"tag-topstories"},"share_on_mastodon":{"url":"https:\/\/pubeurope.com\/@no\/115892516426807689","error":""},"_links":{"self":[{"href":"https:\/\/www.europesays.com\/no\/wp-json\/wp\/v2\/posts\/136800","targetHints":{"allow":["GET"]}}],"collection":[{"href":"https:\/\/www.europesays.com\/no\/wp-json\/wp\/v2\/posts"}],"about":[{"href":"https:\/\/www.europesays.com\/no\/wp-json\/wp\/v2\/types\/post"}],"author":[{"embeddable":true,"href":"https:\/\/www.europesays.com\/no\/wp-json\/wp\/v2\/users\/2"}],"replies":[{"embeddable":true,"href":"https:\/\/www.europesays.com\/no\/wp-json\/wp\/v2\/comments?post=136800"}],"version-history":[{"count":0,"href":"https:\/\/www.europesays.com\/no\/wp-json\/wp\/v2\/posts\/136800\/revisions"}],"wp:featuredmedia":[{"embeddable":true,"href":"https:\/\/www.europesays.com\/no\/wp-json\/wp\/v2\/media\/136801"}],"wp:attachment":[{"href":"https:\/\/www.europesays.com\/no\/wp-json\/wp\/v2\/media?parent=136800"}],"wp:term":[{"taxonomy":"category","embeddable":true,"href":"https:\/\/www.europesays.com\/no\/wp-json\/wp\/v2\/categories?post=136800"},{"taxonomy":"post_tag","embeddable":true,"href":"https:\/\/www.europesays.com\/no\/wp-json\/wp\/v2\/tags?post=136800"}],"curies":[{"name":"wp","href":"https:\/\/api.w.org\/{rel}","templated":true}]}}