{"id":136816,"date":"2026-01-14T08:43:13","date_gmt":"2026-01-14T08:43:13","guid":{"rendered":"https:\/\/www.europesays.com\/no\/136816\/"},"modified":"2026-01-14T08:43:13","modified_gmt":"2026-01-14T08:43:13","slug":"trafikkulykke-trafikk-flere-biler-i-trafikkulykke-pa-e18","status":"publish","type":"post","link":"https:\/\/www.europesays.com\/no\/136816\/","title":{"rendered":"Trafikkulykke, Trafikk | Flere biler i trafikkulykke p\u00e5 E18"},"content":{"rendered":"\n<p>Kristiansand (<a rel=\"Follow nofollow noopener\" href=\"https:\/\/www.krs.no\/fire-biler-i-trafikkulykke-pa-e18\/s\/5-157-579591\" target=\"_blank\">KRS.no<\/a>): Onsdag morgen er det kommet melding om en trafikkulykke p\u00e5 E-18 Str\u00f8mme i Kristiansand, ved avkj\u00f8ring 91 retning \u00f8st.<\/p>\n<p><b>Les ogs\u00e5: <a class=\"simple-relation related-teaser article--c-eRUmMG article--c-eRUmMG-fZoQSp-design-nettavisen article--c-eRUmMG-gwthdJ-cv\" href=\"https:\/\/www.nettavisen.no\/gult-farevarsel-oppfordrer-til-hjemmekontor\/s\/5-95-2823636\" rel=\"nofollow noopener\" target=\"_blank\">Gult farevarsel: Oppfordrer til hjemmekontor<\/a><\/b><\/p>\n<p>&#8211; Det skal v\u00e6re fire biler involvert. Skadeomfanget er pr n\u00e5 ukjent, opplyser politiets operasjonsleder Ole Robert Strandhagen til <a rel=\"Follow nofollow noopener\" href=\"https:\/\/www.krs.no\/fire-biler-i-trafikkulykke-pa-e18\/s\/5-157-579591\" target=\"_blank\">KRS<\/a>.<\/p>\n<p>   <img decoding=\"async\" width=\"4032\" height=\"3024\" fetchpriority=\"low\"  loading=\"lazy\"  src=\"https:\/\/www.europesays.com\/no\/wp-content\/uploads\/2026\/01\/bil+i+grftsa.jpg\" alt=\"\" class=\"brick-c-cFOWSL\" style=\"--brick-image-ratio: 4032 \/ 3024;\"\/><\/p>\n<p>      En rekke biler har f\u00e5tt problemer p\u00e5 glatta onsdag morgen.<br \/>\n      Foto: Tarald Reinholdt Aas\n    <\/p>\n<p>Politiet rykker ut til stedet. N\u00e5r de er fremme, opplyser de at det er flere biler som har kollidert p\u00e5 strekningen fra Str\u00f8mme til H\u00e5nes.<\/p>\n<p>&#8211; Det fremst\u00e5r ikke som det er noen alvorlige personskader, sier Strandhagen.<\/p>\n<p>KRS sin reporter p\u00e5 stedet forteller om lang k\u00f8 i vestg\u00e5ende retning fra tunnelen og mot H\u00e5nes.<\/p>\n<p>   <img decoding=\"async\" width=\"4032\" height=\"3024\" fetchpriority=\"low\"  loading=\"lazy\"  src=\"https:\/\/www.europesays.com\/no\/wp-content\/uploads\/2026\/01\/photo+%2835%29.jpg\" alt=\"\" class=\"brick-c-cFOWSL\" style=\"--brick-image-ratio: 4032 \/ 3024;\"\/><\/p>\n<p>      K\u00f8en er lang etter trafikkulykkene onsdag morgen.<br \/>\n      Foto: Tarald Reinholdt Aas\n    <\/p>\n<p>Det st\u00e5r ogs\u00e5 en bil med stopp p\u00e5 Varoddbrua i \u00f8stg\u00e5ende, men der kommer trafikken forbi.<\/p>\n<p>Ambulanse har v\u00e6rt p\u00e5 stedet og sjekket ut de involverte. De er alle uskadd.<\/p>\n<p>   <img decoding=\"async\" width=\"4032\" height=\"3024\" fetchpriority=\"low\"  loading=\"lazy\"  src=\"https:\/\/www.europesays.com\/no\/wp-content\/uploads\/2026\/01\/1768380193_847_photo+%2837%29.jpg\" alt=\"\" class=\"brick-c-cFOWSL\" style=\"--brick-image-ratio: 4032 \/ 3024;\"\/><\/p>\n<p>      Bilberger er bestilt for \u00e5 fjerne bilene.<br \/>\n      Foto: Tarald Reinholdt Aas\n    <\/p>\n<p>Politiet blir p\u00e5 stedet til bilberger kommer.<\/p>\n<p>Det er glatt p\u00e5 veiene, og anbefales \u00e5 kj\u00f8re forsiktig.<\/p>\n","protected":false},"excerpt":{"rendered":"Kristiansand (KRS.no): Onsdag morgen er det kommet melding om en trafikkulykke p\u00e5 E-18 Str\u00f8mme i Kristiansand, ved avkj\u00f8ring&hellip;\n","protected":false},"author":2,"featured_media":136817,"comment_status":"","ping_status":"","sticky":false,"template":"","format":"standard","meta":{"footnotes":""},"categories":[10],"tags":[20,21,24,25,15,22,23,13,30,28,29,14,16,26,27],"class_list":{"0":"post-136816","1":"post","2":"type-post","3":"status-publish","4":"format-standard","5":"has-post-thumbnail","7":"category-norge","8":"tag-breaking-news","9":"tag-breakingnews","10":"tag-featured-news","11":"tag-featurednews","12":"tag-headlines","13":"tag-latest-news","14":"tag-latestnews","15":"tag-news","16":"tag-no","17":"tag-norge","18":"tag-norway","19":"tag-nyheter","20":"tag-overskrifter","21":"tag-top-stories","22":"tag-topstories"},"share_on_mastodon":{"url":"https:\/\/pubeurope.com\/@no\/115892571735311957","error":""},"_links":{"self":[{"href":"https:\/\/www.europesays.com\/no\/wp-json\/wp\/v2\/posts\/136816","targetHints":{"allow":["GET"]}}],"collection":[{"href":"https:\/\/www.europesays.com\/no\/wp-json\/wp\/v2\/posts"}],"about":[{"href":"https:\/\/www.europesays.com\/no\/wp-json\/wp\/v2\/types\/post"}],"author":[{"embeddable":true,"href":"https:\/\/www.europesays.com\/no\/wp-json\/wp\/v2\/users\/2"}],"replies":[{"embeddable":true,"href":"https:\/\/www.europesays.com\/no\/wp-json\/wp\/v2\/comments?post=136816"}],"version-history":[{"count":0,"href":"https:\/\/www.europesays.com\/no\/wp-json\/wp\/v2\/posts\/136816\/revisions"}],"wp:featuredmedia":[{"embeddable":true,"href":"https:\/\/www.europesays.com\/no\/wp-json\/wp\/v2\/media\/136817"}],"wp:attachment":[{"href":"https:\/\/www.europesays.com\/no\/wp-json\/wp\/v2\/media?parent=136816"}],"wp:term":[{"taxonomy":"category","embeddable":true,"href":"https:\/\/www.europesays.com\/no\/wp-json\/wp\/v2\/categories?post=136816"},{"taxonomy":"post_tag","embeddable":true,"href":"https:\/\/www.europesays.com\/no\/wp-json\/wp\/v2\/tags?post=136816"}],"curies":[{"name":"wp","href":"https:\/\/api.w.org\/{rel}","templated":true}]}}