{"id":136818,"date":"2026-01-14T08:44:11","date_gmt":"2026-01-14T08:44:11","guid":{"rendered":"https:\/\/www.europesays.com\/no\/136818\/"},"modified":"2026-01-14T08:44:11","modified_gmt":"2026-01-14T08:44:11","slug":"tv-2-erfarer-forlater-kolstad-na","status":"publish","type":"post","link":"https:\/\/www.europesays.com\/no\/136818\/","title":{"rendered":"TV 2 erfarer: Forlater Kolstad n\u00e5"},"content":{"rendered":"<p>I fjor h\u00f8st signerte Kolstad-stjernen Simen Lyse for PSG. Landslagsprofilen skulle slutte seg til den franske storklubben til sommeren.\u00a0<\/p>\n<p>Men den siste tiden har det stormet voldsomt rundt Kolstad.\u00a0<\/p>\n<p>Klubben\u00a0st\u00e5r overfor en alvorlig \u00f8konomisk krise der de blant annet m\u00e5 g\u00e5 en <a href=\"https:\/\/www.tv2.no\/sport\/ny-dyster-kolstad-beskjed\/18382875\/\" target=\"_blank\" rel=\"nofollow noopener\">ny runde med l\u00f8nnskutt og g\u00e5r mot et forventet underskudd.<\/a><\/p>\n<p>Det er derfor knyttet mye spenning rundt om spillere som blir ber\u00f8rt av l\u00f8nnskuttet, kommer til \u00e5 forlate klubben i innev\u00e6rende sesong.\u00a0<\/p>\n<p>Lyse er en av de spillerne som er rammet av l\u00f8nnskuttet, og det\u00a0har v\u00e6rt stor interesse for ham fra andre klubber.<\/p>\n<p>PSG skal ha \u00f8nsket \u00e5 hente 25-\u00e5ringen allerede n\u00e5.\u00a0<\/p>\n<p class=\"bold m-bold\" data-lab-font_weight=\"bold\">Og etter det TV 2 kjenner til skal avtalen om en umiddelbar overgang med PSG v\u00e6re klar. Lyse drar til Paris etter EM.\u00a0<\/p>\n<p class=\"bold m-bold\" data-lab-font_weight=\"bold\">Tr\u00f8nderen har dermed spilt sin siste kamp for Kolstad.\u00a0<\/p>\n<p data-lab-font_weight=\"\">Signeringen\u00a0er ventet \u00e5 bli offentliggjort innen kort tid.\u00a0<\/p>\n<p data-lab-font_weight=\"\">\u2013 Sportslig sett for Kolstad er det en stor nedtur at Simen Lyse forlater dem n\u00e5. Samtidig er det en naturlig del av det hele med l\u00f8nnskuttet som har kommet, og det kan godt v\u00e6re lurt for Kolstad som har en meget presset \u00f8konomi,\u00a0sier TV 2s h\u00e5ndballekspert Bent Svele.\u00a0<\/p>\n<p data-lab-font_weight=\"\">Ryktene om at Lyse skulle reise allerede n\u00e5 startet for alvor 30. desember i fjor. Da avsluttet PSG kontrakten deres med den egyptiske landslagsspilleren Abdelrahman Abdou med \u00f8yeblikkelig virkning. Abdou spiller p\u00e5 samme posisjon som Lyse.\u00a0<\/p>\n<p data-lab-font_weight=\"\">Lyse blir dermed den femte landslagsspilleren p\u00e5 bakspillerplassen som forlater Kolstad etter at storsatsingen startet. Janus Smarason, Magnus Abelvik R\u00f8d, Gabriel Setterblom og Sander Sagosen har alle reist fra Kolstad.\u00a0<\/p>\n<p>        <img class=\"image__img lazyload\" itemprop=\"image\" title=\"Foto: Stian Lysberg Solum \/ NTB\" alt=\"EM: Simen Lyse og de norske h\u00e5ndballgutta skal spille EM p\u00e5 hjemmebane. Foto: Stian Lysberg Solum \/ NTB\" width=\"675\" height=\"480\" bad-src=\"https:\/\/www.europesays.com\/no\/wp-content\/uploads\/2026\/01\/18460579.webp.jpeg\" fetchpriority=\"auto\" \/><\/p>\n<p>      EM: Simen Lyse og de norske h\u00e5ndballgutta skal spille EM p\u00e5 hjemmebane.<br \/>\n         Foto: Stian Lysberg Solum \/ NTB<\/p>\n<p>Siden Kolstad startet storsatsingen sin h\u00f8sten 2022 har Lyse hatt en ekstrem utvikling.\u00a025-\u00e5ringen valgte, i februar i fjor, \u00e5<a href=\"https:\/\/www.tv2.no\/sport\/h%C3%A5ndball\/bekreftet-stjernespiller-forlenger\/17455081\/\" target=\"_blank\" rel=\"nofollow noopener\">\u00a0forlenge kontrakten<\/a>\u00a0med Trondheimsklubben til sommeren 2027.\u00a0<\/p>\n<p>November 2023 fikk han debuten sin for de norske h\u00e5ndballgutta, og har etter det spilt b\u00e5de EM, VM og OL.\u00a0<\/p>\n<p class=\"italic m-italic\" data-lab-italic=\"italic\">TV 2 har ikke lykkes i \u00e5 komme i kontakt med Lyses agent Hans Fredrik Cordt-Hansen.\u00a0<\/p>\n","protected":false},"excerpt":{"rendered":"I fjor h\u00f8st signerte Kolstad-stjernen Simen Lyse for PSG. Landslagsprofilen skulle slutte seg til den franske storklubben til&hellip;\n","protected":false},"author":2,"featured_media":136819,"comment_status":"","ping_status":"","sticky":false,"template":"","format":"standard","meta":{"footnotes":""},"categories":[5],"tags":[20,21,24,25,15,19,22,23,17,18,13,30,28,29,14,16,26,27],"class_list":{"0":"post-136818","1":"post","2":"type-post","3":"status-publish","4":"format-standard","5":"has-post-thumbnail","7":"category-overskrifter","8":"tag-breaking-news","9":"tag-breakingnews","10":"tag-featured-news","11":"tag-featurednews","12":"tag-headlines","13":"tag-hovedoppslag","14":"tag-latest-news","15":"tag-latestnews","16":"tag-main-news","17":"tag-mainnews","18":"tag-news","19":"tag-no","20":"tag-norge","21":"tag-norway","22":"tag-nyheter","23":"tag-overskrifter","24":"tag-top-stories","25":"tag-topstories"},"share_on_mastodon":{"url":"https:\/\/pubeurope.com\/@no\/115892575523260740","error":""},"_links":{"self":[{"href":"https:\/\/www.europesays.com\/no\/wp-json\/wp\/v2\/posts\/136818","targetHints":{"allow":["GET"]}}],"collection":[{"href":"https:\/\/www.europesays.com\/no\/wp-json\/wp\/v2\/posts"}],"about":[{"href":"https:\/\/www.europesays.com\/no\/wp-json\/wp\/v2\/types\/post"}],"author":[{"embeddable":true,"href":"https:\/\/www.europesays.com\/no\/wp-json\/wp\/v2\/users\/2"}],"replies":[{"embeddable":true,"href":"https:\/\/www.europesays.com\/no\/wp-json\/wp\/v2\/comments?post=136818"}],"version-history":[{"count":0,"href":"https:\/\/www.europesays.com\/no\/wp-json\/wp\/v2\/posts\/136818\/revisions"}],"wp:featuredmedia":[{"embeddable":true,"href":"https:\/\/www.europesays.com\/no\/wp-json\/wp\/v2\/media\/136819"}],"wp:attachment":[{"href":"https:\/\/www.europesays.com\/no\/wp-json\/wp\/v2\/media?parent=136818"}],"wp:term":[{"taxonomy":"category","embeddable":true,"href":"https:\/\/www.europesays.com\/no\/wp-json\/wp\/v2\/categories?post=136818"},{"taxonomy":"post_tag","embeddable":true,"href":"https:\/\/www.europesays.com\/no\/wp-json\/wp\/v2\/tags?post=136818"}],"curies":[{"name":"wp","href":"https:\/\/api.w.org\/{rel}","templated":true}]}}