{"id":136824,"date":"2026-01-14T08:50:14","date_gmt":"2026-01-14T08:50:14","guid":{"rendered":"https:\/\/www.europesays.com\/no\/136824\/"},"modified":"2026-01-14T08:50:14","modified_gmt":"2026-01-14T08:50:14","slug":"nekrolog-kvinesdal-sola-i-sollia-er-gatt-ned-jane-karin-jakobsen-til-minne","status":"publish","type":"post","link":"https:\/\/www.europesays.com\/no\/136824\/","title":{"rendered":"Nekrolog, Kvinesdal | \u00abSola i Sollia\u00bb er g\u00e5tt ned \u2013 Jane Karin Jakobsen til minne"},"content":{"rendered":"\n<p>\u2013 N\u00e5 har du sjekket ut av \u00abMoms Hotel\u00bb, mamma. Du har gitt deg, men du blir ikke vekke for oss, fremholdt yngstes\u00f8nnen Viljar i sine r\u00f8rende minneord om sin kj\u00e6re mor Jane Karin Jakobsen som 64 \u00e5r gammel p\u00e5 selve julaften s\u00e5 br\u00e5tt og uventet ble revet bort fra familie og en stor venneskare. Sammen med ektemannen Egil Jakobsen skulle Jane Karin feire juleh\u00f8ytiden hos en av s\u00f8nnene deres i Oslo da hun fikk et illebefinnende og sovnet inn.<\/p>\n<p>I gravferden fra Kvinesdal kirke den 9. januar &#8211; p\u00e5 datoen 49 \u00e5r og \u00e5tte m\u00e5neder etter at Jane Karin 9. mai 1976 stod stolt konfirmant i det samme kirkerommet &#8211; fortalte s\u00f8nnen Viljar sorgmuntert om at etter at han og de to br\u00f8drene hans hadde forlatt redet i Sollia i \u00c5motsmarka hadde moren p\u00e5 sitt sedvanlige, hum\u00f8rfylte vis d\u00f8pt barndomsheimen deres om til \u00abMoms Hotel\u00bbn\u00e5r de var hjemom p\u00e5 bes\u00f8k.<\/p>\n<p>\u2013 Sola i Sollia er g\u00e5tt ned, men vi gjemmer deg i hjertene v\u00e5re, forsikret Viljar \u00c5mot Jakobsen foran den fullsatte kirken som var m\u00f8tt frem i vinterkulda for \u00e5 ta avskjed med en avholdt ektefelle, mor, svigermor, bestemor, tante og venninne.<\/p>\n<p>Gifterm\u00e5l og nytt hus<\/p>\n<p>\u2013 Hun var et menneske med mye omsorg i seg, la forrettende vikarprest i Kvinesdal Rolf Martin Synnes vekt p\u00e5 i sin minnetale over Jane Karin Jakobsen som i gymnastiden p\u00e5 Trellebakken ogs\u00e5 fant sin livsledsager i Flekkefjord. I mai 1982 ble ungjenta f\u00f8dt Aamot og oppvokst p\u00e5 Dugevegen mellom \u00c5motsgarden og Englemonen og Egil Jakobsen smidd i Hymens lenker, og samtidig kunne de flytte inn i sin nybygde enebolig p\u00e5 gammel slektsgrunn kloss inntil Hamrevegen i boligfeltet Sollia. Med \u00e5rene ble de foreldre til fire s\u00f8nner; Espen, Truls, Martin og Viljar, men opplevde en stor sorg da tredjemann i flokken, Martin, januar 1992, ikke fikk leve opp.<\/p>\n<p>Omsorg b\u00e5de privat og i jobb<\/p>\n<p>Fra oppveksten i nabolaget til Folkets Hus p\u00e5 \u00c5mot etterlater Jane Karin seg ogs\u00e5 to eldre br\u00f8dre og en yngre s\u00f8ster. I minnetalen berettet sogneprest Synnes at Jane Karins barnebarn Heyley i samtale med ham f\u00f8r gravferdsseremonien hadde lagt vekt p\u00e5 at hun var &laquo;verdens beste besta\u00bb &#8211; alltid levende opptatt av og interessert i hva hun drev med til enhver tid.<\/p>\n<p>\u2013 Men det var ikke bare overfor familie og gode venner Jane Karin var omsorgsfull. Omsorg ble ogs\u00e5 yrket hennes i over 40 \u00e5r p\u00e5 Kvinesdalheimen &#8211; de fleste av dem p\u00e5 \u00abrehaben\u00bb (korttidsavdelingen, red.anm.), informerte forrettende sogneprest.<\/p>\n<p>To \u00abskogstroll\u00bb ut i naturen<\/p>\n<p>Rolf Martin Synnes understreket at Jane Karin Jakobsen var sv\u00e6rt glad i familien og flokken sin &#8211; og flink til \u00e5 sette ord p\u00e5 viktige ting b\u00e5de i familien og i samfunnet rundt seg. I mange av diktene hun f\u00f8rte i pennen, skinte det tydelig igjennom hvor viktig familien hennes var, og flere av diktene hennes handlet om lengsel og sorg.<\/p>\n<p>Og hun var over gjennomsnittet opptatt av naturen og bruken av apostlenes hester i skog og mark. Hennes sterke friluftsinteresse resulterte i utallige oppdagelsesturer b\u00e5de i n\u00e6romr\u00e5det i den gamle utmarka til \u00c5mot-b\u00f8ndene og forskjellige turm\u00e5 som fjelltopper og strender i Kvinesdals nabo-herreder. I sine siste leve\u00e5r vandret Jane Karin mye sammen med sin arbeidskollega Laila Eiesland p\u00e5 \u00abheimen\u00bb i Faret, og de kalte seg sp\u00f8kefullt for \u00abskogstrollene\u00bb. I gravferdsseremonien takket Laila beveget for alle de minnerike turene de to hadde hatt sammen over mange \u00e5r. <\/p>\n<p>Spania-venn i bobil<\/p>\n<p>Etter at Jane Karin og Egil kj\u00f8pte seg feriehus i Spania og etter hvert ogs\u00e5 skaffet seg bobil fulgte en omfattende reisevirksomhet til og fra Kvinesdal og \u00absyden\u00bb. F\u00f8lgere og FB-venner p\u00e5 Facebook har de seneste \u00e5rene kunnet glede seg over en rekke flotte bildeserier fra b\u00e5de Spania og andre europeiske land etter at ekteparet Jakobsen hadde v\u00e6rt p\u00e5 spennende oppdagelsferder om bord i bobilen sin.<\/p>\n","protected":false},"excerpt":{"rendered":"\u2013 N\u00e5 har du sjekket ut av \u00abMoms Hotel\u00bb, mamma. Du har gitt deg, men du blir ikke&hellip;\n","protected":false},"author":2,"featured_media":136825,"comment_status":"","ping_status":"","sticky":false,"template":"","format":"standard","meta":{"footnotes":""},"categories":[10],"tags":[36,20,21,24,25,15,2986,22,23,692,2332,13,30,28,29,14,1533,16,26,27],"class_list":{"0":"post-136824","1":"post","2":"type-post","3":"status-publish","4":"format-standard","5":"has-post-thumbnail","7":"category-norge","8":"tag-art","9":"tag-breaking-news","10":"tag-breakingnews","11":"tag-featured-news","12":"tag-featurednews","13":"tag-headlines","14":"tag-kvinesdal","15":"tag-latest-news","16":"tag-latestnews","17":"tag-minneord","18":"tag-nekrolog","19":"tag-news","20":"tag-no","21":"tag-norge","22":"tag-norway","23":"tag-nyheter","24":"tag-opinion","25":"tag-overskrifter","26":"tag-top-stories","27":"tag-topstories"},"share_on_mastodon":{"url":"https:\/\/pubeurope.com\/@no\/115892599424441735","error":""},"_links":{"self":[{"href":"https:\/\/www.europesays.com\/no\/wp-json\/wp\/v2\/posts\/136824","targetHints":{"allow":["GET"]}}],"collection":[{"href":"https:\/\/www.europesays.com\/no\/wp-json\/wp\/v2\/posts"}],"about":[{"href":"https:\/\/www.europesays.com\/no\/wp-json\/wp\/v2\/types\/post"}],"author":[{"embeddable":true,"href":"https:\/\/www.europesays.com\/no\/wp-json\/wp\/v2\/users\/2"}],"replies":[{"embeddable":true,"href":"https:\/\/www.europesays.com\/no\/wp-json\/wp\/v2\/comments?post=136824"}],"version-history":[{"count":0,"href":"https:\/\/www.europesays.com\/no\/wp-json\/wp\/v2\/posts\/136824\/revisions"}],"wp:featuredmedia":[{"embeddable":true,"href":"https:\/\/www.europesays.com\/no\/wp-json\/wp\/v2\/media\/136825"}],"wp:attachment":[{"href":"https:\/\/www.europesays.com\/no\/wp-json\/wp\/v2\/media?parent=136824"}],"wp:term":[{"taxonomy":"category","embeddable":true,"href":"https:\/\/www.europesays.com\/no\/wp-json\/wp\/v2\/categories?post=136824"},{"taxonomy":"post_tag","embeddable":true,"href":"https:\/\/www.europesays.com\/no\/wp-json\/wp\/v2\/tags?post=136824"}],"curies":[{"name":"wp","href":"https:\/\/api.w.org\/{rel}","templated":true}]}}