{"id":136832,"date":"2026-01-14T08:57:07","date_gmt":"2026-01-14T08:57:07","guid":{"rendered":"https:\/\/www.europesays.com\/no\/136832\/"},"modified":"2026-01-14T08:57:07","modified_gmt":"2026-01-14T08:57:07","slug":"ukens-vintips-nyhetsslipp-januar-sara-doschers-seks-favoritter","status":"publish","type":"post","link":"https:\/\/www.europesays.com\/no\/136832\/","title":{"rendered":"(+) Ukens vintips: Nyhetsslipp januar: Sara D\u00f8schers seks favoritter"},"content":{"rendered":"\n<p class=\"_prefix_nfjwc_1 layout-padded\">Ukens<br \/>vintips<\/p>\n<p class=\"_lead_o9xde_2 _lead_xtcu6_50 layout-component text-serif-m layout-normal text-serif-l _lead_1k67c_21 layout-component layout-normal layout-padded layout-padded\">Jeg har smakt meg gjennom Vinmonopolets januarslipp. Her er seks du ogs\u00e5 b\u00f8r smake.<\/p>\n<p>VGs vinekspert. Utdannet vinkelner og har jobbet med vin hele mitt yrkesliv. Mer enn 20 \u00e5rs erfaring, blant annet fra Vinmonopolet, vinimport og restaurantbransjen. Har skrevet seks b\u00f8ker om mat &amp; vin, holder vinkurs og lager b\u00e5de TV, podcast og lydb\u00f8ker om vin.<\/p>\n<p><a href=\"https:\/\/www.vg.no\/forbruker\/i\/L4nPgq\/mailto:vinsara@vg.no\" class=\"_button_6bkpv_2 button-label-large _filled_6bkpv_106 _button_1xhag_75\" rel=\"nofollow noopener\" target=\"_blank\">E-post<\/a>Onsdag 14. januar kl. 09:10     <\/p>\n<p class=\"_paragraph_o9xde_4 _paragraph_xtcu6_10 layout-component text-serif-m layout-normal text-serif-m layout-padded\">Det er klart for nytt nyhetsslipp, og mange nye viner kommer i hyllene. Enda flere lanseres i bestillingsutvalget. <\/p>\n<p class=\"_paragraph_o9xde_4 _paragraph_xtcu6_10 layout-component text-serif-m layout-normal text-serif-m layout-padded\">Det er nyheter som lanseres for f\u00f8rste gang, og det er \u00e5rgangsendringer p\u00e5 viner som har v\u00e6rt i sortimentet en stund. Med andre ord: Mye nytt p\u00e5 menyen!\u00a0<\/p>\n<p class=\"_paragraph_o9xde_4 _paragraph_xtcu6_10 layout-component text-serif-m layout-normal text-serif-m layout-padded\">Vinmonopolets fokusomr\u00e5der for januar 2026 er Baden i Tyskland, Mad i Ungarn, Canada, franske Rh\u00f4ne og Bourgogne, samt s\u00f8rafrikansk pinotage. <\/p>\n<p><img alt=\"Foto: Helen Wesnes \/ VG\" class=\"_image_qp4xg_65 layout-component layout-normal\" data-fullscreen- data-track-element-type=\"Article image fullscreen\" data-track-name=\"ImageFullscreen\" decoding=\"async\" loading=\"lazy\" height=\"5760\" itemprop=\"image\"  src=\"https:\/\/www.europesays.com\/no\/wp-content\/uploads\/2026\/01\/8c62d189-ce86-4d0a-90ef-c624f01b7088.jpeg\"  style=\"object-position:0% 0%\" width=\"8640\"\/>Foto: Helen Wesnes \/ VG<\/p>\n<p class=\"_paragraph_o9xde_4 _paragraph_xtcu6_10 layout-component text-serif-m layout-normal text-serif-m layout-padded\">Jeg har smakt det hele, og har valgt meg ut noen favoritter fra \u00e5rets f\u00f8rste nyhetsslipp. To av mine utk\u00e5rede viner kommer fra Baden, den kanskje mest spennende tyske regionen for tiden. <\/p>\n<p class=\"_paragraph_o9xde_4 _paragraph_xtcu6_10 layout-component text-serif-m layout-normal text-serif-m layout-padded\">Jeg falt ogs\u00e5 pladask for to franske r\u00f8de: En fra Rh\u00f4ne og en fra Burgund. Portugal er som vanlig med p\u00e5 listen, det samme er nabolandet Spania som overrasker stort med en superbillig sak laget av en danske.\u00a0<\/p>\n<p class=\"_paragraph_o9xde_4 _paragraph_xtcu6_10 layout-component text-serif-m layout-normal text-serif-m layout-padded\">I min neste vinsak skriver jeg om en flere str\u00e5lende nyheter fra Portugal, disse vil du ikke g\u00e5 glipp av. Det kommer ogs\u00e5 en bra Bordeaux, samt spennende saker fra \u00abdet nye Spania\u00bb.\u00a0<\/p>\n<p class=\"_paragraph_o9xde_4 _paragraph_xtcu6_10 layout-component text-serif-m layout-normal text-serif-m layout-padded\"><strong class=\"_strong_o9xde_25\">PSST! Husk at du finner alle Saras anmeldte viner p\u00e5\u00a0<a href=\"https:\/\/www.vg.no\/vin\" class=\"_link_o9xde_39\" rel=\"nofollow noopener\" target=\"_blank\">vg.no\/vin<\/a>.<\/strong><\/p>\n","protected":false},"excerpt":{"rendered":"Ukensvintips Jeg har smakt meg gjennom Vinmonopolets januarslipp. Her er seks du ogs\u00e5 b\u00f8r smake. VGs vinekspert. Utdannet&hellip;\n","protected":false},"author":2,"featured_media":136833,"comment_status":"","ping_status":"","sticky":false,"template":"","format":"standard","meta":{"footnotes":""},"categories":[12],"tags":[20,21,24,25,15,22,23,13,30,28,29,14,16,592,26,27,42,591,590,43,44,45],"class_list":{"0":"post-136832","1":"post","2":"type-post","3":"status-publish","4":"format-standard","5":"has-post-thumbnail","7":"category-verden","8":"tag-breaking-news","9":"tag-breakingnews","10":"tag-featured-news","11":"tag-featurednews","12":"tag-headlines","13":"tag-latest-news","14":"tag-latestnews","15":"tag-news","16":"tag-no","17":"tag-norge","18":"tag-norway","19":"tag-nyheter","20":"tag-overskrifter","21":"tag-sara-doscher","22":"tag-top-stories","23":"tag-topstories","24":"tag-verden","25":"tag-vin","26":"tag-vintips","27":"tag-world","28":"tag-world-news","29":"tag-worldnews"},"share_on_mastodon":{"url":"https:\/\/pubeurope.com\/@no\/115892626850740707","error":""},"_links":{"self":[{"href":"https:\/\/www.europesays.com\/no\/wp-json\/wp\/v2\/posts\/136832","targetHints":{"allow":["GET"]}}],"collection":[{"href":"https:\/\/www.europesays.com\/no\/wp-json\/wp\/v2\/posts"}],"about":[{"href":"https:\/\/www.europesays.com\/no\/wp-json\/wp\/v2\/types\/post"}],"author":[{"embeddable":true,"href":"https:\/\/www.europesays.com\/no\/wp-json\/wp\/v2\/users\/2"}],"replies":[{"embeddable":true,"href":"https:\/\/www.europesays.com\/no\/wp-json\/wp\/v2\/comments?post=136832"}],"version-history":[{"count":0,"href":"https:\/\/www.europesays.com\/no\/wp-json\/wp\/v2\/posts\/136832\/revisions"}],"wp:featuredmedia":[{"embeddable":true,"href":"https:\/\/www.europesays.com\/no\/wp-json\/wp\/v2\/media\/136833"}],"wp:attachment":[{"href":"https:\/\/www.europesays.com\/no\/wp-json\/wp\/v2\/media?parent=136832"}],"wp:term":[{"taxonomy":"category","embeddable":true,"href":"https:\/\/www.europesays.com\/no\/wp-json\/wp\/v2\/categories?post=136832"},{"taxonomy":"post_tag","embeddable":true,"href":"https:\/\/www.europesays.com\/no\/wp-json\/wp\/v2\/tags?post=136832"}],"curies":[{"name":"wp","href":"https:\/\/api.w.org\/{rel}","templated":true}]}}