{"id":136836,"date":"2026-01-14T08:59:13","date_gmt":"2026-01-14T08:59:13","guid":{"rendered":"https:\/\/www.europesays.com\/no\/136836\/"},"modified":"2026-01-14T08:59:13","modified_gmt":"2026-01-14T08:59:13","slug":"pasienter-ma-svare-for-vold-mot-helsepersonell","status":"publish","type":"post","link":"https:\/\/www.europesays.com\/no\/136836\/","title":{"rendered":"Pasienter m\u00e5 svare for vold mot helsepersonell"},"content":{"rendered":"<p>Frykter store m\u00f8rketall<\/p>\n<p>NSF skrev i et <a href=\"https:\/\/www.norsk-sykepleierforbund.no\/sites\/default\/files\/2022-10\/Statsbudsjett_2023_H%C3%B8ringsnotat_Familie-_og_kulturkomiteen.pdf?utm_source=chatgpt.com\" rel=\"nofollow noopener\" target=\"_blank\">h\u00f8ringsnotat <\/a>i 2023 at statistikken om sykepleiere som utsettes for vold og trusler, kan skjule store m\u00f8rketall fordi mange ikke melder fra.<\/p>\n<p>\u2013 Mange sykepleiere registrerer ikke hendelsene \u2013 delvis fordi de er s\u00e5 presset p\u00e5 tid at avviksmeldinger nedprioriteres, og delvis fordi enkelte ikke melder ifra hvis ikke voldshendelsen ga umiddelbar skade eller sykefrav\u00e6r, sier Larsen.<\/p>\n<p>Hun mener det kan bety at arbeidsgivere og myndigheter historisk sett har undervurdert problemet og dermed heller ikke iverksatt nok forebyggende tiltak.<\/p>\n<p>\u2013 F\u00f8rst de senere \u00e5rene, med nye krav i arbeidsmilj\u00f8forskriftene i 2017 og \u00f8kt fokus fra Arbeidstilsynet og vernetjenesten, har rapporteringen blitt bedre. Bedre rapportering kan v\u00e6re medvirkende til at tallene \u00f8ker.\u00a0<\/p>\n<p>\u2013 Kan v\u00e6re et symptom p\u00e5 en presset helsetjeneste<\/p>\n<p>\u2013 Med sykepleiermangel og d\u00e5rlig \u00f8konomi, samt at flere f\u00e5r demens: Hvordan kan man unng\u00e5 at sykepleiere og andre som skal hjelpe, ikke blir utsatt for vold?<\/p>\n<p><strong>\u00a0\u2013 <\/strong>Tilstrekkelig bemanning med kompetent personell, samt tid til \u00e5 skape relasjon med pasientene, vil v\u00e6re med p\u00e5 \u00e5 kunne forebygge slike hendelser. Utagering og vold kan v\u00e6re et symptom p\u00e5 en presset helsetjeneste, der omsorg og medmenneskelig interaksjon m\u00e5 vike for praktiske oppgaver som m\u00e5 gjennomf\u00f8res, svarer Larsen.<\/p>\n<p>Hun er imidlertid tydelig p\u00e5 at sykepleiere ikke skal akseptere vold som en del av jobben.<\/p>\n<p>F\u00e5 saker<\/p>\n<p>\u2013 F\u00e5r NSF mange henvendelser fra sykepleiere som er redd for \u00e5 g\u00e5 p\u00e5 jobb etter vold og trusler?<\/p>\n<p>\u2013 Det er sjelden NSFs advokater f\u00e5r saker som omhandler vold mot et medlem, men det forekommer. Det er som regel plasstillitvalgt og hovedtillitsvalgt som bist\u00e5r medlemmer i disse sakene, sammen med arbeidsgiver. Arbeidsgiver er den som m\u00e5 ta ansvar n\u00e5r slike situasjoner oppst\u00e5r, b\u00e5de for oppf\u00f8lging og for \u00e5 igangsette tiltak for at voldshendelser ikke skal skje igjen, sier Larsen.<\/p>\n<p>Det er ogs\u00e5 arbeidsgiver som skal f\u00f8lge opp ansatte som har blitt utsatt for vold.<\/p>\n<p>\u2013 Oppf\u00f8lgingen skal omfatte b\u00e5de den fysiske og psykiske belastningen som hendelsen kan ha medf\u00f8rt, sier Larsen.<\/p>\n<p>Eksempler p\u00e5 st\u00f8tte kan v\u00e6re samtaler med leder eller en kollega, hjelp fra bedriftshelsetjenesten og oppf\u00f8lging med kvalifisert helsepersonell for \u00e5 h\u00e5ndtere psykiske senvirkninger som stress, frykt eller psykisk uhelse.\u00a0<\/p>\n<p>\u2013 Jeg vil ogs\u00e5 understreke betydningen en hendelse med vold eller trusler kan f\u00e5 for kollegene og arbeidsmilj\u00f8et. Det er derfor ikke bare den utsatte som m\u00e5 f\u00f8lges opp.<\/p>\n<p>\u2013 Meld som yrkesskade<\/p>\n<p>Larsen sier at arbeidsgivere etter en voldshendelse b\u00f8r gjennomf\u00f8re en grundig risikovurdering for \u00e5 identifisere \u00e5rsaker og sette i gang tiltak for \u00e5 hindre at det skjer igjen.<\/p>\n<p>\u2013 Ved personskade skal arbeidsgiver varsle Arbeidstilsynet og politiet. Vold og trusler er straffbare handlinger som b\u00f8r anmeldes, uavhengig av pasientens helsetilstand. Helsepersonell som har v\u00e6rt utsatt for vold, b\u00f8r ogs\u00e5 melde dette som yrkesskade, r\u00e5der hun.<\/p>\n","protected":false},"excerpt":{"rendered":"Frykter store m\u00f8rketall NSF skrev i et h\u00f8ringsnotat i 2023 at statistikken om sykepleiere som utsettes for vold&hellip;\n","protected":false},"author":2,"featured_media":136837,"comment_status":"","ping_status":"","sticky":false,"template":"","format":"standard","meta":{"footnotes":""},"categories":[5],"tags":[20,21,24,25,15,19,22,23,17,18,13,30,28,29,14,16,26,27],"class_list":{"0":"post-136836","1":"post","2":"type-post","3":"status-publish","4":"format-standard","5":"has-post-thumbnail","7":"category-overskrifter","8":"tag-breaking-news","9":"tag-breakingnews","10":"tag-featured-news","11":"tag-featurednews","12":"tag-headlines","13":"tag-hovedoppslag","14":"tag-latest-news","15":"tag-latestnews","16":"tag-main-news","17":"tag-mainnews","18":"tag-news","19":"tag-no","20":"tag-norge","21":"tag-norway","22":"tag-nyheter","23":"tag-overskrifter","24":"tag-top-stories","25":"tag-topstories"},"share_on_mastodon":{"url":"https:\/\/pubeurope.com\/@no\/115892634383725344","error":""},"_links":{"self":[{"href":"https:\/\/www.europesays.com\/no\/wp-json\/wp\/v2\/posts\/136836","targetHints":{"allow":["GET"]}}],"collection":[{"href":"https:\/\/www.europesays.com\/no\/wp-json\/wp\/v2\/posts"}],"about":[{"href":"https:\/\/www.europesays.com\/no\/wp-json\/wp\/v2\/types\/post"}],"author":[{"embeddable":true,"href":"https:\/\/www.europesays.com\/no\/wp-json\/wp\/v2\/users\/2"}],"replies":[{"embeddable":true,"href":"https:\/\/www.europesays.com\/no\/wp-json\/wp\/v2\/comments?post=136836"}],"version-history":[{"count":0,"href":"https:\/\/www.europesays.com\/no\/wp-json\/wp\/v2\/posts\/136836\/revisions"}],"wp:featuredmedia":[{"embeddable":true,"href":"https:\/\/www.europesays.com\/no\/wp-json\/wp\/v2\/media\/136837"}],"wp:attachment":[{"href":"https:\/\/www.europesays.com\/no\/wp-json\/wp\/v2\/media?parent=136836"}],"wp:term":[{"taxonomy":"category","embeddable":true,"href":"https:\/\/www.europesays.com\/no\/wp-json\/wp\/v2\/categories?post=136836"},{"taxonomy":"post_tag","embeddable":true,"href":"https:\/\/www.europesays.com\/no\/wp-json\/wp\/v2\/tags?post=136836"}],"curies":[{"name":"wp","href":"https:\/\/api.w.org\/{rel}","templated":true}]}}