{"id":136838,"date":"2026-01-14T09:08:11","date_gmt":"2026-01-14T09:08:11","guid":{"rendered":"https:\/\/www.europesays.com\/no\/136838\/"},"modified":"2026-01-14T09:08:11","modified_gmt":"2026-01-14T09:08:11","slug":"oligark-forsvant-diplomat-funnet-dod","status":"publish","type":"post","link":"https:\/\/www.europesays.com\/no\/136838\/","title":{"rendered":"Oligark forsvant &#8211; diplomat funnet d\u00f8d"},"content":{"rendered":"<p>    Torsdag ble en russisk diplomat funnet d\u00f8d p\u00e5 Kypros. Dagen f\u00f8r ble en russisk oligark meldt savnet fra middelhavs\u00f8ya.<\/p>\n<p>\n    FUNNET D\u00d8D: En russisk diplomat ble funnet d\u00f8d p\u00e5 kontoret sitt i den russiske ambassaden i Nicosia torsdag i forrige uke. Foto: Valentinos Loucaides \/ Shutterstock \/ NTB\n  <\/p>\n<p>Den russiske diplomaten A.V Panov ble funnet d\u00f8d i forrige uke, heter det <a href=\"https:\/\/t.me\/rusembcy\/2941\" rel=\"nofollow\">i en uttalelse<\/a> fra den russiske ambassaden p\u00e5 Kypros.\u00a0<\/p>\n<p>Ambassaden beskriver det hele som \u00aben personlig tragedie for hans familie\u00bb, og hevder at d\u00f8ds\u00e5rsaken er selvmord.\u00a0<\/p>\n<p class=\"font-weight-bold m-font-weight-bold\" data-lab-font_weight=\"font-weight-bold\">Panov skal ha etterlatt seg et avskjedsbrev, men det skal ambassaden ha nektet \u00e5 utlevere til kypriotisk politi, skriver <a href=\"https:\/\/www.themoscowtimes.com\/2026\/01\/12\/russian-embassy-employee-in-cyprus-found-dead-a91650\" rel=\"nofollow noopener\" target=\"_blank\">The Moscow Times.\u00a0<\/a><\/p>\n<p>Ansatte ved ambassaden skal ogs\u00e5 ha nektet etterforskere tilgang til \u00e5stedet. Panov skal ha blitt funnet d\u00f8d p\u00e5 ambassadekontoret sitt.<\/p>\n<p>    <a itemprop=\"url\" href=\"https:\/\/borsen.dagbladet.no\/nyheter\/mystiske-dodsfall-pafallende-mange\/81124503\" rel=\"nofollow noopener\" target=\"_blank\"><\/p>\n<p>        <img loading=\"lazy\" decoding=\"async\" src=\"https:\/\/www.europesays.com\/no\/wp-content\/uploads\/2026\/01\/81126813.webp.webp\" width=\"980\" height=\"441\" title=\"Mystiske d\u00f8dsfall: - P\u00e5fallende mange\" alt=\"\" class=\"lazyload\" style=\"--aspect-ratio-image: 2.22; \"\/><\/p>\n<p>        Mystiske d\u00f8dsfall: &#8211; P\u00e5fallende mange<\/p>\n<p>    <\/a><\/p>\n<p>Mistenkelige d\u00f8dsfall\t<\/p>\n<p>D\u00f8dsfallet til Panov f\u00f8yer seg inn i en lang rekke av profilerte russiske d\u00f8dsfall, som det i mange tilfeller er uklare omstendigheter rundt.<\/p>\n<p>Siden Russland invaderte Ukraina har det v\u00e6rt s\u00e5pass mange framtredende russere som har falt ut av vinduer, eller d\u00f8dd under andre mer eller mindre mistenkelige omstendigheter, at det har vakt betydelig oppmerksomhet.\u00a0<\/p>\n<p class=\"font-weight-bold m-font-weight-bold\" data-lab-font_weight=\"font-weight-bold\"> Fenomenet har blitt s\u00e5pass mye omtalt at det er laget en Wikipedia-side som heter\u00a0<a href=\"https:\/\/en.wikipedia.org\/wiki\/Suspicious_deaths_of_notable_Russians_(2022%E2%80%932024)\" rel=\"nofollow noopener\" target=\"_blank\">\u00abMistenkelige d\u00f8dsfall blant russiske forretningsfolk\u00bb.<\/a>\u00a0Den lista teller n\u00e5 102 navn.<\/p>\n<p>B\u00f8rsen kan ikke fastsl\u00e5 at det ligger noe kriminelt bak d\u00f8dsfallene, men flere av dem har f\u00e5tt bred presseomtale p\u00e5 grunn av omstendighetene.<\/p>\n<p>    <a itemprop=\"url\" href=\"https:\/\/borsen.dagbladet.no\/nyheter\/toppokonom-falt-ut-av-vindu\/81716765\" rel=\"nofollow noopener\" target=\"_blank\"><\/p>\n<p>        <img loading=\"lazy\" decoding=\"async\" src=\"https:\/\/www.europesays.com\/no\/wp-content\/uploads\/2026\/01\/81716902.webp.webp\" width=\"980\" height=\"441\" title=\"Topp\u00f8konom \u00abfalt ut av vindu\u00bb\" alt=\"\" class=\"lazyload\" style=\"--aspect-ratio-image: 2.22; \"\/><\/p>\n<p>        Topp\u00f8konom \u00abfalt ut av vindu\u00bb<\/p>\n<p>    <\/a><\/p>\n<p>Oligark meldt savnet\t<\/p>\n<p>Panovs d\u00f8dsfall er ikke det eneste som vekker oppmerksomhet p\u00e5 Kypros akkurat n\u00e5. Dagen f\u00f8r diplomaten ble funnet d\u00f8d forsvant den 53 \u00e5r gamle russiske oligarken Vladislav Baumgertner.<\/p>\n<p class=\"font-weight-bold m-font-weight-bold\" data-lab-font_weight=\"font-weight-bold\">Han forlot hjemmet sitt i Limassol 7. januar, kledd i svarte shorts og svart t-skjorte. Siden har han verken svart p\u00e5 telefonen eller kommet hjem, skriver <a href=\"https:\/\/meduza.io\/en\/feature\/2026\/01\/13\/ceo-vladislav-baumgertner-is-missing\" rel=\"nofollow noopener\" target=\"_blank\">Meduza.<\/a><\/p>\n<p>Leteaksjonen startet 10. januar, med redningsmannskap, politi og frivillige. Politihelikopter og droner ble satt inn. S\u00f8ket har v\u00e6rt konsentrert rundt det krevende terrenget n\u00e6r landsbyen Pissouri, hvor mobiltelefonen hans sist ga signal.<\/p>\n<p>    <a itemprop=\"url\" href=\"https:\/\/borsen.dagbladet.no\/nyheter\/russisk-borstopp-druknet\/81739560\" rel=\"nofollow noopener\" target=\"_blank\"><\/p>\n<p>        <img loading=\"lazy\" decoding=\"async\" src=\"https:\/\/www.europesays.com\/no\/wp-content\/uploads\/2026\/01\/81740738.webp.webp\" width=\"980\" height=\"441\" title=\"Russisk b\u00f8rstopp druknet\" alt=\"\" class=\"lazyload\" style=\"--aspect-ratio-image: 2.22; \"\/><\/p>\n<p>        Russisk b\u00f8rstopp druknet<\/p>\n<p>    <\/a><\/p>\n<p>Tr\u00f8bbel i Belarus\t<\/p>\n<p>Baumgertner var toppsjef i gj\u00f8dselselskapet Uralkali da han i 2013 br\u00f8t samarbeidet med belarussiske Belaruskali. Det utl\u00f8ste en kraftig markedsreaksjon.<\/p>\n<p class=\"font-weight-bold m-font-weight-bold\" data-lab-font_weight=\"font-weight-bold\">&#8211; Det er som om Saudi-Arabia bestemte seg for \u00e5 forlate OPEC. Oljeprisene ville falt umiddelbart, sa trader Dmitrij Ryzhkov i Renaissance Capital til Reuters.<\/p>\n<p>Bruddet var et smertefullt slag for den belarussiske presidenten Aleksandr Lukasjenko. I august 2013 ankom Baumgertner Minsk for forhandlinger med Lukasjenko. Da forhandlingene strandet, ble han p\u00e5grepet av politiet p\u00e5 flyplassen.<\/p>\n<p>&#8211; Denne gutten dukker opp, invitert av statsministeren. Han sitter med beina i kors og begynner \u00e5 stille krav. Han dro, spyttet p\u00e5 regjeringssetet og lo hele veien til flyplassen. Og det var der de fikk ham, sa Lukasjenko senere.<\/p>\n<p>    <a itemprop=\"url\" href=\"https:\/\/borsen.dagbladet.no\/nyheter\/milliardaer-frykter-putins-skjulte-budskap\/82498789\" rel=\"nofollow noopener\" target=\"_blank\"><\/p>\n<p>        <img loading=\"lazy\" decoding=\"async\" src=\"https:\/\/www.europesays.com\/no\/wp-content\/uploads\/2026\/01\/82498907.webp.webp\" width=\"980\" height=\"441\" title=\"Milliard\u00e6r frykter Putins \u00abskjulte budskap\u00bb\" alt=\"\" class=\"lazyload\" style=\"--aspect-ratio-image: 2.22; \"\/><\/p>\n<p>        Milliard\u00e6r frykter Putins \u00abskjulte budskap\u00bb<\/p>\n<p>    <\/a><\/p>\n<p>Dro til Kypros\t<\/p>\n<p>Baumgertner tilbrakte en m\u00e5ned i varetekt, holdt i isolasjon. I slutten av september ble han flyttet til husarrest i en leid leilighet i Minsk. For \u00e5 f\u00e5 ham utlevert iscenesatte Russland sin egen straffesak mot ham, if\u00f8lge en anonym tjenestemann.<\/p>\n<p>Etterforskningen mot Baumgertner ble til slutt henlagt. Han returnerte til n\u00e6ringslivet og ledet blant annet havneselskapet Global Ports. I dag er han oppf\u00f8rt som direkt\u00f8r for HeadOffice, som ble etablert p\u00e5 Kypros i 2020.<\/p>\n<p class=\"font-weight-bold m-font-weight-bold\" data-lab-font_weight=\"font-weight-bold\">Det er uvisst om det er noen kobling mellom Panovs d\u00f8d og Baumgertners forsvinning.<\/p>\n","protected":false},"excerpt":{"rendered":"Torsdag ble en russisk diplomat funnet d\u00f8d p\u00e5 Kypros. Dagen f\u00f8r ble en russisk oligark meldt savnet fra&hellip;\n","protected":false},"author":2,"featured_media":136839,"comment_status":"","ping_status":"","sticky":false,"template":"","format":"standard","meta":{"footnotes":""},"categories":[12],"tags":[20,21,24,25,15,14182,22,23,13,30,28,29,14,16,188,26,27,42,186,43,44,45],"class_list":{"0":"post-136838","1":"post","2":"type-post","3":"status-publish","4":"format-standard","5":"has-post-thumbnail","7":"category-verden","8":"tag-breaking-news","9":"tag-breakingnews","10":"tag-featured-news","11":"tag-featurednews","12":"tag-headlines","13":"tag-kypros","14":"tag-latest-news","15":"tag-latestnews","16":"tag-news","17":"tag-no","18":"tag-norge","19":"tag-norway","20":"tag-nyheter","21":"tag-overskrifter","22":"tag-russland","23":"tag-top-stories","24":"tag-topstories","25":"tag-verden","26":"tag-vladimir-putin","27":"tag-world","28":"tag-world-news","29":"tag-worldnews"},"share_on_mastodon":{"url":"https:\/\/pubeurope.com\/@no\/115892669992828448","error":""},"_links":{"self":[{"href":"https:\/\/www.europesays.com\/no\/wp-json\/wp\/v2\/posts\/136838","targetHints":{"allow":["GET"]}}],"collection":[{"href":"https:\/\/www.europesays.com\/no\/wp-json\/wp\/v2\/posts"}],"about":[{"href":"https:\/\/www.europesays.com\/no\/wp-json\/wp\/v2\/types\/post"}],"author":[{"embeddable":true,"href":"https:\/\/www.europesays.com\/no\/wp-json\/wp\/v2\/users\/2"}],"replies":[{"embeddable":true,"href":"https:\/\/www.europesays.com\/no\/wp-json\/wp\/v2\/comments?post=136838"}],"version-history":[{"count":0,"href":"https:\/\/www.europesays.com\/no\/wp-json\/wp\/v2\/posts\/136838\/revisions"}],"wp:featuredmedia":[{"embeddable":true,"href":"https:\/\/www.europesays.com\/no\/wp-json\/wp\/v2\/media\/136839"}],"wp:attachment":[{"href":"https:\/\/www.europesays.com\/no\/wp-json\/wp\/v2\/media?parent=136838"}],"wp:term":[{"taxonomy":"category","embeddable":true,"href":"https:\/\/www.europesays.com\/no\/wp-json\/wp\/v2\/categories?post=136838"},{"taxonomy":"post_tag","embeddable":true,"href":"https:\/\/www.europesays.com\/no\/wp-json\/wp\/v2\/tags?post=136838"}],"curies":[{"name":"wp","href":"https:\/\/api.w.org\/{rel}","templated":true}]}}