{"id":136846,"date":"2026-01-14T09:16:12","date_gmt":"2026-01-14T09:16:12","guid":{"rendered":"https:\/\/www.europesays.com\/no\/136846\/"},"modified":"2026-01-14T09:16:12","modified_gmt":"2026-01-14T09:16:12","slug":"trafikkulykke-e18-bil-kolliderte-med-autovernet-pa-e18-ved-lasses-telemarksavisa","status":"publish","type":"post","link":"https:\/\/www.europesays.com\/no\/136846\/","title":{"rendered":"Trafikkulykke, E18 | Bil kolliderte med autovernet p\u00e5 E18 ved Lasses &#8211; Telemarksavisa"},"content":{"rendered":"<ol>\n<li><a href=\"https:\/\/news.google.com\/rss\/articles\/CBMihwFBVV95cUxQWnZSbUxSMnJfMWF1LXdEQmY2UnVwenNyUFZLMDFLT0c5Y2tIS3NYNWVQaDFId1UwQVBmUUxwb0ctUDhzbXhWMmVDZzF1UTQ5eW9kT3MxSVhWQ181MFpkai1sQTJ6WXhGbzJZSVMwLXNfU1R5TmFJTXU5dlhMYlJGZ3Nfc1BheFE?oc=5\" target=\"_blank\" rel=\"nofollow noopener\">Trafikkulykke, E18 | Bil kolliderte med autovernet p\u00e5 E18 ved Lasses<\/a>&nbsp;&nbsp;Telemarksavisa<\/li>\n<li><a href=\"https:\/\/news.google.com\/rss\/articles\/CBMipAFBVV95cUxOU0FETUFwMC1hMVFPOWVqeWtvaUw2TkRpUGpsdjIxTXZxN0JwTWc4X1VoX1NmeW1rZlFiZGU2bXdoTmxXRldkeFNBdVJLWlUweUtqSkhTZW4xNnhvQm9IWjlVZ2Rrd19ObkN2a0dEZ2NfajFWSlBfVFlDTkU3MW1CRTk2V2dYMHAxZGkxM2xYNUJEVlhDblpKX2NwVDBMUjNud29VbA?oc=5\" target=\"_blank\" rel=\"nofollow noopener\">Hendelser, Bamble | Slik s\u00e5 bilen ut etter ulykken p\u00e5 E18 &#8211; \u00e9n person til sykehus<\/a>&nbsp;&nbsp;Aust-Agder Blad<\/li>\n<li><a href=\"https:\/\/news.google.com\/rss\/articles\/CBMihgFBVV95cUxNTUNSN2c1eWhvMzRNcno2R2NjOXh6WWRhNE1QZU84YVN6N3U4TkxVdVR5TnV2RnYzb3g4dXY1dnpnelM1Nnk5QlhFOEZHRDlocWE4QVB5elU3aFBkQUREY2R6VEtQUWNwS2p1b2JkR29seDExNEV5ZGUzaTRvUDZBamRBZ092Zw?oc=5\" target=\"_blank\" rel=\"nofollow noopener\">Trafikkulykke p\u00e5 E18 \u2013 krasjet i autovern<\/a>&nbsp;&nbsp;varden.no<\/li>\n<li><a href=\"https:\/\/news.google.com\/rss\/articles\/CBMiowFBVV95cUxNS3hCZkRZd18wdExia3Bwb0cwMmZsRXQ1aDR6d3FrTVMwVk1OWm9icE5KbXp5WFNydnVmTEZfc3F3OGFmcVZOd3AyWmhJaTZqeV9OTW1VcXJFdlNObEdGQ01OQy1ibmxDcm54UEJFQXZpOGM4TlFON2FyZUR4UHVCWDFlMmpvTWRRN1FDRl9FY3k1bFJKUGFKd0o3YjdOT19EWWZN?oc=5\" target=\"_blank\" rel=\"nofollow noopener\">Nyheter, Grenland brann og redning IKS | Kommer med sterk oppfordring til bilistene: \u2013 Vi f\u00f8ler oss sv\u00e6rt utsatt<\/a>&nbsp;&nbsp;Telemarksavisa<\/li>\n<li><a href=\"https:\/\/news.google.com\/rss\/articles\/CBMiiwFBVV95cUxNTFh0bjVhZ1ZVWVUxZW5UWlF2cHE2WWNKLVJPQWZSQjJyOHhHdzA0MjJrcXY5ZWxNQ3ByNWhWRFcyM29nc24wUndKRnFnazQzY2lCT0dOMW13UFdvMTd0WjREbkdvaXZKZmlJeERTemZ6cmVvMGpPRHpyb0JLZmJPYkFYYjYzdWxvalFB?oc=5\" target=\"_blank\" rel=\"nofollow noopener\">Brannvesenet kritiserer oppf\u00f8rselen: \u2013 Vi merker det p\u00e5 kroppen<\/a>&nbsp;&nbsp;varden.no<\/li>\n<\/ol>\n","protected":false},"excerpt":{"rendered":"Trafikkulykke, E18 | Bil kolliderte med autovernet p\u00e5 E18 ved Lasses&nbsp;&nbsp;Telemarksavisa Hendelser, Bamble | Slik s\u00e5 bilen ut&hellip;\n","protected":false},"author":2,"featured_media":136847,"comment_status":"","ping_status":"","sticky":false,"template":"","format":"standard","meta":{"footnotes":""},"categories":[10],"tags":[20,21,24,25,15,22,23,13,30,28,29,14,16,26,27],"class_list":{"0":"post-136846","1":"post","2":"type-post","3":"status-publish","4":"format-standard","5":"has-post-thumbnail","7":"category-norge","8":"tag-breaking-news","9":"tag-breakingnews","10":"tag-featured-news","11":"tag-featurednews","12":"tag-headlines","13":"tag-latest-news","14":"tag-latestnews","15":"tag-news","16":"tag-no","17":"tag-norge","18":"tag-norway","19":"tag-nyheter","20":"tag-overskrifter","21":"tag-top-stories","22":"tag-topstories"},"share_on_mastodon":{"url":"https:\/\/pubeurope.com\/@no\/115892701291122176","error":""},"_links":{"self":[{"href":"https:\/\/www.europesays.com\/no\/wp-json\/wp\/v2\/posts\/136846","targetHints":{"allow":["GET"]}}],"collection":[{"href":"https:\/\/www.europesays.com\/no\/wp-json\/wp\/v2\/posts"}],"about":[{"href":"https:\/\/www.europesays.com\/no\/wp-json\/wp\/v2\/types\/post"}],"author":[{"embeddable":true,"href":"https:\/\/www.europesays.com\/no\/wp-json\/wp\/v2\/users\/2"}],"replies":[{"embeddable":true,"href":"https:\/\/www.europesays.com\/no\/wp-json\/wp\/v2\/comments?post=136846"}],"version-history":[{"count":0,"href":"https:\/\/www.europesays.com\/no\/wp-json\/wp\/v2\/posts\/136846\/revisions"}],"wp:featuredmedia":[{"embeddable":true,"href":"https:\/\/www.europesays.com\/no\/wp-json\/wp\/v2\/media\/136847"}],"wp:attachment":[{"href":"https:\/\/www.europesays.com\/no\/wp-json\/wp\/v2\/media?parent=136846"}],"wp:term":[{"taxonomy":"category","embeddable":true,"href":"https:\/\/www.europesays.com\/no\/wp-json\/wp\/v2\/categories?post=136846"},{"taxonomy":"post_tag","embeddable":true,"href":"https:\/\/www.europesays.com\/no\/wp-json\/wp\/v2\/tags?post=136846"}],"curies":[{"name":"wp","href":"https:\/\/api.w.org\/{rel}","templated":true}]}}