{"id":136850,"date":"2026-01-14T09:19:19","date_gmt":"2026-01-14T09:19:19","guid":{"rendered":"https:\/\/www.europesays.com\/no\/136850\/"},"modified":"2026-01-14T09:19:19","modified_gmt":"2026-01-14T09:19:19","slug":"kristine-arntzen-om-barn-endometriose-og-pinlig-solariumshistorie","status":"publish","type":"post","link":"https:\/\/www.europesays.com\/no\/136850\/","title":{"rendered":"Kristine Arntzen om barn, endometriose og pinlig solariumshistorie"},"content":{"rendered":"<p class=\"kicker t20\" style=\"\">Kristine Arntzen:<\/p>\n<p>    Influenseren \u00e5pner opp om tanker rundt barn og hvordan hun fikk jobb av \u00e5 ta solarium naken med \u00e5pen d\u00f8r.<\/p>\n<p>\n    \u00abFARMEN\u00bb 2026: Kristine Arntzen er \u00e5 se flere dager i uken p\u00e5 TV 2s nyeste sesong av \u00abFarmen Kjendis\u00bb. Foto: Andreas Fadum\/Se og H\u00f8r\n  <\/p>\n<p>I den nyeste episoden av <a href=\"https:\/\/podimo.com\/no\/shows\/raning-med-tone?episode=0bd84514-18f1-460c-86ec-a688e4e4d5f6&amp;utm_shared=true\" rel=\"nofollow noopener\" target=\"_blank\">\u00abR\u00e5ning med Tone\u00bb<\/a> f\u00e5r Tone Damli (37) bes\u00f8k av den \u00abFarmen\u00bb-aktuelle influenseren Kristine Arntzen (29).<\/p>\n<p>    <a itemprop=\"url\" href=\"https:\/\/www.seher.no\/kjendis\/trekker-seg-fra-farmen-kjendis\/84084561\" rel=\"nofollow noopener\" target=\"_blank\"><\/p>\n<p>        <img loading=\"lazy\" decoding=\"async\" src=\"https:\/\/www.europesays.com\/no\/wp-content\/uploads\/2026\/01\/84055679.webp.webp\" width=\"980\" height=\"441\" title=\"N\u00c5: Trekker seg\" alt=\"\" class=\"lazyload\" style=\"--aspect-ratio-image: 2.22; \"\/><\/p>\n<p>        N\u00c5: Trekker seg<\/p>\n<p>    <\/a><\/p>\n<p> I episoden \u00e5pner 29-\u00e5ringen opp om at hun ikke \u00f8nsker seg barn, og hvordan en naken solariumshistorie hos \u00abBrun og Blid\u00bb sikret henne jobb i radio.<\/p>\n<p>Influenseren r\u00f8per at hun jobbet en periode i barnehage etter endte studier, men innr\u00f8mmer at det ikke var dr\u00f8mmejobben.<\/p>\n<p>        ROMANSERYKTER: Sondre Sundby har endelig f\u00e5tt seg kj\u00e6reste, men r\u00f8per at dama kan bli sjalu p\u00e5 forholdet hans til \u00abFarmen kjendis\u00bb-kollegaen. Reporter: Thea Hope\/Nora Skavhaug. Video: Sanne Holt\/ TV 2\/ R\u00f8d L\u00f8per<\/p>\n<p>&#8211; For \u00e5 si det s\u00e5nn, jeg syns at de fortjener h\u00f8yere l\u00f8nn der, sier Arntzen i podkasten.<\/p>\n<p> Hun har stor respekt for barnehageansatte, men innr\u00f8mmer at jobben var krevende fordi hun ikke er noen \u00abbarneperson\u00bb og ikke \u00f8nsker egne barn. <\/p>\n<p>Har endometriose\t<\/p>\n<p>Arntzen forteller at hun alltid har v\u00e6rt litt skeptisk til \u00e5 f\u00e5 barn, men at diagnosen endometriose har gjort situasjonen enda mer komplisert.<\/p>\n<p>        <img loading=\"lazy\" decoding=\"async\" src=\"https:\/\/www.europesays.com\/no\/wp-content\/uploads\/2026\/01\/84095120.webp.webp\" width=\"686\" height=\"467\" title=\"100 \u00c5R TILBAKE: Sammen med Arntzen p\u00e5 g\u00e5rden var blant andre Sondre Sundby og Karsten Blomvik. Foto: Andreas Fadum\/Se og H\u00f8r\" alt=\"\" class=\"\" style=\"--aspect-ratio-image: 1.47; \"\/><\/p>\n<p>\n        100 \u00c5R TILBAKE: Sammen med Arntzen p\u00e5 g\u00e5rden var blant andre Sondre Sundby og Karsten Blomvik. Foto: Andreas Fadum\/Se og H\u00f8r\n    <\/p>\n<p class=\"font-weight-bold m-font-weight-bold\" data-lab-font_weight=\"font-weight-bold\">&#8211; Jeg har f\u00e5tt beskjed om at hvis jeg skal ha barn, s\u00e5 m\u00e5 jeg mest sannsynlig operere. Og det har aldri v\u00e6rt noe problem. Men at det er litt tr\u00f8bbel rundt det \u00e5 f\u00e5 barn, gj\u00f8r kanskje at jeg har holdt det enda mer p\u00e5 avstand, forklarer hun.<\/p>\n<p>    <a itemprop=\"url\" href=\"https:\/\/www.seher.no\/kjendis\/disse-deltar-veldig-nytt-for-meg\/83896061\" rel=\"nofollow noopener\" target=\"_blank\"><\/p>\n<p>        <img loading=\"lazy\" decoding=\"async\" src=\"https:\/\/www.europesays.com\/no\/wp-content\/uploads\/2026\/01\/1768382354_336_83634989.webp.webp\" width=\"980\" height=\"441\" title=\"Disse deltar: - Veldig nytt for meg\" alt=\"\" class=\"lazyload\" style=\"--aspect-ratio-image: 2.22; \"\/><\/p>\n<p>        Disse deltar: &#8211; Veldig nytt for meg<\/p>\n<p>    <\/a><\/p>\n<p>Som singel tenker hun p\u00e5 hvordan dette kan p\u00e5virke fremtidige forhold, men innr\u00f8mmer ogs\u00e5 at hun er god p\u00e5 \u00e5 stenge f\u00f8lelser ute og skyve det ubehagelige vekk fra seg.<\/p>\n<p>&#8211; Hva hvis jeg blir forelsket i noen som vil ha barn? Det kommer kanskje til \u00e5 bli litt utfordringer rundt det, sier hun.<\/p>\n<p>        ANGSTANFALL: Det ble en dramatisk start p\u00e5 \u00abFarmen kjendis\u00bb-oppholdet for komiker Jonas Lihaug Fredriksen. Reporter: Nora Skavhaug. Video: Sanne Holt\/ TV 2\/ R\u00f8d L\u00f8per<\/p>\n<p>Samtidig holder hun d\u00f8ren \u00e5pen for at ting kan endre seg og at man aldri skal si aldri.<\/p>\n<p>Naken i solarium\t<\/p>\n<p>Senere i podkastepisoden avsl\u00f8rer Arntzen hvordan en pinlig solarium-opplevelse hjalp henne med \u00e5 kapre jobben i Radio NRJ, n\u00e5 kalt <a href=\"https:\/\/www.lydenavnorge.no\/p12\/\" rel=\"nofollow noopener\" target=\"_blank\">P12 Hitmix<\/a>.<\/p>\n<p>        <img loading=\"lazy\" decoding=\"async\" src=\"https:\/\/www.europesays.com\/no\/wp-content\/uploads\/2026\/01\/84095127.webp.webp\" width=\"686\" height=\"488\" title=\"\u00c5RETS FORPAKTERE: Disse kjendisene lever 100 \u00e5r tilbake i tid p\u00e5 TV-skjermen de neste ukene. Dorthe Skappel er programleder. Foto: Andreas Fadum\/Se og H\u00f8r\" alt=\"\" class=\"\" style=\"--aspect-ratio-image: 1.41; \"\/><\/p>\n<p>\n        \u00c5RETS FORPAKTERE: Disse kjendisene lever 100 \u00e5r tilbake i tid p\u00e5 TV-skjermen de neste ukene. Dorthe Skappel er programleder. Foto: Andreas Fadum\/Se og H\u00f8r\n    <\/p>\n<p>For noen \u00e5r siden bestemte hun seg for \u00e5 ta solarium p\u00e5 \u00abBrun og Blid\u00bb hvor m\u00e5let var \u00e5 f\u00e5 en jevn brunfarge uten skiller. Derfor solte hun seg alltid helt naken.<\/p>\n<p>    <a itemprop=\"url\" href=\"https:\/\/www.seher.no\/kjendis\/var-sliten-i-flere-dager\/83189081\" rel=\"nofollow noopener\" target=\"_blank\"><\/p>\n<p>        <img loading=\"lazy\" decoding=\"async\" src=\"https:\/\/www.europesays.com\/no\/wp-content\/uploads\/2026\/01\/83195161.webp.webp\" width=\"980\" height=\"441\" title=\"- Var sliten i flere dager\" alt=\"\" class=\"lazyload\" style=\"--aspect-ratio-image: 2.22; \"\/><\/p>\n<p>        &#8211; Var sliten i flere dager<\/p>\n<p>    <\/a><\/p>\n<p>Influenseren ligger og soler seg mens hun rapper og synger til musikken hun h\u00f8rer p\u00e5, n\u00e5r hun plutselig kjenner en h\u00e5nd p\u00e5 skulderen sin. Hun skvetter s\u00e5 kraftig at hun smeller hodet i taket.<\/p>\n<p class=\"font-weight-bold m-font-weight-bold\" data-lab-font_weight=\"font-weight-bold\">\u00c5rsaken er enkel: Hun har glemt \u00e5 lukke d\u00f8ren. Den st\u00e5r derfor p\u00e5 vid gap og alle som g\u00e5r inn og ut av lokalet kan se henne ligge naken i solariet.<\/p>\n<p>        \u00abFARMEN KJENDIS\u00bb: Produksjonen ga deltakerne streng beskjed om dette f\u00f8r de ankom g\u00e5rden. Video: \u00abFarmen kjendis\u00bb\/TV 2, R\u00f8d L\u00f8per\/Nora Skavhaug<\/p>\n<p>Det var denne historien Arntzen valgte \u00e5 bruke da hun s\u00f8kte p\u00e5 jobben i Radio NRJ.<\/p>\n<p> De m\u00e5 \u00e5penbart ha likt historien, for jobben ble hennes og hun jobber der fortsatt den dag i dag.<\/p>\n<p>    <a itemprop=\"url\" href=\"https:\/\/www.seher.no\/kjendis\/farmen-innspilling-rammet\/83679674\" rel=\"nofollow noopener\" target=\"_blank\"><\/p>\n<p>        <img loading=\"lazy\" decoding=\"async\" src=\"https:\/\/www.europesays.com\/no\/wp-content\/uploads\/2026\/01\/83679657.webp.webp\" width=\"980\" height=\"441\" title=\"\u00abFarmen\u00bb-innspilling rammet\" alt=\"\" class=\"lazyload\" style=\"--aspect-ratio-image: 2.22; \"\/><\/p>\n<p>        \u00abFarmen\u00bb-innspilling rammet<\/p>\n<p>    <\/a><\/p>\n<p class=\"italic m-italic\" data-lab-italic=\"italic\">Se og H\u00f8r har fors\u00f8kt \u00e5 kontakte Kristine Arntzen for kommentar.<\/p>\n","protected":false},"excerpt":{"rendered":"Kristine Arntzen: Influenseren \u00e5pner opp om tanker rundt barn og hvordan hun fikk jobb av \u00e5 ta solarium&hellip;\n","protected":false},"author":2,"featured_media":136851,"comment_status":"","ping_status":"","sticky":false,"template":"","format":"standard","meta":{"footnotes":""},"categories":[58],"tags":[15672,71,9467,479,2543,15673,30,28,29,11451,3579,72],"class_list":{"0":"post-136850","1":"post","2":"type-post","3":"status-publish","4":"format-standard","5":"has-post-thumbnail","7":"category-underholdning","8":"tag-brun-og-blid","9":"tag-entertainment","10":"tag-farmen-kjendis","11":"tag-kjendis","12":"tag-kjendisdesken","13":"tag-kristine-arntzen","14":"tag-no","15":"tag-norge","16":"tag-norway","17":"tag-raning-med-tone","18":"tag-tone-damli","19":"tag-underholdning"},"share_on_mastodon":{"url":"https:\/\/pubeurope.com\/@no\/115892713144210726","error":""},"_links":{"self":[{"href":"https:\/\/www.europesays.com\/no\/wp-json\/wp\/v2\/posts\/136850","targetHints":{"allow":["GET"]}}],"collection":[{"href":"https:\/\/www.europesays.com\/no\/wp-json\/wp\/v2\/posts"}],"about":[{"href":"https:\/\/www.europesays.com\/no\/wp-json\/wp\/v2\/types\/post"}],"author":[{"embeddable":true,"href":"https:\/\/www.europesays.com\/no\/wp-json\/wp\/v2\/users\/2"}],"replies":[{"embeddable":true,"href":"https:\/\/www.europesays.com\/no\/wp-json\/wp\/v2\/comments?post=136850"}],"version-history":[{"count":0,"href":"https:\/\/www.europesays.com\/no\/wp-json\/wp\/v2\/posts\/136850\/revisions"}],"wp:featuredmedia":[{"embeddable":true,"href":"https:\/\/www.europesays.com\/no\/wp-json\/wp\/v2\/media\/136851"}],"wp:attachment":[{"href":"https:\/\/www.europesays.com\/no\/wp-json\/wp\/v2\/media?parent=136850"}],"wp:term":[{"taxonomy":"category","embeddable":true,"href":"https:\/\/www.europesays.com\/no\/wp-json\/wp\/v2\/categories?post=136850"},{"taxonomy":"post_tag","embeddable":true,"href":"https:\/\/www.europesays.com\/no\/wp-json\/wp\/v2\/tags?post=136850"}],"curies":[{"name":"wp","href":"https:\/\/api.w.org\/{rel}","templated":true}]}}