{"id":136852,"date":"2026-01-14T09:22:10","date_gmt":"2026-01-14T09:22:10","guid":{"rendered":"https:\/\/www.europesays.com\/no\/136852\/"},"modified":"2026-01-14T09:22:10","modified_gmt":"2026-01-14T09:22:10","slug":"frankrike-vil-apne-konsulat-pa-gronland-6-februar","status":"publish","type":"post","link":"https:\/\/www.europesays.com\/no\/136852\/","title":{"rendered":"Frankrike vil \u00e5pne konsulat p\u00e5 Gr\u00f8nland 6. februar"},"content":{"rendered":"<p class=\"extendedContent hyperion-css-eyn926\" data-test-tag=\"lead-text\">Den franske utenriksministeren sier at Frankrike vil \u00e5pne konsulat p\u00e5 Gr\u00f8nland og ber samtidig USA slutte \u00e5 presse Gr\u00f8nland.<\/p>\n<p class=\"paywall hyperion-css-1j42uic\">\u2013 Frankrike vil \u00e5pne et konsulat p\u00e5 Gr\u00f8nland 6. februar, et tiltak som har v\u00e6rt planlagt siden i fjor, sier Frankrikes utenriksminister Jean-No\u00ebl Barrot onsdag, melder Reuters.<\/p>\n<p class=\"paywall hyperion-css-1j42uic\">Bakgrunnen for dette skal v\u00e6re at USAs president Donald Trumps presser p\u00e5 for \u00e5 ta kontroll over det arktiske territoriet.<\/p>\n<p class=\"paywall hyperion-css-1j42uic\">USA m\u00e5 slutte \u00e5 utpresse Gr\u00f8nland og gi uttrykk for at de \u00f8nsker \u00e5 ta kontroll over det selvstyrte danske territoriet, la han til i et intervju med radiokanalen RTL.<\/p>\n<p class=\"paywall hyperion-css-1j42uic\">\u2013 \u00c5 angripe et annet Nato-medlem ville ikke gi noen mening, det ville til og med v\u00e6re i strid med USAs egne interesser. Og derfor m\u00e5 denne utpressingen \u00e5penbart ta slutt, sier Barrot.<\/p>\n","protected":false},"excerpt":{"rendered":"Den franske utenriksministeren sier at Frankrike vil \u00e5pne konsulat p\u00e5 Gr\u00f8nland og ber samtidig USA slutte \u00e5 presse&hellip;\n","protected":false},"author":2,"featured_media":914,"comment_status":"","ping_status":"","sticky":false,"template":"","format":"standard","meta":{"footnotes":""},"categories":[12],"tags":[20,21,24,25,15,22,23,13,30,28,29,14,16,26,27,42,43,44,45],"class_list":{"0":"post-136852","1":"post","2":"type-post","3":"status-publish","4":"format-standard","5":"has-post-thumbnail","7":"category-verden","8":"tag-breaking-news","9":"tag-breakingnews","10":"tag-featured-news","11":"tag-featurednews","12":"tag-headlines","13":"tag-latest-news","14":"tag-latestnews","15":"tag-news","16":"tag-no","17":"tag-norge","18":"tag-norway","19":"tag-nyheter","20":"tag-overskrifter","21":"tag-top-stories","22":"tag-topstories","23":"tag-verden","24":"tag-world","25":"tag-world-news","26":"tag-worldnews"},"share_on_mastodon":{"url":"https:\/\/pubeurope.com\/@no\/115892724903027036","error":""},"_links":{"self":[{"href":"https:\/\/www.europesays.com\/no\/wp-json\/wp\/v2\/posts\/136852","targetHints":{"allow":["GET"]}}],"collection":[{"href":"https:\/\/www.europesays.com\/no\/wp-json\/wp\/v2\/posts"}],"about":[{"href":"https:\/\/www.europesays.com\/no\/wp-json\/wp\/v2\/types\/post"}],"author":[{"embeddable":true,"href":"https:\/\/www.europesays.com\/no\/wp-json\/wp\/v2\/users\/2"}],"replies":[{"embeddable":true,"href":"https:\/\/www.europesays.com\/no\/wp-json\/wp\/v2\/comments?post=136852"}],"version-history":[{"count":0,"href":"https:\/\/www.europesays.com\/no\/wp-json\/wp\/v2\/posts\/136852\/revisions"}],"wp:featuredmedia":[{"embeddable":true,"href":"https:\/\/www.europesays.com\/no\/wp-json\/wp\/v2\/media\/914"}],"wp:attachment":[{"href":"https:\/\/www.europesays.com\/no\/wp-json\/wp\/v2\/media?parent=136852"}],"wp:term":[{"taxonomy":"category","embeddable":true,"href":"https:\/\/www.europesays.com\/no\/wp-json\/wp\/v2\/categories?post=136852"},{"taxonomy":"post_tag","embeddable":true,"href":"https:\/\/www.europesays.com\/no\/wp-json\/wp\/v2\/tags?post=136852"}],"curies":[{"name":"wp","href":"https:\/\/api.w.org\/{rel}","templated":true}]}}