{"id":136853,"date":"2026-01-14T09:23:16","date_gmt":"2026-01-14T09:23:16","guid":{"rendered":"https:\/\/www.europesays.com\/no\/136853\/"},"modified":"2026-01-14T09:23:16","modified_gmt":"2026-01-14T09:23:16","slug":"e18-sperret-og-stengt-ved-slependen-og-bilbrann","status":"publish","type":"post","link":"https:\/\/www.europesays.com\/no\/136853\/","title":{"rendered":"E18 sperret og stengt ved Slependen \u2013 og bilbrann"},"content":{"rendered":"<p class=\"extendedContent hyperion-css-eyn926\" data-test-tag=\"lead-text\">E18 ved Slependen er sperret og stengt p\u00e5 grunn av en trailer. P\u00e5 samme sted oppsto det en bilbrann.<\/p>\n<p><img decoding=\"async\" class=\"image-asset hyperion-css-u06ts1\" data-test-tag=\"image-asset\" src=\"https:\/\/www.europesays.com\/no\/wp-content\/uploads\/2026\/01\/42f1f923-1c8f-4bed-ac42-7ab6951a5922.jpeg\"  alt=\"Sn\u00f8v\u00e6r gir utfordrende kj\u00f8reforhold onsdag morgen. Her ved E6 ved Furuset retning L\u00f8renskog.\"  loading=\"eager\" fetchpriority=\"high\" style=\"aspect-ratio:800 \/ 600\"\/>Sn\u00f8v\u00e6r gir utfordrende kj\u00f8reforhold onsdag morgen. Her ved E6 ved Furuset retning L\u00f8renskog. Foto: Veikamera\/Statens vegvesen<\/p>\n<p class=\"paywall hyperion-css-1j42uic\">E18 retning Drammen er blokkert ved Slependen. En trailer har sakset og sperrer alle kj\u00f8refelt. N\u00f8detatene er p\u00e5 vei. Det er lagt opp til omkj\u00f8ring via Billingstadsletta. <\/p>\n<p class=\"paywall hyperion-css-1j42uic\">P\u00e5 samme sted oppsto det en brann i en Tesla. Den er n\u00e5 slukket. Trafikken g\u00e5r i ett felt inn mot Oslo. <\/p>\n<p class=\"paywall hyperion-css-1j42uic\">Hos veitrafikksentralen ser de at det g\u00e5r saktere enn normalt i trafikken, men langt fra kaos. <\/p>\n<p class=\"paywall hyperion-css-1j42uic\">\u2013 Det g\u00e5r ganske greit, noe redusert fremkommelighet. Det er litt forsinkelser p\u00e5 vei inn til Oslo p\u00e5 E6 og ellers p\u00e5 grunn av noen vogntog som st\u00e5r, sier Barbro Evensen Venhagen.<\/p>\n<p class=\"paywall hyperion-css-1j42uic\"><strong>Se sanntidsdata om trafikken i Oslo-omr\u00e5det nederst i saken.<\/strong><\/p>\n<p class=\"paywall hyperion-css-1j42uic\">Natt til onsdag var det varslet at det ville bli mye nedb\u00f8r og mildv\u00e6r p\u00e5 dagen, og at det dermed gikk mot vanskelige kj\u00f8reforhold.<\/p>\n<p class=\"paywall hyperion-css-1j42uic\">\u2013 Hvis folk fortsetter \u00e5 holde tempo og sin plass, kommer dette til \u00e5 g\u00e5 helt fint, sier Venhagen onsdag morgen.<\/p>\n<p class=\"paywall hyperion-css-1j42uic\">Natt til onsdag f\u00f8rte ikke v\u00e6rforholdene til store problemer p\u00e5 veiene, men etter hvert som morgentrafikken tok seg opp, kom det flere meldinger om hendelser.<\/p>\n<p>Rekordmange skademelinger<\/p>\n<p class=\"paywall hyperion-css-1j42uic\">Gjensidige har forel\u00f8pig\u00a0registrert 676\u00a0skademeldinger fra trafikken\u00a0mandag, som er den h\u00f8yeste dagregistreringen denne sesongen. Det kommer frem i en pressemelding fra forsikringsselskapet. <\/p>\n<p>Flere utforkj\u00f8ringer<\/p>\n<p class=\"paywall hyperion-css-1j42uic\">I \u00d8stfold, hovedsakelig p\u00e5 E6, er det litt v\u00e5tere, og enkelte steder er det meldt om store vannansamlinger. Ved 6-tiden onsdag skled et kj\u00f8ret\u00f8y av veien p\u00e5 E 6 ved Eidetunellen i Sarpsborg, mens flere trailere sto fast p\u00e5 E6 nordg\u00e5ende ved avkj\u00f8ringen til Assurdiagonalen.<\/p>\n<p class=\"paywall hyperion-css-1j42uic\">I Indre \u00d8stfold skled et kj\u00f8ret\u00f8y av veien p\u00e5 riksvei 22 nord for Skj\u00f8nnhaug, ogs\u00e5 det ved 6-tiden. Tidligere p\u00e5 natten fikk to vogntog problemer ved Kvikne og Stai p\u00e5 riksvei 3. Her m\u00e5tte veien stenges i perioder mens bergingsarbeid p\u00e5gikk.<\/p>\n<p>M\u00e5 regne med innstillinger og forsinkelser<\/p>\n<p class=\"paywall hyperion-css-1j42uic\">Kollektivselskapet Ruter, som kj\u00f8rer i Oslo og Akershus, anbefaler de som skal ut \u00e5 reise, \u00e5 beregne god tid og holde seg oppdatert i Ruters reiseplanlegger.<\/p>\n<p class=\"paywall hyperion-css-1j42uic\">P\u00e5 egne <a aria-label=\"nettsider\" class=\"breaking-short hyperion-css-1raymq9\" href=\"https:\/\/ruter.no\/\" target=\"_blank\" rel=\"noopener nofollow noreferrer\" data-test-tag=\"external-link\">nettsider<\/a> skriver de at reisende m\u00e5 regne med innstillinger og forsinkelser.<\/p>\n<p class=\"paywall hyperion-css-1j42uic\">Bane Nor har mobilisert ekstra mannskaper, men regner med det skal g\u00e5 greit \u00e5 holde togskinner \u00e5pne og tog i rute onsdag \u2013 s\u00e5framt ingen uforutsette hendelser oppst\u00e5r, skriver <a aria-label=\"Romerikes Blad\" class=\"breaking-short hyperion-css-1raymq9\" href=\"https:\/\/www.rb.no\/dette-kan-du-vente-deg-onsdag-morgen\/s\/5-43-2652469\" target=\"_blank\" rel=\"noopener nofollow noreferrer\" data-test-tag=\"external-link\">Romerikes Blad<\/a>.<\/p>\n<p class=\"paywall hyperion-css-1j42uic\">\u2013 Vi har tatt v\u00e5re forholdsregler. Med tanke p\u00e5 v\u00e6ret som er i gang og skal plage oss det n\u00e6rmeste d\u00f8gnet, s\u00e5 er det n\u00f8dvendig med ekstra gode forberedelser, sier pressevakt Harry Korslund.<\/p>\n<p class=\"paywall hyperion-css-1j42uic\">Slik er situasjonen p\u00e5 veiene i Oslo-omr\u00e5det n\u00e5:<\/p>\n","protected":false},"excerpt":{"rendered":"E18 ved Slependen er sperret og stengt p\u00e5 grunn av en trailer. P\u00e5 samme sted oppsto det en&hellip;\n","protected":false},"author":2,"featured_media":136854,"comment_status":"","ping_status":"","sticky":false,"template":"","format":"standard","meta":{"footnotes":""},"categories":[10],"tags":[20,21,24,25,15,22,23,13,30,28,29,14,16,26,27],"class_list":{"0":"post-136853","1":"post","2":"type-post","3":"status-publish","4":"format-standard","5":"has-post-thumbnail","7":"category-norge","8":"tag-breaking-news","9":"tag-breakingnews","10":"tag-featured-news","11":"tag-featurednews","12":"tag-headlines","13":"tag-latest-news","14":"tag-latestnews","15":"tag-news","16":"tag-no","17":"tag-norge","18":"tag-norway","19":"tag-nyheter","20":"tag-overskrifter","21":"tag-top-stories","22":"tag-topstories"},"share_on_mastodon":{"url":"https:\/\/pubeurope.com\/@no\/115892728782153093","error":""},"_links":{"self":[{"href":"https:\/\/www.europesays.com\/no\/wp-json\/wp\/v2\/posts\/136853","targetHints":{"allow":["GET"]}}],"collection":[{"href":"https:\/\/www.europesays.com\/no\/wp-json\/wp\/v2\/posts"}],"about":[{"href":"https:\/\/www.europesays.com\/no\/wp-json\/wp\/v2\/types\/post"}],"author":[{"embeddable":true,"href":"https:\/\/www.europesays.com\/no\/wp-json\/wp\/v2\/users\/2"}],"replies":[{"embeddable":true,"href":"https:\/\/www.europesays.com\/no\/wp-json\/wp\/v2\/comments?post=136853"}],"version-history":[{"count":0,"href":"https:\/\/www.europesays.com\/no\/wp-json\/wp\/v2\/posts\/136853\/revisions"}],"wp:featuredmedia":[{"embeddable":true,"href":"https:\/\/www.europesays.com\/no\/wp-json\/wp\/v2\/media\/136854"}],"wp:attachment":[{"href":"https:\/\/www.europesays.com\/no\/wp-json\/wp\/v2\/media?parent=136853"}],"wp:term":[{"taxonomy":"category","embeddable":true,"href":"https:\/\/www.europesays.com\/no\/wp-json\/wp\/v2\/categories?post=136853"},{"taxonomy":"post_tag","embeddable":true,"href":"https:\/\/www.europesays.com\/no\/wp-json\/wp\/v2\/tags?post=136853"}],"curies":[{"name":"wp","href":"https:\/\/api.w.org\/{rel}","templated":true}]}}