{"id":136861,"date":"2026-01-14T09:29:10","date_gmt":"2026-01-14T09:29:10","guid":{"rendered":"https:\/\/www.europesays.com\/no\/136861\/"},"modified":"2026-01-14T09:29:10","modified_gmt":"2026-01-14T09:29:10","slug":"iran-reza-pahlavi-irans-opposisjon-er-dypt-splittet-uklart-hvem-som-kan-erstatte-prestestyret-i-landet","status":"publish","type":"post","link":"https:\/\/www.europesays.com\/no\/136861\/","title":{"rendered":"Iran, Reza Pahlavi | Irans opposisjon er dypt splittet \u2013 uklart hvem som kan erstatte prestestyret i landet"},"content":{"rendered":"\n<p>Den iranske opposisjonen, b\u00e5de innad i landet og i eksil, er dypt splittet. Hvem som overtar makten dersom prestestyret faller, er derfor h\u00f8yst uklart.<\/p>\n<p>Den siste protestb\u00f8lgen i Iran ble utl\u00f8st av dyp misn\u00f8ye som f\u00f8lge av skyh\u00f8y inflasjon, en kraftig svekket valuta, kutt i subsidier og \u00f8kte levekostnader.<\/p>\n<p>Raseriet ble raskt rettet mot prestestyret og ayatolla Ali Khamenei, som svarte med maktbruk slik de ogs\u00e5 har gjort tidligere.<\/p>\n<p>Internett og telefonforbindelse med utlandet ble kuttet, og hundrevis av mennesker er drept av sikkerhetsstyrkene. Tusenvis av andre er fengslet.<\/p>\n<p>   <img decoding=\"async\" width=\"6000\" height=\"3333\" fetchpriority=\"low\"  loading=\"lazy\"  src=\"https:\/\/www.europesays.com\/no\/wp-content\/uploads\/2026\/01\/cueres_scp-yoiyurxgui_YOIYuRxG7uI.jpg\" alt=\"HYLLER SJAHEN: En demonstrant i Teheran viser bilde av Reza Pahlavi, s\u00f8nn av sjahen som ble styrtet i revolusjonen i 1979. \" class=\"brick-c-cFOWSL\" style=\"--brick-image-ratio: 6000 \/ 3333;\"\/><\/p>\n<p>      HYLLER SJAHEN: En demonstrant i Teheran viser bilde av Reza Pahlavi, s\u00f8nn av sjahen som ble styrtet i revolusjonen i 1979.<br \/>\n      Foto: AP\n    <\/p>\n<p>  \u2013 M\u00e5 organisere seg<\/p>\n<p>Hvilken framtid demonstrantene \u00f8nsker for Iran, er imidlertid uklart.<\/p>\n<p>\u2013 For at regimet skal falle, m\u00e5 demonstrantene organisere seg, sier Iran-ekspert Eirik Kvindesland. Han har doktorgrad i historie fra Oxford og er i dag post-doktor ved Institutt for Iran-studier ved Det \u00f8sterrikske vitenskapsakademi i Wien.<\/p>\n<p><b>Les ogs\u00e5: <a class=\"simple-relation related-teaser article--c-eRUmMG article--c-eRUmMG-fZoQSp-design-nettavisen article--c-eRUmMG-gwthdJ-cv\" href=\"https:\/\/www.nettavisen.no\/iran-haper-de-klarer-det-uten-trumps-hjelp\/s\/5-95-2816221\" rel=\"nofollow noopener\" target=\"_blank\">Iran: \u2013 H\u00e5per de klarer det uten Trumps hjelp<\/a><\/b><\/p>\n<p>Trump-trusler<\/p>\n<p>Dersom president Donald Trump gj\u00f8r alvor av sine truslene om \u00e5 gripe inn milit\u00e6rt, har han vansker for \u00e5 se at det vil st\u00f8tte demonstrantene.<\/p>\n<p>\u2013 Det vil tvert imot f\u00f8re Iran ut i krig og total unntakstilstand, og da vil statsapparatet gj\u00f8re det de finner n\u00f8dvendig uten \u00e5 ta hensyn til demonstranter, sier Kvindesland.<\/p>\n<p>   <img decoding=\"async\" width=\"1406\" height=\"791\" fetchpriority=\"low\"  loading=\"lazy\"  src=\"https:\/\/www.europesays.com\/no\/wp-content\/uploads\/2026\/01\/20260113_Truth_Social_MIGA_Skjermbilde+2026-01-14+084315_16-9.jpg\" alt=\"\u2013 Fortsett protestene, ta over institusjonene! var oppfordringen fra USAs president Donald Trump til iranere 13. januar. Samtidig lovet han at \u00abhjelp er p\u00e5 vei\u00bb og skrev \u00abMIGA\u00bb (Make Iran Great Again).\" class=\"brick-c-cFOWSL\" style=\"--brick-image-ratio: 1406 \/ 791;\"\/><\/p>\n<p>      LOVER HJELP: \u2013 Fortsett protestene, ta over institusjonene! var oppfordringen fra USAs president Donald Trump til iranere 13. januar. Samtidig lovet han at \u00abhjelp er p\u00e5 vei\u00bb og skrev \u00abMIGA\u00bb (Make Iran Great Again).<br \/>\n      Foto: Faksimile\n    <\/p>\n<p><b>Les ogs\u00e5: <a class=\"simple-relation related-teaser article--c-eRUmMG article--c-eRUmMG-fZoQSp-design-nettavisen article--c-eRUmMG-gwthdJ-cv\" href=\"https:\/\/www.nettavisen.no\/trump-utsending-i-hemmelig-mote-med-sonnen-til-irans-siste-monark\/s\/5-95-2823401\" rel=\"nofollow noopener\" target=\"_blank\">Trump-utsending i hemmelig m\u00f8te med s\u00f8nnen til Irans siste monark<\/a><\/b><\/p>\n<p>Monarkister<\/p>\n<p>Noen av demonstrantene har b\u00e5ret bilder Reza Pahlavi, s\u00f8nn av sjahen som ble styrtet under den iranske revolusjonen i 1979.<\/p>\n<p>65 \u00e5r gamle Pahlavi lever i dag i Washington og omtales av iranske monarkister som kronprins. Han har oppmuntret iranerne til \u00e5 felle regimet, og skrev nylig i <a href=\"https:\/\/www.washingtonpost.com\/opinions\/2026\/01\/06\/pahlavi-iran-democracy-transition-planning\/\" rel=\"nofollow noopener\" target=\"_blank\">Washington Post<\/a> at han \u00f8nsket og returnere for \u00e5 lede Iran i en overgangsperiode.<\/p>\n<p>Selv om Pahlavi har mange tilhengere blant eksiliranere, er det uklart hvor mange iranere som \u00f8nsker \u00e5 gjeninnf\u00f8re monarkiet.<\/p>\n<p>\u2013 Pahlavis status er i ganske stor grad drevet av israelsk p\u00e5virkning, sier Kvindesland.<\/p>\n<p>\u2013 Mange i eksil som st\u00f8tter Pahlavi, har aldri har bodd i Iran, eller forlot landet under krigen mot Irak p\u00e5 1980-tallet. De er selvf\u00f8lgelig i sin fulle rett til \u00e5 st\u00f8tte ham, men man skal ikke undervurdere at de fleste har sin informasjon fra opposisjonsmedier. Siden de har v\u00e6rt lenge utenfor Iran, har eksilbevegelsen ogs\u00e5 begrenset forst\u00e5else for den indre politikken i Den islamske republikken, mener han.<\/p>\n<p><b>Les ogs\u00e5: <a class=\"simple-relation related-teaser article--c-eRUmMG article--c-eRUmMG-fZoQSp-design-nettavisen article--c-eRUmMG-gwthdJ-cv\" href=\"https:\/\/www.nettavisen.no\/trump-med-nye-trusler-mot-regimet-i-iran\/s\/5-95-2823548\" rel=\"nofollow noopener\" target=\"_blank\">Trump med nye trusler mot regimet i Iran<\/a><\/b><\/p>\n<p>\u2013 Ekkokammer<\/p>\n<p>Professor Maziyar Ghiabi, som er direkt\u00f8r ved Senteret for persiske og iranske studier ved universitetet i Exeter i Storbritannia, tror ogs\u00e5 at oppslutningen om Pahlavi er begrenset i Iran.<\/p>\n<p>\u2013 Oppfordringer om sjahens retur kommer fra et ekkokammer i sosiale medier, der monarkister har en tendens til \u00e5 v\u00e6re veldig sterke, sa Ghiabi nylig til <a href=\"https:\/\/news.sky.com\/story\/iran-latest-protests-live-13492391?postid=10830138#liveblog-body\" rel=\"nofollow noopener\" target=\"_blank\">Sky News<\/a>.<\/p>\n<p>Monarkistene er ogs\u00e5 splittet mellom dem som vil ha et persisk monarki som under sjahen og andre som i likhet med Pahlavi tar til orde for et mer sekul\u00e6rt, inkluderende og demokratisk monarki.<\/p>\n<p><b>Les ogs\u00e5: <a class=\"simple-relation related-teaser article--c-eRUmMG article--c-eRUmMG-fZoQSp-design-nettavisen article--c-eRUmMG-gwthdJ-cv\" href=\"https:\/\/www.nettavisen.no\/blodig-oppror-ingen-enkel-losning\/s\/5-95-2820968\" rel=\"nofollow noopener\" target=\"_blank\">Blodig oppr\u00f8r: \u2013 Ingen enkel l\u00f8sning<\/a><\/b><\/p>\n<p>Folkets mujahedin<\/p>\n<p>Folkets mujahedin (MeK) ble dannet som en islamsk-marxistisk gruppe i Iran p\u00e5 1960-tallet og har opp gjennom \u00e5rene benyttet en rekke navn og forkortelser.<\/p>\n<p>MeK sto p\u00e5 1970-tallet bak flere attentater og angrep mot regimet og deres amerikanske st\u00f8ttespillere, og var med p\u00e5 \u00e5 bringe ayatolla Khomeini til makten.<\/p>\n<p>Etter \u00e5 ha r\u00f8ket uklar med Khomeini, etablerte de base i Irak, og p\u00e5 1980-tallet kjempet de p\u00e5 Iraks side i krigen mot Iran. Det har f\u00e5tt mange iranere til \u00e5 hate dem, if\u00f8lge eksperter som <a href=\"https:\/\/www.aei.org\/op-eds\/why-do-iranians-hate-the-mujahedin-e-khalq-so-much\/\" rel=\"nofollow noopener\" target=\"_blank\">Michael Rubin ved tankesmia American Enterprise Institute<\/a>.<\/p>\n<p>MeK sto lenge p\u00e5 USAs liste over terroristorganisasjoner, men ble etter omfattende lobbyvirksomhet og med st\u00f8tte fra hauker i det republikanske partiet fjernet fra lista i 2012.<\/p>\n<p>I 2016 ble de kastet ut av Irak og fikk da med USAs hjelp etablere base i Albania. MeK ledes av 72 \u00e5r gamle Maryam Rajavi og st\u00e5r sterkt i det iranske eksilmilj\u00f8et.<\/p>\n<p>\u2013 MeK er en kultlignende bevegelse, og jeg tviler p\u00e5 om noen i det iranske folk vil jobbe sammen med dem, sier Kvindesland.<\/p>\n<p>Etniske grupper<\/p>\n<p>Irans kurdiske og balutsjiske minoriteter, som i hovedsak er sunnimuslimer, har ofte v\u00e6rt i konflikt med det sjiamuslimske prestestyret.<\/p>\n<p>Balutsjere lever i grenseomr\u00e5dene mellom Iran, Pakistan og det s\u00f8rlige Afghanistan og har sitt eget spr\u00e5k. Flere militante separatistgrupper er aktive der, og noen av dem har b\u00e5nd til al-Qaida.<\/p>\n<p>Kurderne utgj\u00f8r flertallet vest i Iran, og ogs\u00e5 der har flere grupper gjort oppr\u00f8r mot myndighetene.<\/p>\n<p>Under tidligere protestb\u00f8lger har det ofte g\u00e5tt hardest for seg i disse to omr\u00e5dene, men det fins ingen samlet opposisjonsbevegelse der.<\/p>\n<p>Den gr\u00f8nne bevegelse<\/p>\n<p>Hundretusener av iranere har opp gjennom \u00e5rene deltatt i masseprotester mot regimet. Etter presidentvalget i 2009, der Mahmoud Ahmadinejad ble gjenvalgt, fylte demonstranter gatene i mange byer og anklaget myndighetene for valgfusk.<\/p>\n<p>Den gr\u00f8nne bevegelsen fikk mye internasjonal oppmerksomhet og vekket h\u00e5p om et mer demokratisk Iran, men ble knust av regimet.<\/p>\n<p>Opposisjonen dav\u00e6rende presidentkandidat, tidligere statsminister Mir Hossein Mousavi, ble satt i husarrest sammen med en rekke andre politikere. F\u00f8rst i fjor slapp 83-\u00e5ringen ut.<\/p>\n<p>Bevegelsen, som krevde demokratiske reformer innenfor landets eksisterende system, er ikke lenger aktiv.<\/p>\n<p>Kvinne, liv, frihet<\/p>\n<p>H\u00f8sten 2022 br\u00f8t det ut nye masseprotester i Iran etter at den 22 \u00e5r gamle kurdiske kvinnen Mahsa Amini d\u00f8de i det s\u00e5kalte moralpolitiets varetekt. Det skjedde etter at hun ble stanset p\u00e5 gata i Teheran og anklaget for brudd p\u00e5 islamsk kleskode.<\/p>\n<p>Protestene fokuserte den gang p\u00e5 kvinners rettigheter, og bevegelsen \u00abKvinne, liv, frihet\u00bb fikk stor oppmerksomhet og st\u00f8tte internasjonalt.<\/p>\n<p>Regimet svarte nok en gang med voldsbruk. Revolusjonsgarden, oppr\u00f8rspolitiet og den halvmilit\u00e6re basij-styrken ble satt inn, og n\u00e6rmere 500 demonstranter ble drept. Flere tusen ble arrestert.<\/p>\n<p>Den iranske journalisten og menneskerettsaktivisten Narges Mohammadi ble i 2023 bel\u00f8nnet med Nobels fredspris for sin rolle under protestene. 53-\u00e5ringen er fortsatt aktiv, men er fengslet en rekke ganger og har fortalt at hun har sviktende helse.<\/p>\n<p>\u2013 Mye bedre posisjonert<\/p>\n<p>Hvem som eventuelt kan overta makten etter det iranske prestestyret, i et land med over 90 millioner innbyggere, er derfor h\u00f8yst uklart.<\/p>\n<p>\u2013 Den islamske republikken er et mangehodet troll. Noen av lederne er utnevnt, og noen er demokratisk valgt, og det trekkes i ganske mange ulike retninger, sier Kvindesland.<\/p>\n<p>De som er p\u00e5 innsiden av systemet, er mye bedre posisjonert til \u00e5 ta makt enn de som demonstrerer i gatene, mener han.<\/p>\n<p>\u2013 Dersom regimet kommer i en skikkelig krise, er det presidenten og den valgte regjeringen som er best posisjonert. De vil trolig benytte anledningen til \u00e5 reformere den islamske republikken, muligens i mer demokratisk retning, tror Kvindesland.<\/p>\n<p>(\u00a9NTB)<\/p>\n<p>    Vil du se neste video?<\/p>\n<p>    <a href=\"https:\/\/www.nettavisen.no\/nyheter\/pete-hegseth-avbryter-plutselig-marco-rubio-klikker-pa-direkten\/v\/5-95-2813524\" class=\"recommend-poster\" data-adp-clicklabel=\"video-recommend\" data-adp-clickvalue=\"poster\" rel=\"nofollow noopener\" target=\"_blank\"><br \/>\n      <img decoding=\"async\" width=\"200\" height=\"200\" loading=\"lazy\" src=\"https:\/\/www.europesays.com\/no\/wp-content\/uploads\/2026\/01\/Hegseth+til+cue.jpg\" alt=\"\" class=\"brick-c-cFOWSL\" style=\"--brick-image-ratio: 200 \/ 200;\"\/><\/p>\n<p>Avbryter plutselig: Klikker p\u00e5 direkten1:05<\/p>\n<p>    <\/a><\/p>\n<p>        Reza Pahlavi (65) er s\u00f8nn av Irans siste monark. Dette sier han om protestene.<\/p>\n<p><b>Les ogs\u00e5: <a class=\"simple-relation related-teaser article--c-eRUmMG article--c-eRUmMG-fZoQSp-design-nettavisen article--c-eRUmMG-gwthdJ-cv\" href=\"https:\/\/www.nettavisen.no\/fredsprisvinner-frykter-massakre-i-iran\/s\/5-95-2818099\" rel=\"nofollow noopener\" target=\"_blank\">Fredsprisvinner frykter massakre i Iran<\/a><\/b><\/p>\n","protected":false},"excerpt":{"rendered":"Den iranske opposisjonen, b\u00e5de innad i landet og i eksil, er dypt splittet. Hvem som overtar makten dersom&hellip;\n","protected":false},"author":2,"featured_media":136862,"comment_status":"","ping_status":"","sticky":false,"template":"","format":"standard","meta":{"footnotes":""},"categories":[12],"tags":[20,21,24,25,15,22,23,13,30,28,29,14,16,26,27,42,43,44,45],"class_list":{"0":"post-136861","1":"post","2":"type-post","3":"status-publish","4":"format-standard","5":"has-post-thumbnail","7":"category-verden","8":"tag-breaking-news","9":"tag-breakingnews","10":"tag-featured-news","11":"tag-featurednews","12":"tag-headlines","13":"tag-latest-news","14":"tag-latestnews","15":"tag-news","16":"tag-no","17":"tag-norge","18":"tag-norway","19":"tag-nyheter","20":"tag-overskrifter","21":"tag-top-stories","22":"tag-topstories","23":"tag-verden","24":"tag-world","25":"tag-world-news","26":"tag-worldnews"},"share_on_mastodon":{"url":"https:\/\/pubeurope.com\/@no\/115892752492359474","error":""},"_links":{"self":[{"href":"https:\/\/www.europesays.com\/no\/wp-json\/wp\/v2\/posts\/136861","targetHints":{"allow":["GET"]}}],"collection":[{"href":"https:\/\/www.europesays.com\/no\/wp-json\/wp\/v2\/posts"}],"about":[{"href":"https:\/\/www.europesays.com\/no\/wp-json\/wp\/v2\/types\/post"}],"author":[{"embeddable":true,"href":"https:\/\/www.europesays.com\/no\/wp-json\/wp\/v2\/users\/2"}],"replies":[{"embeddable":true,"href":"https:\/\/www.europesays.com\/no\/wp-json\/wp\/v2\/comments?post=136861"}],"version-history":[{"count":0,"href":"https:\/\/www.europesays.com\/no\/wp-json\/wp\/v2\/posts\/136861\/revisions"}],"wp:featuredmedia":[{"embeddable":true,"href":"https:\/\/www.europesays.com\/no\/wp-json\/wp\/v2\/media\/136862"}],"wp:attachment":[{"href":"https:\/\/www.europesays.com\/no\/wp-json\/wp\/v2\/media?parent=136861"}],"wp:term":[{"taxonomy":"category","embeddable":true,"href":"https:\/\/www.europesays.com\/no\/wp-json\/wp\/v2\/categories?post=136861"},{"taxonomy":"post_tag","embeddable":true,"href":"https:\/\/www.europesays.com\/no\/wp-json\/wp\/v2\/tags?post=136861"}],"curies":[{"name":"wp","href":"https:\/\/api.w.org\/{rel}","templated":true}]}}