{"id":136863,"date":"2026-01-14T09:30:19","date_gmt":"2026-01-14T09:30:19","guid":{"rendered":"https:\/\/www.europesays.com\/no\/136863\/"},"modified":"2026-01-14T09:30:19","modified_gmt":"2026-01-14T09:30:19","slug":"rykker-ut-til-roykutvikling-i-bat","status":"publish","type":"post","link":"https:\/\/www.europesays.com\/no\/136863\/","title":{"rendered":"Rykker ut til r\u00f8ykutvikling i b\u00e5t"},"content":{"rendered":"<p data-testid=\"textWithMarkup-text\" data-v-81d7dc2b=\"\" data-v-62d58f52=\"\">Klokka 00:24 natt til onsdag melder Vest politidistrikt at naudetatane rykker ut til Nordfjordeid etter melding om r\u00f8ykutvikling i ein b\u00e5t.<\/p>\n<p data-testid=\"textWithMarkup-text\" data-v-81d7dc2b=\"\" data-v-62d58f52=\"\">\u2013 Naudetatane er p\u00e5 veg etter melding om r\u00f8ykutvikling fr\u00e5 ein b\u00e5t som ligg til kai, opplyser operasjonsleiar Bjarte Rebnord.<\/p>\n<p data-testid=\"textWithMarkup-text\" data-v-81d7dc2b=\"\" data-v-62d58f52=\"\">R\u00f8ykutviklinga skal kome fr\u00e5 ein oljefyr, opplyser politiet.<\/p>\n<p data-testid=\"textWithMarkup-text\" data-v-81d7dc2b=\"\" data-v-62d58f52=\"\">Operasjonsleiaren fortel at det skal vere snakk om ein 35 fots b\u00e5t i Sm\u00e5b\u00e5thamna p\u00e5 Nordfjordeid.<\/p>\n<p data-testid=\"textWithMarkup-text\" data-v-81d7dc2b=\"\" data-v-62d58f52=\"\">\u2013 Per no er det ingen opne flammar, men det er h\u00f8g temperatur, og brannvesenet er p\u00e5 staden og jobbar med \u00e5 f\u00e5 ned temperaturen, seier han.<\/p>\n<p data-testid=\"textWithMarkup-text\" data-v-81d7dc2b=\"\" data-v-62d58f52=\"\">If\u00f8lge politiet skal det ha vore ein person i b\u00e5ten, og ein som kom til.<\/p>\n<p data-testid=\"textWithMarkup-text\" data-v-81d7dc2b=\"\" data-v-62d58f52=\"\">Dei blei seinare frakta vekk med ambulanse.<\/p>\n<p data-testid=\"textWithMarkup-text\" data-v-81d7dc2b=\"\" data-v-62d58f52=\"\">Klokka 01.32 melde politiet at brannvesenet hadde f\u00e5tt ut r\u00f8yken og avslutta oppdraget.<\/p>\n","protected":false},"excerpt":{"rendered":"Klokka 00:24 natt til onsdag melder Vest politidistrikt at naudetatane rykker ut til Nordfjordeid etter melding om r\u00f8ykutvikling&hellip;\n","protected":false},"author":2,"featured_media":136864,"comment_status":"","ping_status":"","sticky":false,"template":"","format":"standard","meta":{"footnotes":""},"categories":[10],"tags":[20,21,24,25,15,22,23,13,30,28,29,14,16,26,27],"class_list":{"0":"post-136863","1":"post","2":"type-post","3":"status-publish","4":"format-standard","5":"has-post-thumbnail","7":"category-norge","8":"tag-breaking-news","9":"tag-breakingnews","10":"tag-featured-news","11":"tag-featurednews","12":"tag-headlines","13":"tag-latest-news","14":"tag-latestnews","15":"tag-news","16":"tag-no","17":"tag-norge","18":"tag-norway","19":"tag-nyheter","20":"tag-overskrifter","21":"tag-top-stories","22":"tag-topstories"},"share_on_mastodon":{"url":"https:\/\/pubeurope.com\/@no\/115892756368509691","error":""},"_links":{"self":[{"href":"https:\/\/www.europesays.com\/no\/wp-json\/wp\/v2\/posts\/136863","targetHints":{"allow":["GET"]}}],"collection":[{"href":"https:\/\/www.europesays.com\/no\/wp-json\/wp\/v2\/posts"}],"about":[{"href":"https:\/\/www.europesays.com\/no\/wp-json\/wp\/v2\/types\/post"}],"author":[{"embeddable":true,"href":"https:\/\/www.europesays.com\/no\/wp-json\/wp\/v2\/users\/2"}],"replies":[{"embeddable":true,"href":"https:\/\/www.europesays.com\/no\/wp-json\/wp\/v2\/comments?post=136863"}],"version-history":[{"count":0,"href":"https:\/\/www.europesays.com\/no\/wp-json\/wp\/v2\/posts\/136863\/revisions"}],"wp:featuredmedia":[{"embeddable":true,"href":"https:\/\/www.europesays.com\/no\/wp-json\/wp\/v2\/media\/136864"}],"wp:attachment":[{"href":"https:\/\/www.europesays.com\/no\/wp-json\/wp\/v2\/media?parent=136863"}],"wp:term":[{"taxonomy":"category","embeddable":true,"href":"https:\/\/www.europesays.com\/no\/wp-json\/wp\/v2\/categories?post=136863"},{"taxonomy":"post_tag","embeddable":true,"href":"https:\/\/www.europesays.com\/no\/wp-json\/wp\/v2\/tags?post=136863"}],"curies":[{"name":"wp","href":"https:\/\/api.w.org\/{rel}","templated":true}]}}