{"id":136868,"date":"2026-01-14T09:35:21","date_gmt":"2026-01-14T09:35:21","guid":{"rendered":"https:\/\/www.europesays.com\/no\/136868\/"},"modified":"2026-01-14T09:35:21","modified_gmt":"2026-01-14T09:35:21","slug":"ukraina-mottar-lynx-kf41-stormpanservogner-fra-tyskland-i-2026","status":"publish","type":"post","link":"https:\/\/www.europesays.com\/no\/136868\/","title":{"rendered":"Ukraina mottar Lynx KF41 stormpanservogner fra Tyskland i 2026"},"content":{"rendered":"<p class=\"kicker t15 font-weight-bold m-font-weight-bold color_mobile_no_bg_color quaternary color_mobile_quaternary font-Trim text-case-transform-upper mobile-hasTextPadding\" style=\"\">Tyskland<\/p>\n<p>    Tyskland blar opp og s\u00f8rger for at det ukrainske forsvaret f\u00e5r tatt i bruk Lynx stormpanservogner.\u00a0<\/p>\n<p>\n        TIL UKRAINA: Rheinmetall viste fram en versjon av sin Lynx stormpanservogn under en messe i Tsjekkia i oktober 2021. N\u00e5 skal Ukraina f\u00e5 fem slike, med f\u00f8rste levering allerede \u00abtidlig i 2026\u00bb.<br \/>\n        Foto: Vaclav Salek, CTK Photo, NTB\n    <\/p>\n<p>Allerede \u00abtidlig i 2026\u00bb mottar Ukraina sin f\u00f8rste Lynx KF41 stormpanservogn. Vognene leveres av Rheinmetall og det er Tyskland som betaler.\u00a0<\/p>\n<p>\u2013 Vi er takknemlige for tilliten Ukraina har vist oss, sier Armin Papperger, administrerende direkt\u00f8r i Rheinmetall.\u00a0<\/p>\n<p>Det skriver kj\u00f8ret\u00f8y- og v\u00e5penprodusenten Rheinmetall i en <a href=\"https:\/\/www.rheinmetall.com\/en\/media\/news-watch\/news\/2026\/01\/2026-01-12-rheinmetall-supplies-lynx-to-ukraine\" target=\"_blank\" rel=\"nofollow noopener\">pressemelding<\/a>.<\/p>\n<p>I f\u00f8rste omgang er det snakk om fem stormpanservogner til rundt 50 millioner euro, eller omtrent 590 millioner norske kroner. <\/p>\n<p>\u00c9n Lynx ble levert til Ukraina allerede i 2024, men for evalueringsform\u00e5l, if\u00f8lge <a href=\"https:\/\/www.defensenews.com\/global\/europe\/2026\/01\/12\/rheinmetalls-lynx-fighting-vehicles-could-soon-see-combat-in-ukraine\/\" target=\"_blank\" rel=\"nofollow noopener\">Defense News<\/a>.\u00a0<\/p>\n<p>Det ukrainske forsvaret skal ha gjennomf\u00f8rt omfattende tester av kj\u00f8ret\u00f8yet.\u00a0<\/p>\n<p>Stormpanservognene skal konfigureres spesielt for Ukrainas behov, og blant annet v\u00e6re utstyrt med Lance kanont\u00e5rn, som bemannes av to soldater \u2013 av vognkommand\u00f8r og skytter, p\u00e5 samme m\u00e5te som blant annet CV90 og Leopard.\u00a0<\/p>\n<p>                <img decoding=\"async\" src=\"https:\/\/www.europesays.com\/no\/wp-content\/uploads\/2026\/01\/477918.webp.jpeg\" width=\"480\" height=\"322\" title=\"UNGARN F\u00d8RST UT: Ungarns forsvarsminister Kristof Szalay-Bobrovniczky under en seremoni for \u00e5 markere at de f\u00f8rste Lynx stormpanservognene var produsert, i oktober 2022. F\u00f8rst i desember 2025 ble de f\u00f8rste tatt i operativ bruk.\" alt=\"\" loading=\"lazy\" style=\"\"\/><\/p>\n<p>\n            UNGARN F\u00d8RST UT: Ungarns forsvarsminister Kristof Szalay-Bobrovniczky under en seremoni for \u00e5 markere at de f\u00f8rste Lynx stormpanservognene var produsert, i oktober 2022. F\u00f8rst i desember 2025 ble de f\u00f8rste tatt i operativ bruk.<br \/>\n            Foto: Szilard Koszticsak, MTI, NTB\n        <\/p>\n<p>N\u00e5r de nye stormpanservognene tas i bruk, blir Ukraina det andre landet i verden som bruker plattformen. Kun Ungarn har kommet dem i forkj\u00f8pet, da de tok i bruk sine f\u00f8rste vogner i desember 2025. Ungarn skal ha totalt 218 vogner innen 2029, hvorav de fleste skal produseres i Ungarn.\u00a0<\/p>\n<p>If\u00f8lge Rheinmetall er \u00abneste steg\u00bb \u00e5 sikre flere leveranser til Ukraina, og f\u00e5 i gang produksjon av Lynx i Ukraina. De \u00f8nsker ogs\u00e5 \u00e5 etablere produksjonslinjer for pansrede personellkj\u00f8ret\u00f8y av typen Fuchs og Panther stridsvogner i Ukraina.\u00a0<\/p>\n","protected":false},"excerpt":{"rendered":"Tyskland Tyskland blar opp og s\u00f8rger for at det ukrainske forsvaret f\u00e5r tatt i bruk Lynx stormpanservogner.\u00a0 TIL&hellip;\n","protected":false},"author":2,"featured_media":136869,"comment_status":"","ping_status":"","sticky":false,"template":"","format":"standard","meta":{"footnotes":""},"categories":[56],"tags":[60,61,62,30,28,29],"class_list":{"0":"post-136868","1":"post","2":"type-post","3":"status-publish","4":"format-standard","5":"has-post-thumbnail","7":"category-naeringsliv","8":"tag-business","9":"tag-economy","10":"tag-naeringsliv","11":"tag-no","12":"tag-norge","13":"tag-norway"},"share_on_mastodon":{"url":"https:\/\/pubeurope.com\/@no\/115892776031224634","error":""},"_links":{"self":[{"href":"https:\/\/www.europesays.com\/no\/wp-json\/wp\/v2\/posts\/136868","targetHints":{"allow":["GET"]}}],"collection":[{"href":"https:\/\/www.europesays.com\/no\/wp-json\/wp\/v2\/posts"}],"about":[{"href":"https:\/\/www.europesays.com\/no\/wp-json\/wp\/v2\/types\/post"}],"author":[{"embeddable":true,"href":"https:\/\/www.europesays.com\/no\/wp-json\/wp\/v2\/users\/2"}],"replies":[{"embeddable":true,"href":"https:\/\/www.europesays.com\/no\/wp-json\/wp\/v2\/comments?post=136868"}],"version-history":[{"count":0,"href":"https:\/\/www.europesays.com\/no\/wp-json\/wp\/v2\/posts\/136868\/revisions"}],"wp:featuredmedia":[{"embeddable":true,"href":"https:\/\/www.europesays.com\/no\/wp-json\/wp\/v2\/media\/136869"}],"wp:attachment":[{"href":"https:\/\/www.europesays.com\/no\/wp-json\/wp\/v2\/media?parent=136868"}],"wp:term":[{"taxonomy":"category","embeddable":true,"href":"https:\/\/www.europesays.com\/no\/wp-json\/wp\/v2\/categories?post=136868"},{"taxonomy":"post_tag","embeddable":true,"href":"https:\/\/www.europesays.com\/no\/wp-json\/wp\/v2\/tags?post=136868"}],"curies":[{"name":"wp","href":"https:\/\/api.w.org\/{rel}","templated":true}]}}