{"id":136877,"date":"2026-01-14T09:45:01","date_gmt":"2026-01-14T09:45:01","guid":{"rendered":"https:\/\/www.europesays.com\/no\/136877\/"},"modified":"2026-01-14T09:45:01","modified_gmt":"2026-01-14T09:45:01","slug":"okonomi-og-naeringsliv-arbeidsliv-rekordsummer-pa-veg-for-deg-som-er-medlem-ringsaker-blad","status":"publish","type":"post","link":"https:\/\/www.europesays.com\/no\/136877\/","title":{"rendered":"\u00d8konomi og n\u00e6ringsliv, Arbeidsliv | Rekordsummer p\u00e5 veg for deg som er medlem &#8211; Ringsaker Blad"},"content":{"rendered":"<ol>\n<li><a href=\"https:\/\/news.google.com\/rss\/articles\/CBMijgFBVV95cUxNUzNvWDhHWWY4NlpadXdGVDl3cUdwREhITXBMZVRJSGtYaUEyMFNsWkVycHdISUM5SVo3cVEwM1U4NFo3MHIzZU5SajU0UXM2Q1M2cjAtdnFvUlltTk90RFphYjhHcGs1NnRFWWh4SjlRaGJlR3FDa1RGSC00UVpkbGZydE9kaDZJMnpCbEtn?oc=5\" target=\"_blank\" rel=\"nofollow noopener\">\u00d8konomi og n\u00e6ringsliv, Arbeidsliv | Rekordsummer p\u00e5 veg for deg som er medlem<\/a>&nbsp;&nbsp;Ringsaker Blad<\/li>\n<li><a href=\"https:\/\/news.google.com\/rss\/articles\/CBMirgFBVV95cUxPT0JHaFRSZExJdG1uNXp2X0lLdlViUlprUFFhS0lnTDFtQVRidE9DeVVsQUJFU0VyWWJvZzFLbkotUF8xcVNHWVNiUUR3enhCNk5Rd0dDdWtSQmQ3R3llVTR0bGJoN19tRFVzWGlBZU9zNGtCUmt5V0J1N29LUTBkMmpISGx6TWZqVzRJNkxXODM3TTYxa2tsSUF2aHU4d3Z0UDNmSWVRZDZTRVU0Q2c?oc=5\" target=\"_blank\" rel=\"nofollow noopener\">Sjekk de lokale bel\u00f8pene &#8211; n\u00e5 deler Torbj\u00f8rn ut 35 millioner<\/a>&nbsp;&nbsp;bladet.no<\/li>\n<li><a href=\"https:\/\/news.google.com\/rss\/articles\/CBMiekFVX3lxTE5WdEtpNEJrbTZxREdHRWNneVhsX0JxVVotZUxralFPcW9SY3pJUGE1Ympsa3dsYlMtMEVscjdfZ2RYcnVkRlByM2ZQQzFiWUFyZE1RakNBZjdFMVhmcms2OExOUHJhYmt0OUdGMDlVV19ZVXctS3FlSUlB?oc=5\" target=\"_blank\" rel=\"nofollow noopener\">7,6 mill til Coop-kunder i Alstahaug<\/a>&nbsp;&nbsp;Helgelands Blad<\/li>\n<li><a href=\"https:\/\/news.google.com\/rss\/articles\/CBMilgFBVV95cUxPaW1ISHdIOUM5VmJOYVo1SEpHUXBubUJ2eHRYM3hoOUVhVUE0NGo1OVE0b1JHMkxqcmFQN052c1VXcWNKdkVaVVVhdDE1bFRvczktOTZDRlZyNGhGVnFiVnhDaU1VeXFxOERPd2t5eG5fZTJzLVNOeFJTU0tZcWo4X05XN3ZTZkdjWXRsV0VZc0JMZTVseXc?oc=5\" target=\"_blank\" rel=\"nofollow noopener\">Se hvor mange millioner som havnet p\u00e5 konto i N\u00e6r\u00f8ysund<\/a>&nbsp;&nbsp;Ytringen<\/li>\n<li><a href=\"https:\/\/news.google.com\/rss\/articles\/CBMipgFBVV95cUxNWXZ3aDJwMXJxVG9rTTFfc0NQS0dqdEx4dzh4NXFYZUc4YWdqb2hyX3hVYUR6cGtsSlJJT1N1c25aRFFpU2pWeWdVTk04MWV4TXl4ck05OGlqeUZrejBGY25CM2s4VUdfb1lvR3I3ZmQ4dUlodVdoT0tudmpzR1BZTEVESThpYmRJdUxrOWV4V0tvLWF1Z3pta1pLWk83TjFVb29pa2RB?oc=5\" target=\"_blank\" rel=\"nofollow noopener\">N\u00e5 kommer over 20 millioner p\u00e5 konto til stj\u00f8rdalingene<\/a>&nbsp;&nbsp;s-n.no<\/li>\n<\/ol>\n","protected":false},"excerpt":{"rendered":"\u00d8konomi og n\u00e6ringsliv, Arbeidsliv | Rekordsummer p\u00e5 veg for deg som er medlem&nbsp;&nbsp;Ringsaker Blad Sjekk de lokale bel\u00f8pene&hellip;\n","protected":false},"author":2,"featured_media":136878,"comment_status":"","ping_status":"","sticky":false,"template":"","format":"standard","meta":{"footnotes":""},"categories":[56],"tags":[60,61,62,30,28,29],"class_list":{"0":"post-136877","1":"post","2":"type-post","3":"status-publish","4":"format-standard","5":"has-post-thumbnail","7":"category-naeringsliv","8":"tag-business","9":"tag-economy","10":"tag-naeringsliv","11":"tag-no","12":"tag-norge","13":"tag-norway"},"share_on_mastodon":{"url":"","error":""},"_links":{"self":[{"href":"https:\/\/www.europesays.com\/no\/wp-json\/wp\/v2\/posts\/136877","targetHints":{"allow":["GET"]}}],"collection":[{"href":"https:\/\/www.europesays.com\/no\/wp-json\/wp\/v2\/posts"}],"about":[{"href":"https:\/\/www.europesays.com\/no\/wp-json\/wp\/v2\/types\/post"}],"author":[{"embeddable":true,"href":"https:\/\/www.europesays.com\/no\/wp-json\/wp\/v2\/users\/2"}],"replies":[{"embeddable":true,"href":"https:\/\/www.europesays.com\/no\/wp-json\/wp\/v2\/comments?post=136877"}],"version-history":[{"count":0,"href":"https:\/\/www.europesays.com\/no\/wp-json\/wp\/v2\/posts\/136877\/revisions"}],"wp:featuredmedia":[{"embeddable":true,"href":"https:\/\/www.europesays.com\/no\/wp-json\/wp\/v2\/media\/136878"}],"wp:attachment":[{"href":"https:\/\/www.europesays.com\/no\/wp-json\/wp\/v2\/media?parent=136877"}],"wp:term":[{"taxonomy":"category","embeddable":true,"href":"https:\/\/www.europesays.com\/no\/wp-json\/wp\/v2\/categories?post=136877"},{"taxonomy":"post_tag","embeddable":true,"href":"https:\/\/www.europesays.com\/no\/wp-json\/wp\/v2\/tags?post=136877"}],"curies":[{"name":"wp","href":"https:\/\/api.w.org\/{rel}","templated":true}]}}